{"id":3748,"date":"2014-12-22T10:26:33","date_gmt":"2014-12-22T08:26:33","guid":{"rendered":"http:\/\/www.luxorbis.org\/friedensplattform.at\/?p=3747"},"modified":"2014-12-22T10:26:33","modified_gmt":"2014-12-22T08:26:33","slug":"k-mellenthin-ueber-pegida","status":"publish","type":"post","link":"https:\/\/www.friedensplattform.at\/?p=3748","title":{"rendered":"K.Mellenthin &#252;ber Pegida"},"content":{"rendered":"<p>Gegen \u00bbIslamisierung\u00ab wird seit Oktober in Dresden protestiert, ohne  dass die Veranstalter bisher erkl\u00e4rt haben, was sie darunter verstehen  und wogegen sich ihre Kritik richtet. Den wenigsten Teilnehmern der  fremdenfeindlichen Aufm\u00e4rsche ist wahrscheinlich bewusst, dass das  Schlagwort vor \u00fcber zehn Jahren von US-amerikanischen Rechtszionisten  und Neokonservativen erfunden und verbreitet wurde.<\/p>\n<p><!--more--><\/p>\n<p><a href=\"https:\/\/www.jungewelt.de\/2014\/12-22\/026.php\" target=\"_blank\">https:\/\/www.jungewelt.de\/2014\/12-22\/026.php<\/a><\/p>\n<p>22.12.2014 \/ Schwerpunkt \/ Seite 3<\/p>\n<p><strong>Broder siegt in Dresden<\/strong><\/p>\n<p>Von Knut Mellenthin<\/p>\n<p>Gegen \u00bbIslamisierung\u00ab wird seit Oktober in Dresden protestiert, ohne dass die Veranstalter bisher erkl\u00e4rt haben, was sie darunter verstehen und wogegen sich ihre Kritik richtet. Den wenigsten Teilnehmern der fremdenfeindlichen Aufm\u00e4rsche ist wahrscheinlich bewusst, dass das Schlagwort vor \u00fcber zehn Jahren von US-amerikanischen Rechtszionisten und Neokonservativen erfunden und verbreitet wurde. Im Zentrum dieser Ideologie steht die Verschw\u00f6rungstheorie von der \u00bbschleichenden Unterwanderung\u00ab Europas durch den Islam und der \u00bbKapitulation\u00ab der \u00bbdekadenten\u00ab Gesellschaften des alten Kontinents vor dieser Entwicklung. David Yerushalmi, eine herausragende Figur dieser Kreise, formulierte es in einem im M\u00e4rz 2006 erschienenen Artikel ungew\u00f6hnlich offen und kategorisch: \u00bbDie muslimische Zivilisation befindet sich im Krieg mit der j\u00fcdisch-christlichen Zivilisation. (\u2026) Die Muslime, diejenigen, die dem Islam, so wie wir ihn heute kennen, ergeben sind, sind unsere Feinde.\u00ab<\/p>\n<p>So weit gehen die Initiatoren von PEGIDA nicht. Sie beschr\u00e4nken sich vorl\u00e4ufig darauf, in Punkt 13 ihres Programms \u00bbdie Erhaltung und den Schutz unserer christlich-j\u00fcdisch gepr\u00e4gten Abendlandkultur\u00ab zu fordern. Dass es Feinde dieser Kultur gibt, vor denen sie gesch\u00fctzt werden muss, wird dabei stillschweigend und ohne sachliche Begr\u00fcndungen unterstellt und suggeriert.<\/p>\n<p>Nach Deutschland wurde das Schlagwort \u00bbIslamisierung\u00ab vor allem durch das 2006 erschienene Buch des Journalisten Henryk M. Broder \u00bbHurra wir kapitulieren! Von der Lust am Einknicken\u00ab getragen. \u00c4hnliche Kampfschriften, wie etwa Udo Ulfkottes B\u00fccher \u00bbDer Krieg in unseren St\u00e4dten\u00ab (2003) und \u00bbHeiliger Krieg in Europa\u00ab, erreichten nur eine geringere Verbreitung. Der sehr viel bekanntere Broder, damals noch f\u00fcr den Spiegel t\u00e4tig, konnte seine Thesen jahrelang in Talkshows vortragen, bis einige Redaktionen das Widerw\u00e4rtige und Gef\u00e4hrliche seiner Positionen zu begreifen begannen. Die Bundeszentrale f\u00fcr politische Bildung unterst\u00fctzte Broder, indem sie sein Buch zu Schleuderpreisen anbot.<\/p>\n<p>Wie schon am Titel deutlich ist, wirft Broder der westlichen Welt Feigheit und Selbstaufgabe gegen\u00fcber dem Islam vor. In dieser Tendenz \u00e4hnelt er Thilo Sarrazin, der 2010 mit gro\u00dfem Auflagenerfolg und starkem R\u00fcckenwind aus dem Hause Springer sein Buch \u00bbDeutschland schafft sich ab\u00ab auf den Markt brachte. Beide Autoren sprechen die Ressentiments einer Klientel an, die sich pers\u00f6nlich und Deutschland insgesamt als st\u00e4ndiges Opfer fremder Kr\u00e4fte sieht, gegen die man sich endlich zur Wehr setzen m\u00fcsse. Die Schuldigen f\u00fcr eigene Probleme werden vorzugsweise bei Menschen gesucht, die es in Wirklichkeit noch schlechter getroffen haben als man selbst. Das ist, genau betrachtet, das Gegenteil einer politischen Protestbewegung.<\/p>\n<p>Einer, der die aggressiven Aufrufe zum Widerstand gegen die vermeintliche Islamisierung ernst nahm, war der Norweger Anders Behring Breivik. Am 22. Juli 2011 ermordete er auf der Insel Ut\u00f8ya 69 Kinder und Jugendliche, die an einem Ferienlager der Jungsozialisten teilgenommen hatten. Als Motiv gab Breivik an, er habe Norwegen gegen den Islam und den \u00bbMultikulturalismus\u00ab verteidigen wollen. Die regierenden Sozialdemokraten seien f\u00fcr den \u00bbMassenimport von Moslems\u00ab verantwortlich.<\/p>\n<p>&#8212;&#8212;&#8212;&#8212;&#8212;&#8212;&#8212;&#8212;&#8212;&#8212;-<\/p>\n<p><a href=\"https:\/\/www.jungewelt.de\/2014\/12-22\/022.php\" target=\"_blank\">https:\/\/www.jungewelt.de\/2014\/12-22\/022.php<\/a><\/p>\n<p>22.12.2014 \/ Schwerpunkt \/ Seite 3Inhalt<\/p>\n<p><strong>Sprachloses Gemecker<\/strong><\/p>\n<p><strong>PEGIDA und ein 19-Punkte-Programm: Die Dresdner Montagsprotestierer haben nichts zu sagen. Heute wollen sie singen<\/strong><\/p>\n<p>Von Knut Mellenthin<\/p>\n<p>SCHWAROGO-Fahnen beim PEGIDA-Marsch in Dresden (15. Dezember 2014)<\/p>\n<p>Foto: AP Photo\/Jens Meyer<\/p>\n<p>Seit Oktober wird an jedem Montag abend in Dresden demonstriert. Von anfangs 350 stieg die Zahl der Teilnehmer, darunter viele Angereiste aus anderen Teilen Deutschlands, st\u00e4ndig an. 15.000 waren es vor einer Woche. So viel Stetigkeit der Mobilisierung erreichen Kampagnen selten. Es scheint also um etwas Wichtiges und Ernsthaftes zu gehen. Aber worum eigentlich? Vor den Kameras der immer zahlreicheren Fernsehteams geben einzelne Teilnehmer erschreckende Selbstausk\u00fcnfte. Freilich wei\u00df man nicht, ob einige der aggressiv R\u00e4sonierenden nicht vielleicht Undercover-Journalisten eines anderen Senders oder schlichtweg Mitarbeiter des sogenannten Verfassungsschutzes sind.<\/p>\n<p>Die Veranstalter verweisen Neugierige gern auf ihre \u00bb19 Punkte\u00ab, in denen angeblich die Ziele der Dresdner Montagsdemonstrationen dargestellt sind. Vielleicht hat dabei irgendein historisch beschlagener Organisator mehr oder weniger bewusst an das 25-Punkte-Programm der NSDAP von 1920 gedacht. Da stand zwar auch nicht alles drin, was man wirklich anstrebte, aber es hatte immerhin konkrete Inhalte. Davon kann in den 19 Punkten keine Rede sein. Sie sind das Produkt von Leuten, die ihre wahren Ziele vertuschen wollen, politisch zudem nicht viel im Kopf haben.<\/p>\n<p>Um beim Schwerwiegendsten zu beginnen: Die Demonstrationen finden unter dem Abk\u00fcrzungsmonstrum PEGIDA statt. Die Buchstaben stehen f\u00fcr \u00bbPatriotische Europ\u00e4er gegen die Islamisierung des Abendlandes\u00ab. \u00bbIslamisierung\u00ab ist ein Kampfbegriff, der vor \u00fcber zehn Jahren von Rechtszionisten und Neokonservativen in den USA erfunden wurde. Was wollen die Drahtzieher der Dresdner Aufm\u00e4rsche mit der \u00dcbernahme dieses Wortes sagen, welche konkrete Kritik an bestehenden Verh\u00e4ltnissen soll damit ausgedr\u00fcckt werden? \u00dcberraschendes Ergebnis: In den 19 Punkten kommt das Wort \u00bbIslamisierung\u00ab nicht ein einziges Mal vor. Selbst \u00bbIslam\u00ab kann man dort nicht finden. Offenbar scheut man beim zentralen Punkt der eigenen Kampagne jede noch so vage Festlegung und setzt nur auf unausgesprochene Ressentiments.<\/p>\n<p>Auch von den Angeh\u00f6rigen dieser Glaubensgemeinschaft ist nur an einer Stelle kurz die Rede: Man sei \u00bbnicht gegen hier lebende, sich integrierende Muslime\u00ab, hei\u00dft es in Punkt 10. Das lenkt zum n\u00e4chsten Thema: Was verstehen die PEGIDA-Regisseure unter \u00bbIntegration\u00ab? In Punkt 2 wird gefordert, \u00bbdie Pflicht zur Integration\u00ab ins Grundgesetz aufzunehmen. Eine Begriffskl\u00e4rung findet jedoch nicht einmal in Ans\u00e4tzen statt. Das bleibt der gef\u00fchlsbetonten Phantasie jedes einzelnen Demonstrationsteilnehmers \u00fcberlassen.<\/p>\n<p>Kluge Leute sprechen ihre Absichten nicht aus, haben sich die Organisatoren wohl gedacht. Sie bauen darauf, dass sie die Vorurteile vieler Deutscher auf ihrer Seite haben. Bild ver\u00f6ffentlichte am 18. Dezember Ergebnisse einer von ihr in Auftrag gegebenen Umfrage. Danach haben 58 Prozent auf die Suggestivaussage \u00bbIch habe Angst vor dem zunehmenden Einfluss des Islam in Deutschland\u00ab mit Ja geantwortet. 56 Prozent meinen, dass der Islam \u00bbeine Gefahr f\u00fcr Deutschland\u00ab sei. 27 Prozent glauben, dass Muslime \u00bbaggressiver\u00ab seien als sie selbst, und fast ein Drittel h\u00e4lt sie f\u00fcr \u00bbweniger bildungsorientiert\u00ab.<\/p>\n<p>Apropos Bildung: Laut einer Untersuchung des Berliner Instituts f\u00fcr empirische Integrations- und Migrationsforschung \u00fcbersch\u00e4tzten 70 Prozent der Befragten die Zahl der Muslime in Deutschland. Rund ein Viertel der Deutschen vermuten sogar, der muslimische Bev\u00f6lkerungsanteil liege bei \u00fcber 20 Prozent. Tats\u00e4chlich bezeichnen sich rund vier Millionen Menschen in Deutschland, das sind f\u00fcnf Prozent der Bev\u00f6lkerung, als Muslime.<\/p>\n<p>Die Mehrheit der 19 Punkte besch\u00e4ftigt sich mit dem Asylrecht. Genannt werden keine Fakten, und die Forderungen sind, wenn man von der \u00bbdezentralen Unterbringung\u00ab absieht, bereits Teil der staatlichen Praxis. Aber was soll man \u00fcber die Ehrlichkeit von Leute wie dem mehrfach wegen Besitzes harter Drogen vorbestraften PEGIDA-Chef Lutz Bachmann denken, die in Punkt 3 ihres Programms \u00fcber \u00bbteilweise menschenunw\u00fcrdige Heime\u00ab f\u00fcr Fl\u00fcchtlinge klagen, aber in Interviews von \u00bbAsylbewerbern in luxuri\u00f6s ausgestatteten Unterk\u00fcnften\u00ab phantasieren?<\/p>\n<p>Bei den Dresdner Montagsdemonstrationen wird \u00fcberwiegend geschwiegen. Au\u00dfer Deutschland-Fahnen sieht man nur wenige Plakate und Spruchb\u00e4nder mit geistig schlichten Formeln, unter denen sich jeder vorstellen kann, was er will: \u00bbMut zur Wahrheit\u00ab, \u00bbF\u00fcr die Zukunft unserer Kinder\u00ab oder \u00bbGegen religi\u00f6sen Fanatismus\u00ab. Diese Leute k\u00f6nnen sich, sobald sie den Mund auftun, nur blamieren. Vielleicht machen sie heute abend beim geplanten Singen von Weihnachtsliedern eine bessere Figur.<\/p>\n","protected":false},"excerpt":{"rendered":"<p>Gegen \u00bbIslamisierung\u00ab wird seit Oktober in Dresden protestiert, ohne dass die Veranstalter bisher erkl\u00e4rt haben, was sie darunter verstehen und wogegen sich ihre Kritik richtet. Den wenigsten Teilnehmern der fremdenfeindlichen Aufm\u00e4rsche ist wahrscheinlich bewusst, dass das Schlagwort vor \u00fcber zehn Jahren von US-amerikanischen Rechtszionisten und Neokonservativen erfunden und verbreitet wurde.<\/p>\n","protected":false},"author":3,"featured_media":0,"comment_status":"open","ping_status":"open","sticky":false,"template":"","format":"standard","meta":{"footnotes":""},"categories":[4,17],"tags":[],"class_list":["post-3748","post","type-post","status-publish","format-standard","hentry","category-antirassismus","category-meinung"],"_links":{"self":[{"href":"https:\/\/www.friedensplattform.at\/index.php?rest_route=\/wp\/v2\/posts\/3748","targetHints":{"allow":["GET"]}}],"collection":[{"href":"https:\/\/www.friedensplattform.at\/index.php?rest_route=\/wp\/v2\/posts"}],"about":[{"href":"https:\/\/www.friedensplattform.at\/index.php?rest_route=\/wp\/v2\/types\/post"}],"author":[{"embeddable":true,"href":"https:\/\/www.friedensplattform.at\/index.php?rest_route=\/wp\/v2\/users\/3"}],"replies":[{"embeddable":true,"href":"https:\/\/www.friedensplattform.at\/index.php?rest_route=%2Fwp%2Fv2%2Fcomments&post=3748"}],"version-history":[{"count":0,"href":"https:\/\/www.friedensplattform.at\/index.php?rest_route=\/wp\/v2\/posts\/3748\/revisions"}],"wp:attachment":[{"href":"https:\/\/www.friedensplattform.at\/index.php?rest_route=%2Fwp%2Fv2%2Fmedia&parent=3748"}],"wp:term":[{"taxonomy":"category","embeddable":true,"href":"https:\/\/www.friedensplattform.at\/index.php?rest_route=%2Fwp%2Fv2%2Fcategories&post=3748"},{"taxonomy":"post_tag","embeddable":true,"href":"https:\/\/www.friedensplattform.at\/index.php?rest_route=%2Fwp%2Fv2%2Ftags&post=3748"}],"curies":[{"name":"wp","href":"https:\/\/api.w.org\/{rel}","templated":true}]}}