{"id":3752,"date":"2014-12-25T14:13:07","date_gmt":"2014-12-25T12:13:07","guid":{"rendered":"http:\/\/www.luxorbis.org\/friedensplattform.at\/?p=3752"},"modified":"2014-12-25T14:13:07","modified_gmt":"2014-12-25T12:13:07","slug":"broder-siegt-in-dresden","status":"publish","type":"post","link":"https:\/\/www.friedensplattform.at\/?p=3752","title":{"rendered":"Broder siegt in Dresden"},"content":{"rendered":"<address><span style=\"color: #ff0000;\">Es wird immer daran erinnert werden, dass die KLEINE ZEITUNG diesem regelm\u00e4ssig eine Plattform bietet&#8230;<\/span><\/address>\n<address><!--more--><br \/>\n<\/address>\n<address>Von Knut Mellenthin<\/address>\n<div>\n<table border=\"0\" width=\"700\" summary=\"Designtabelle\">\n<tbody>\n<tr>\n<td>\n<div><img decoding=\"async\" id=\"img67464\" src=\"https:\/\/www.jungewelt.de\/serveImage.php?id=67464&amp;type=l&amp;ext=.jpg\" alt=\"Das Schlagwort \u00bbIslamisierung\u00ab hat in der BRD Henryk M. Broder p\" \/><\/div>\n<div>Das Schlagwort \u00bbIslamisierung\u00ab hat in der BRD Henryk M. Broder popularisiert<\/div>\n<div>Foto: Stephanie Pilick\/dpa<\/div>\n<\/td>\n<\/tr>\n<\/tbody>\n<\/table>\n<\/div>\n<p>Gegen \u00bbIslamisierung\u00ab wird seit Oktober in Dresden protestiert, ohne  dass die Veranstalter bisher erkl\u00e4rt haben, was sie darunter verstehen  und wogegen sich ihre Kritik richtet. Den wenigsten Teilnehmern der  fremdenfeindlichen Aufm\u00e4rsche ist wahrscheinlich bewusst, dass das  Schlagwort vor \u00fcber zehn Jahren von US-amerikanischen Rechtszionisten  und Neokonservativen erfunden und verbreitet wurde. Im Zentrum dieser  Ideologie steht die Verschw\u00f6rungstheorie von der \u00bbschleichenden  Unterwanderung\u00ab Europas durch den Islam und der \u00bbKapitulation\u00ab der  \u00bbdekadenten\u00ab Gesellschaften des alten Kontinents vor dieser Entwicklung.  David Yerushalmi, eine herausragende Figur dieser Kreise, formulierte  es in einem im M\u00e4rz 2006 erschienenen Artikel ungew\u00f6hnlich offen und  kategorisch: \u00bbDie muslimische Zivilisation befindet sich im Krieg mit  der j\u00fcdisch-christlichen Zivilisation. (\u2026) Die Muslime, diejenigen, die  dem Islam, so wie wir ihn heute kennen, ergeben sind, sind unsere  Feinde.\u00ab<\/p>\n<p>So weit gehen die Initiatoren von PEGIDA nicht. Sie beschr\u00e4nken sich  vorl\u00e4ufig darauf, in Punkt 13 ihres Programms \u00bbdie Erhaltung und den  Schutz unserer christlich-j\u00fcdisch gepr\u00e4gten Abendlandkultur\u00ab zu fordern.  Dass es Feinde dieser Kultur gibt, vor denen sie gesch\u00fctzt werden muss,  wird dabei stillschweigend und ohne sachliche Begr\u00fcndungen unterstellt  und suggeriert.<\/p>\n<p>Nach Deutschland wurde das Schlagwort \u00bbIslamisierung\u00ab vor allem durch  das 2006 erschienene Buch des Journalisten Henryk M. Broder \u00bbHurra wir  kapitulieren! Von der Lust am Einknicken\u00ab getragen. \u00c4hnliche  Kampfschriften, wie etwa Udo Ulfkottes B\u00fccher \u00bbDer Krieg in unseren  St\u00e4dten\u00ab (2003) und \u00bbHeiliger Krieg in Europa\u00ab, erreichten nur eine  geringere Verbreitung. Der sehr viel bekanntere Broder, damals noch f\u00fcr  den <em>Spiegel<\/em> t\u00e4tig, konnte seine Thesen jahrelang in Talkshows  vortragen, bis einige Redaktionen das Widerw\u00e4rtige und Gef\u00e4hrliche  seiner Positionen zu begreifen begannen. Die Bundeszentrale f\u00fcr  politische Bildung unterst\u00fctzte Broder, indem sie sein Buch zu  Schleuderpreisen anbot.<\/p>\n<p>Wie schon am Titel deutlich ist, wirft Broder der westlichen Welt  Feigheit und Selbstaufgabe gegen\u00fcber dem Islam vor. In dieser Tendenz  \u00e4hnelt er Thilo Sarrazin, der 2010 mit gro\u00dfem Auflagenerfolg und starkem  R\u00fcckenwind aus dem Hause Springer sein Buch \u00bbDeutschland schafft sich  ab\u00ab auf den Markt brachte. Beide Autoren sprechen die Ressentiments  einer Klientel an, die sich pers\u00f6nlich und Deutschland insgesamt als  st\u00e4ndiges Opfer fremder Kr\u00e4fte sieht, gegen die man sich endlich zur  Wehr setzen m\u00fcsse. Die Schuldigen f\u00fcr eigene Probleme werden  vorzugsweise bei Menschen gesucht, die es in Wirklichkeit noch  schlechter getroffen haben als man selbst. Das ist, genau betrachtet,  das Gegenteil einer politischen Protestbewegung.<\/p>\n<p>Einer, der die aggressiven Aufrufe zum Widerstand gegen die  vermeintliche Islamisierung ernst nahm, war der Norweger Anders Behring  Breivik. Am 22. Juli 2011 ermordete er auf der Insel Ut\u00f8ya 69 Kinder und  Jugendliche, die an einem Ferienlager der Jungsozialisten teilgenommen  hatten. Als Motiv gab Breivik an, er habe Norwegen gegen den Islam und  den \u00bbMultikulturalismus\u00ab verteidigen wollen. Die regierenden  Sozialdemokraten seien f\u00fcr den \u00bbMassenimport von Moslems\u00ab  verantwortlich.<\/p>\n<p>https:\/\/www.jungewelt.de\/2014\/12-22\/026.php<\/p>\n","protected":false},"excerpt":{"rendered":"<p>Es wird immer daran erinnert werden, dass die KLEINE ZEITUNG diesem regelm\u00e4ssig eine Plattform bietet&#8230;<\/p>\n","protected":false},"author":3,"featured_media":0,"comment_status":"open","ping_status":"open","sticky":false,"template":"","format":"standard","meta":{"footnotes":""},"categories":[4,17],"tags":[],"class_list":["post-3752","post","type-post","status-publish","format-standard","hentry","category-antirassismus","category-meinung"],"_links":{"self":[{"href":"https:\/\/www.friedensplattform.at\/index.php?rest_route=\/wp\/v2\/posts\/3752","targetHints":{"allow":["GET"]}}],"collection":[{"href":"https:\/\/www.friedensplattform.at\/index.php?rest_route=\/wp\/v2\/posts"}],"about":[{"href":"https:\/\/www.friedensplattform.at\/index.php?rest_route=\/wp\/v2\/types\/post"}],"author":[{"embeddable":true,"href":"https:\/\/www.friedensplattform.at\/index.php?rest_route=\/wp\/v2\/users\/3"}],"replies":[{"embeddable":true,"href":"https:\/\/www.friedensplattform.at\/index.php?rest_route=%2Fwp%2Fv2%2Fcomments&post=3752"}],"version-history":[{"count":0,"href":"https:\/\/www.friedensplattform.at\/index.php?rest_route=\/wp\/v2\/posts\/3752\/revisions"}],"wp:attachment":[{"href":"https:\/\/www.friedensplattform.at\/index.php?rest_route=%2Fwp%2Fv2%2Fmedia&parent=3752"}],"wp:term":[{"taxonomy":"category","embeddable":true,"href":"https:\/\/www.friedensplattform.at\/index.php?rest_route=%2Fwp%2Fv2%2Fcategories&post=3752"},{"taxonomy":"post_tag","embeddable":true,"href":"https:\/\/www.friedensplattform.at\/index.php?rest_route=%2Fwp%2Fv2%2Ftags&post=3752"}],"curies":[{"name":"wp","href":"https:\/\/api.w.org\/{rel}","templated":true}]}}