{"id":3765,"date":"2015-01-10T11:47:37","date_gmt":"2015-01-10T09:47:37","guid":{"rendered":"http:\/\/www.luxorbis.org\/friedensplattform.at\/?p=3765"},"modified":"2015-01-10T11:47:37","modified_gmt":"2015-01-10T09:47:37","slug":"frankreich-der-dschihad-ist-in-paris-angekommen","status":"publish","type":"post","link":"https:\/\/www.friedensplattform.at\/?p=3765","title":{"rendered":"Frankreich: Der Dschihad ist in Paris angekommen"},"content":{"rendered":"<p>Islamisches Exekutionskommando liquidiert in Paris Redakteure           der kritisch linken Satirezeitung \u201eCharlie Hebdo\u201c<\/p>\n<p><!--more--><a href=\"http:\/\/www.linkewoche.at\/?p=10033#more-10033\" target=\"_blank\">http:\/\/www.linkewoche.at\/?p=10033#more-10033<\/a><\/p>\n<p>Am Mi. den 7. Januar um 11:30 drangen 2 mit Kalaschnikows           schwerbewaffnete vermummte M\u00e4nner in den           Redaktionssitzungsraum der oft provokativen kritischen           Satirewochenzeitung \u201eCharlie Hebdo\u201c in der Nicolas-Appertstr.           n. 10 ein ( nachdem sie zuvor die Redaktion vergeblich in der           n. 6 gesucht hatten und bereits ein Schuss abgegeben worden           war)<\/p>\n<p>und richteten die dort zur Redaktionssitzung versammelten           Journalisten-Zeichner Cabu, Wolinski, Tignous, Honor\u00e9 und Riss           und anderen Anwesenden hin. Die USA w\u00fcrde sagen           Kollateralsch\u00e4den.<\/p>\n<p>Folgte die Hinrichtung doch ganz nach dem Modell das die USA           bei der Exekution von Bin Laden durchf\u00fchrte.<\/p>\n<p>Bilanz: 12 Tote ( davon 2 Polizisten, wobei einer der           Polizisten der abgestellte W\u00e4chter des ermordeten Herausgebers           der Zeitung, Charb war) und zehn Verletzte.<\/p>\n<p>Diese extrem pr\u00e4zise geplant und brutalst ausgef\u00fchrte Tat           l\u00e4sst die Polizeikr\u00e4fte, die franz\u00f6sischen Geheimdienste, das           Innenministerium, Premierminister und Pr\u00e4sident Hollande, der           erst zur Jahreswende vor Anschl\u00e4gen gewarnt hatte, in einem           sehr sonderbaren Licht erscheinen. Terroristen k\u00f6nnen mitten           in Paris zehn Minuten gezielt morden; die auftauchende Polizei           geht in Deckung und die Attent\u00e4ter k\u00f6nnen in Richtung           Nordausfahrt von Paris \u2013 nachdem sie das Auto 2 mal wechselten           fliehen, ohne dass irgend ein Schuss sie oder ihre Autos           getroffen h\u00e4tte. Das im Nachhinein entfaltete Polizeiaufgebot           kann die Attent\u00e4ter nur erfreuen, denn damit haben sie nicht           nur ihr urspr\u00fcngliches Ziel, Rache f\u00fcr die Mohamedkarikaturen           zu \u00fcben erreicht, sondern den Staat auch herausgefordert.<\/p>\n<p>Bei den Attent\u00e4tern handelt es sich um zwei in Frankreich           geborene Br\u00fcder, Sa\u00efd Kouachi, 34 Jahre, und Ch\u00e9rif Kouachi           (32) deren Eltern in den siebziger Jahren aus Algerien           eingewandert waren, fr\u00fch verstorben sind und daher wuchsen sie           in Heimen auf. Der j\u00fcngere, 32-j\u00e4hrige sa\u00df wegen Anwerbung von           K\u00e4mpfern in Richtung Irak vor 6 Jahren im Gef\u00e4ngnis. Der           Geheimdienst stufte sie anscheinend als leichte Gauner ein und           bekam nichts von den Vorbereitungen des Attentates mit. H\u00e4tte           einer nicht seinen Personalausweis beim Autowechsel verloren,           w\u00e4re die Identit\u00e4t der Terroristen wohl nicht so einfach           gewesen.<\/p>\n<p>Zum \u201eTOTLACHEN\u201c war wohl das treffendste Titelblatt einer           belgischen Zeitung. Die geradlinigen sich niemals           einsch\u00fcchtern lassenden sarkastischen Zeichner und           Journalisten nahmen vor allem die Rechten, die Politiker           jeglicher Couleur und hier die Rechtsextremen bevorzugt( Le           Pen) als auch alle drei Eingottreligionen immer wieder aufs           Korn. \u00dcber Jahrzehnte brachten sie jeden Mittwoch die Leute           zum Lachen, wobei manchem manchmal das Lachen im Hals stecken           blieb, so scharf und an der Grenze der Ertr\u00e4glichen lagen oft           ihre Zeichnungen.<\/p>\n<p>Dass sie auch Mohamedkarikaturen entgegen allen Androhungen           ver\u00f6ffentlichten, kostete ihnen das Leben. Die Pressefreiheit           haben sie als Freidenker mit ihrem Leben bezahlt und sie           wollten sie sich auch von Islamisten nicht nehmen lassen. Der           Herausgeber Charb hatte ihnen geantwortet: \u201eLieber stehend           sterben als kriechend leben\u201c.<\/p>\n<p>Dieser Anschlag hat eine immens politische als auch           symbolische Bedeutung und internationale Tragweite. Die           westliche Welt verurteilt einhellig und sucht nicht nach           Gr\u00fcnden. In den Dschihadregionen wird der Anschlag hingegen           hochgejubelt.<\/p>\n<p>Er facht einerseits die Islamophobie in Frankreich und Europa           an, was eines der Ziele dieses Angriff<\/p>\n<p>ist, um die integrierte Islamgemeinschaft gegen das           westliche, christlich-j\u00fcdische Abendland aufzustacheln. Die           Religionen sollen zum Mittelpunkt der Auseinandersetzungen           werden und der laizistische Staat soll obsolet erscheinen.           Wahrscheinlich wird das Attentat politisch die rechtsextreme           Front National von Marine Le Pen st\u00e4rken, da es Wasser auf die           M\u00fchlen der Forderungen des FN zur Folge hat: Grenzen von           Frankreich schlie\u00dfen, raus aus der EU und dem Euro, Stopp der           Zuwanderung, Verteidigung des Abendlandes etc.<\/p>\n<p>Pr\u00e4sident Hollande und Ex-Pr\u00e4sident Sarkozy rufen zu einer in           Frankreich noch nie da gewesenen nationalen Allianz zwischen           links und rechts, auf. Le Pen soll noch ausgeschlossen sein,           obwohl Hollande sie zu einem Gespr\u00e4ch empf\u00e4ngt.<\/p>\n<p>Einen Tag nach dem Attentat in Paris war eine schwarze           Polizistin von einem Schwerbewaffneten \u2013 der ebenso           unbehelligt entkommen konnte \u2013 auf offener Stra\u00dfe erschossen           worden. Wohl schon als Folge des massiven Polizeieinsatzes           gegen die fliehenden Attent\u00e4ter. Man kann sich leicht           ausmalen, was passiert, wenn es in den Banlieues Aufrufe gibt           die dort zahlreichen zirkulierenden Waffen gegen\u00fcber den           franz\u00f6sischen Repressionskr\u00e4ften einzusetzen.<\/p>\n<p>Johann Sch\u00f6gler 8. Januar 2015<\/p>\n","protected":false},"excerpt":{"rendered":"<p>Islamisches Exekutionskommando liquidiert in Paris Redakteure der kritisch linken Satirezeitung \u201eCharlie Hebdo\u201c<\/p>\n","protected":false},"author":3,"featured_media":0,"comment_status":"open","ping_status":"open","sticky":false,"template":"","format":"standard","meta":{"footnotes":""},"categories":[1,17],"tags":[],"class_list":["post-3765","post","type-post","status-publish","format-standard","hentry","category-allgemein","category-meinung"],"_links":{"self":[{"href":"https:\/\/www.friedensplattform.at\/index.php?rest_route=\/wp\/v2\/posts\/3765","targetHints":{"allow":["GET"]}}],"collection":[{"href":"https:\/\/www.friedensplattform.at\/index.php?rest_route=\/wp\/v2\/posts"}],"about":[{"href":"https:\/\/www.friedensplattform.at\/index.php?rest_route=\/wp\/v2\/types\/post"}],"author":[{"embeddable":true,"href":"https:\/\/www.friedensplattform.at\/index.php?rest_route=\/wp\/v2\/users\/3"}],"replies":[{"embeddable":true,"href":"https:\/\/www.friedensplattform.at\/index.php?rest_route=%2Fwp%2Fv2%2Fcomments&post=3765"}],"version-history":[{"count":0,"href":"https:\/\/www.friedensplattform.at\/index.php?rest_route=\/wp\/v2\/posts\/3765\/revisions"}],"wp:attachment":[{"href":"https:\/\/www.friedensplattform.at\/index.php?rest_route=%2Fwp%2Fv2%2Fmedia&parent=3765"}],"wp:term":[{"taxonomy":"category","embeddable":true,"href":"https:\/\/www.friedensplattform.at\/index.php?rest_route=%2Fwp%2Fv2%2Fcategories&post=3765"},{"taxonomy":"post_tag","embeddable":true,"href":"https:\/\/www.friedensplattform.at\/index.php?rest_route=%2Fwp%2Fv2%2Ftags&post=3765"}],"curies":[{"name":"wp","href":"https:\/\/api.w.org\/{rel}","templated":true}]}}