{"id":3769,"date":"2015-01-17T21:54:59","date_gmt":"2015-01-17T19:54:59","guid":{"rendered":"http:\/\/www.luxorbis.org\/friedensplattform.at\/?p=3769"},"modified":"2015-01-17T21:54:59","modified_gmt":"2015-01-17T19:54:59","slug":"frankreich-wir-sind-im-krieg","status":"publish","type":"post","link":"https:\/\/www.friedensplattform.at\/?p=3769","title":{"rendered":"Frankreich: Wir sind im Krieg !!"},"content":{"rendered":"<p>\u201e Wir sind im Krieg gegen den           Terrorismus und die fundamentalen Islamisten\u201c<\/p>\n<p style=\"margin-bottom:0cm\">verk\u00fcndet Hollande und meint damit           seine Mitb\u00fcrger beruhigen zu k\u00f6nnen.<\/p>\n<p style=\"margin-bottom:0cm\"><!--more--><\/p>\n<p style=\"margin-bottom:0cm\">\n<p style=\"margin-bottom:0cm\">Nach der Beteiligung Frankreichs           bei den externen Milit\u00e4rinterventionen mit 10 000 Soldaten an           der Seite der USA, um den Dschihad zu bek\u00e4mpfen \u2013 in           Irak,Mali, Elfenbeink\u00fcste, Afghanistan .. wobei sie in den           vergangenen Monaten 800 Dschihadisten get\u00f6tet haben &#8211; hat           Frankreich seit den Attentaten auf Charlie Hebdo mit 12 Toten           und die Geiselnahme mit 4 Ermordungen im Koscher-Supermarkt in           Paris und der Hinrichtung einer Polizistin in Montrouge eine           Front auch auf franz\u00f6sischem Territorium. Alle drei           Terroristen waren bei der Erst\u00fcrmung durch die           Spezialeinheiten &#8211; entgegen den Beteuerungen des           Innenministers sie lebend festnehmen zu wollen &#8211; erschossen           worden. Nach 7 weiteren Komplizen wird gefahndet. Alle           geh\u00f6rten der Dschihad-Zelle Butte-Chaumont in Paris an, die           offiziell vor Jahren schon aufgel\u00f6st worden war. Sie           rekrutierten K\u00e4mpfer die in den Irak gingen. Die Frau von           Coulibaly, Boumedienne konnte ungehindert am Tag des           Attentates in Paris \u00fcber die T\u00fcrkei nach Syrien einreisen.<\/p>\n<p style=\"margin-bottom:0cm\">\n<p style=\"margin-bottom:0cm\">Der Einsatz von 10500 h\u00f6chst           bewaffneten Milit\u00e4rs zur angeblichen Sicherung von gef\u00e4hrdeten           Einrichtungen hat mehr eine symbolische Wirkung, gleicht           jedoch einem kriegerischen Ausnahmezustand und soll vor allem           jegliche Regung des Widerstands, der in den Vororten           ausbrechen k\u00f6nnte, unterbinden. Wie dieses Aufgebot das           n\u00e4chste gut geplante Attentat verhindern k\u00f6nnte ist ein           R\u00e4tsel.<\/p>\n<p style=\"margin-bottom:0cm\">\n<p style=\"margin-bottom:0cm\">Der Angriff der Kouachi-Br\u00fcder zur           Vernichtung der Zeichner von Charlie Hebdo war \u00fcber Jahre           vorbereitet und mit dem Geiselnehmer Coulibaly abgestimmt           worden, um die Bek\u00e4mpfung von zwei Herden zugleich in Paris zu           erschweren. In einem Video das nach der T\u00f6tung Coulibalys in           Netz gestellt worden war, zeigt er seine Hintergr\u00fcnde der Tat           und fordert eine Einstellung der franz\u00f6sischen Angriffe auf           Ziele des Islamischen Staates.<\/p>\n<p style=\"margin-bottom:0cm\">\n<p style=\"margin-bottom:0cm\">Ihre Angriffsziele? Die           Hinrichtung der Zeichner wegen ihrer Mohammed-Karikaturen, die           Ermordung von Polizisten und ein klarer Angriff auf Juden.<\/p>\n<p style=\"margin-bottom:0cm\">\n<p style=\"margin-bottom:0cm\">\u00dcber 4 Millionen Menschen gingen           am Sonntag nach dem Attentat auf die Stra\u00dfe und dr\u00fcckten ihre           Solidarit\u00e4t mit den Opfern aus. Es waren historische           Demonstrationen, die unter anderem Trauer, Wut, Ablehnung und           das Gef\u00fchl keine Angst aufkommen zu lassen, ausdr\u00fcckten,           wenngleich die Regierungspartei SP von Pr\u00e4sident Hollande sich           den Vorwurf einer Vereinnahmung gefallen lassen muss.<\/p>\n<p style=\"margin-bottom:0cm\">Die Bilderinszenierung mit der           Teilnahme von \u00fcber 50 h\u00f6chsten Repr\u00e4sentanten aus EU-L\u00e4ndern           und aus Afrika soll wohl f\u00fcr die Zukunft als Beleg einer           Geschichtsverwirrung dienen. Sie seien alle gemeinsam gegen           den Terror, w\u00fcrden die Werte der Freiheit verteidigen und           verst\u00fcnden sich gut. Es soll suggeriert werden, dass diese           Herrschenden keine Angst h\u00e4tten \u2013 Angela Merkels angstvolle           Blicke bewiesen das Gegenteil \u2013 und dass sie die           gesellschaftliche Entwicklung in der Hand h\u00e4tten. Der           Kapitalismus ist im Jahr 7 der Krise und die Kriege nehmen           rasch an Intensit\u00e4t zu. Die Demokratie wird zur\u00fcckgefahren und           die Masse wird mit Auswirkungen einer Einsparungspolitik           zugunsten der Reichen drangsaliert und besch\u00e4ftigt.<\/p>\n<p style=\"margin-bottom:0cm\">Obama lie\u00df wissen, dass f\u00fcr ihn           die Sicherheitsvorkehrungen nicht gro\u00df genug waren, obwohl die           suggerierte Teilnahme an der Demonstration keine war, sondern           nur eine Bilderinszenierung wie in einem von allen 6 Seiten           her total kontrollierten und abgesicherten K\u00e4fig.<\/p>\n<p style=\"margin-bottom:0cm\">So hatte sich ein Netanjahou           selbst eingeladen und Hollande hat als Gegenzug Abbas kommen           lassen, was zum sonderbaren Bild der beiden nur 2 Meter von           einander entfernt in der ersten Reihe f\u00fchrte.<\/p>\n<p style=\"margin-bottom:0cm\">\n<p style=\"margin-bottom:0cm\"><span style=\"font-size: medium;\">Europ\u00e4ische             Dschihadisten<\/span><\/p>\n<p style=\"margin-bottom:0cm\">\n<p style=\"margin-bottom:0cm\">Warum hat der Geheimdienst so           versagt?<\/p>\n<p style=\"margin-bottom:0cm\">\n<p style=\"margin-bottom:0cm\">\n<p style=\"margin-bottom:0cm\">Die Verantwortung des           Geheimdienstes bei der Nichtverhinderung der Attent\u00e4ter wird           inzwischen aufgerollt.<\/p>\n<p style=\"margin-bottom:0cm\">Alle drei Attent\u00e4ter waren in           Frankreich geboren und franz\u00f6sische Staatsb\u00fcrger (die Br\u00fcder           Ch\u00e9rif und Said Kouachi hatten einen algerischen Ursprung und           Coulibaly einen Malischen), sie waren durch franz\u00f6sische           Schulen gegangen und glitten nach der Schullaufbahn auf           kriminelle Abwege und im gr\u00f6\u00dften europ\u00e4ischen Gef\u00e4ngnis           Fleury- M\u00e9rogis s\u00fcdlich von Paris konnten sie ihre Pl\u00e4ne           schmieden.<\/p>\n<p style=\"margin-bottom:0cm\">Nach der Freilassung gelang es den           beiden Br\u00fcdern relativ unbemerkt Ausbildungen im Terrorlager           im Jemen &#8211; Al Quaida auf der arabischen Halbinsel, die auch           die Urheberschaft des Attentates \u00fcbernahm &#8211; zu absolvieren und           sich nach ihrer R\u00fcckkehr nicht auffallend zu benehmen. Einer           der Br\u00fcder war sogar von Sarkozy w\u00e4hrend seiner           Pr\u00e4sidentschaft mit anderen im Elysee-Palast eingeladen           worden, um sie f\u00fcr ihre gelungene Integration zu loben.<\/p>\n<p style=\"margin-bottom:0cm\">Die \u00dcberwachung der beiden Br\u00fcder           war eingestellt worden und als Coulibaly vor 6 Monaten aus dem           Gef\u00e4ngnis kam wurde er \u00fcberhaupt nicht unter Beobachtung           gestellt, obwohl er wegen Beihilfe eines Ausbruchversuches           eines anderen Terroristen, der den Anschlag in der Pariser           Metro begangen hatte, eingesessen war. Ob hier im Hintergrund           andere M\u00e4chtige F\u00e4den gezogen haben wird die \u00d6ffentlichkeit           wohl nie erfahren.<\/p>\n<p style=\"margin-bottom:0cm\">So war das Milit\u00e4rbudget bislang           r\u00fcckl\u00e4ufig und es sollte aufgrund der Einsparungen auch eine           Reduzierung der Bodentruppen geben. Ersteres wird           wahrscheinlich in der Krise wieder steigen und die Reduzierung           der Bodentruppen hat Hollande bereits annulliert. Den Einsatz           des Flugzeugtr\u00e4gers Charles de Gaulle, um k\u00fcrzere Fl\u00fcge f\u00fcr           die Bombardements gegen den IS zu haben, hat er auch schon           angeordnet.<\/p>\n<p style=\"margin-bottom:0cm\">Die \u201eSicherheitskonferenz\u201c in           Paris nach der Demo am Sonntag unter Federf\u00fchrung des Chefs           des amerikanischen Geheimdienstes hat in der EU bereits ein           ganzes Arsenal von Ver\u00e4nderungen in Richtung Polizeistaat in           Gang gesetzt.<\/p>\n<p style=\"margin-bottom:0cm\">Eine Macht\u00fcbergabe an die Milit\u00e4rs           wie im Patriot Act in den USA nach 2001 wird noch           abgeschworen, aber wie lange noch? Bis zum n\u00e4chsten Attentat?<\/p>\n<p style=\"margin-bottom:0cm\">\n<p style=\"margin-bottom:0cm\">Der Cyberkrieg \u2013 der weniger Opfer           fordern wird \u2013 hat an Intensit\u00e4t gewonnen.<\/p>\n<p style=\"margin-bottom:0cm\">Als nach dem Attentat in den           franz\u00f6sischen Schulen eine Schweigeminute abgehalten wurde,           haben Jugendliche &#8211; schon ab 10 Jahren &#8211; in \u00fcber 60 Schulen           diese verweigert und gemeint die Attent\u00e4ter h\u00e4tten schon           recht.<\/p>\n<p style=\"margin-bottom:0cm\">Das Attentat hat bereits dazu           gef\u00fchrt, dass die Trennungslinien in der Gesellschaft nicht           auf der sozialen Ebene \u2013 obwohl sie hier ihren Ursprung haben           &#8211; verlaufen, sondern auf einer Religi\u00f6sen.<\/p>\n<p style=\"margin-bottom:0cm\">\n<p style=\"margin-bottom:0cm\">Johann Sch\u00f6gler 15. Januar 2015<\/p>\n","protected":false},"excerpt":{"rendered":"<p>\u201e Wir sind im Krieg gegen den Terrorismus und die fundamentalen Islamisten\u201c verk\u00fcndet Hollande und meint damit seine Mitb\u00fcrger beruhigen zu k\u00f6nnen.<\/p>\n","protected":false},"author":3,"featured_media":0,"comment_status":"open","ping_status":"open","sticky":false,"template":"","format":"standard","meta":{"footnotes":""},"categories":[1],"tags":[],"class_list":["post-3769","post","type-post","status-publish","format-standard","hentry","category-allgemein"],"_links":{"self":[{"href":"https:\/\/www.friedensplattform.at\/index.php?rest_route=\/wp\/v2\/posts\/3769","targetHints":{"allow":["GET"]}}],"collection":[{"href":"https:\/\/www.friedensplattform.at\/index.php?rest_route=\/wp\/v2\/posts"}],"about":[{"href":"https:\/\/www.friedensplattform.at\/index.php?rest_route=\/wp\/v2\/types\/post"}],"author":[{"embeddable":true,"href":"https:\/\/www.friedensplattform.at\/index.php?rest_route=\/wp\/v2\/users\/3"}],"replies":[{"embeddable":true,"href":"https:\/\/www.friedensplattform.at\/index.php?rest_route=%2Fwp%2Fv2%2Fcomments&post=3769"}],"version-history":[{"count":0,"href":"https:\/\/www.friedensplattform.at\/index.php?rest_route=\/wp\/v2\/posts\/3769\/revisions"}],"wp:attachment":[{"href":"https:\/\/www.friedensplattform.at\/index.php?rest_route=%2Fwp%2Fv2%2Fmedia&parent=3769"}],"wp:term":[{"taxonomy":"category","embeddable":true,"href":"https:\/\/www.friedensplattform.at\/index.php?rest_route=%2Fwp%2Fv2%2Fcategories&post=3769"},{"taxonomy":"post_tag","embeddable":true,"href":"https:\/\/www.friedensplattform.at\/index.php?rest_route=%2Fwp%2Fv2%2Ftags&post=3769"}],"curies":[{"name":"wp","href":"https:\/\/api.w.org\/{rel}","templated":true}]}}