{"id":3776,"date":"2015-01-18T21:48:58","date_gmt":"2015-01-18T19:48:58","guid":{"rendered":"http:\/\/www.luxorbis.org\/friedensplattform.at\/?p=3776"},"modified":"2015-01-18T21:48:58","modified_gmt":"2015-01-18T19:48:58","slug":"je-suis-gedanken-zum-terroranschlag-in-paris","status":"publish","type":"post","link":"https:\/\/www.friedensplattform.at\/?p=3776","title":{"rendered":"Je suis&#8230;&#8230;Gedanken zum Terroranschlag in Paris"},"content":{"rendered":"<table style=\"height: 20px;\" border=\"0\" width=\"1133\">\n<tbody>\n<tr>\n<td width=\"100%\"><\/td>\n<td width=\"100%\" align=\"right\"><\/td>\n<td width=\"100%\" align=\"right\"><a title=\"E-Mail\" href=\"http:\/\/www.werkstatt.or.at\/index2.php?option=com_content&amp;task=emailform&amp;id=1166&amp;itemid=1\" target=\"_blank\"> <\/a><\/td>\n<\/tr>\n<\/tbody>\n<\/table>\n<table border=\"0\">\n<tbody>\n<tr>\n<td colspan=\"2\" valign=\"top\">\n<h2>Je suis (ich bin)  Stephane und Yohan, stellvertretend f\u00fcr die 17 am 8. J\u00e4nner in Paris  kaltbl\u00fctig ermordeten Menschen \u2013 die ermordeten MitarbeiterInnen von  \u201eCharlie Hebdo\u201c*), die im Supermarkt ermordeten j\u00fcdischen Geiseln und  die ermordeten Polizisten.<\/h2>\n<h2>Je suis Rashid und Fatima,  stellvertretend f\u00fcr die bis zu 260.000 IrakerInnen, die im Jahr 1991 dem  Bombenhagel des \u201eW\u00fcstensturms\u201c der US-Streitkr\u00e4fte und ihrer Alliierten  zum Opfer fielen.<!--more--><!--more--><\/h2>\n<p>Je suis Aischa und Muhammad, stellvertretend  f\u00fcr die rund 500.000 irakischen Kindern, die wegen des verbrecherischen,  in den 90er Jahren von USA und EU gegen den Irak durchgesetzten  UNO-Embargos verreckt sind \u2013 auf Grund von Unterern\u00e4hrung, fehlender  medizinischer Versorgung und des Zusammenbruchs der humanit\u00e4ren  Infrastruktur.<\/p>\n<p>Je suis Fharid und Samira, stellvertretend f\u00fcr  die bis zu 200.000 Toten in Afghanistan, denen die westliche  Milit\u00e4rintervention und ihre Folgen seit 2001 das Leben gekostet hat.<br \/>\nJe  suis Bilal und Samreena, stellvertretend f\u00fcr die rund 80.000 Menschen,  die der Ausweitung des Afghanistan-Krieges nach Pakistan seit 2004 zum  Opfer gefallen sind, nicht wenige von ihnen im Raketenhagel  ferngelenkter Drohnen.<br \/>\nJe  suis Goran und Branka, stellvertretend f\u00fcr tausende Menschen, die im  NATO-Bombenterror gegen Jugoslawien im Jahr 1999 ums Leben kamen \u2013 ein  Krieg, der schlie\u00dflich zur v\u00f6lligen Vertreibung der Roma, Sinti und  Juden aus dem Kosovo f\u00fchrte.<br \/>\nJe  suis Suleika und Abdul, stellvertretend f\u00fcr die rund eine Million  Toten, die der Krieg der westlichen M\u00e4chte gegen den Irak im 2003 und in  den Jahren danach forderte und das Land bis heute in einem Meer an Blut  und Fundamentalismus versinken l\u00e4sst.<br \/>\nJe  suis Hassan und Sarah, stellvertretend f\u00fcr die auf bis zu 90.000 Toten  gesch\u00e4tzten Opfer des Krieges, der 2011 von EU-M\u00e4chten und den USA gegen  Libyen gef\u00fchrt wurde und der das Land bis heute in einen Hexenkessel  von Chaos und Gewalt gest\u00fcrzt hat und den Krieg auch in andere L\u00e4nder,  z.B. Mali, \u00fcberschwappen lie\u00df.<br \/>\nJe  suis Rabia und Hakim, stellvertretend f\u00fcr die 200.000 Toten des Krieges  in Syrien seit 2011, bei dem von Anfang an westliche M\u00e4chte \u2013 oft \u00fcber  die verb\u00fcndeten Despotien am Golf \u2013 djihadistische Gruppen finanziell,  milit\u00e4risch und politisch unterst\u00fctzt haben, um ein dem Westen  missliebiges Regime zu st\u00fcrzen.<br \/>\nJe  suis Sherat und Dilara, stellvertretend f\u00fcr die vielen Toten im  kurdischen Rojava, das besonders ins Visier dieses von USA und EU  gef\u00f6rderten djihadistischen Terrors in Syrien geraten ist.<br \/>\nJe  suis Anna und Vladimir, stellvertretend f\u00fcr die Vielzahl an Opfern  faschistischer Pogrome in der Ukraine, nachdem mit tatkr\u00e4ftiger Hilfe  des EU-Ausw\u00e4rtigen Dienstes im Vorjahr \u00e4u\u00dferst rechte Kreise an die  Macht in Kiew geputscht wurden und seither wichtige Regierungs\u00e4mter  bekleiden.<br \/>\nJe  suis Said und Selma f\u00fcr die Unzahl an Neugeborenen, die auf Grund des  Einsatzes von Uranmunition der westlichen Armeen in Bosnien, Kosovo,  Irak, Afghanistan, usw. verst\u00fcmmelt und todkrank zur Welt kommen.<br \/>\nJe  suis Diana und Jamal, stellvertretend die 20.000 Fl\u00fcchtlinge, die in  den letzten Jahrzehnten an den EU-Au\u00dfengrenzen im Mittelmeer ertrunken  sind, weil sie Krieg, Gewalt und Elend in ihrer Heimat entkommen wollten  \u2013 oft ausgel\u00f6st durch westliche Milit\u00e4rinterventionen und die  hemmungsloser EU-Freihandelspolitik, die den Menschen die  wirtschaftliche Existenzgrundlage raubt.<br \/>\nJe suis\u2026<br \/>\nWer  f\u00fcr die Ermordeten in Paris auf die Stra\u00dfe geht, darf zu den in die  Millionen gehenden Opfern der Kriege und Interventionen westlicher  Gro\u00dfm\u00e4chte nicht schweigen, deren indirektes Opfer auch die 17  Ermordeten in Paris geworden sind. Denn der religi\u00f6se Fundamentalismus  ist ein Produkt dieser Aggressionen. Nicht nur weil ein Gro\u00dfteil der  Opfer dieser Kriege Muslime sind, sondern auch weil USA und EU  djiadistische Gruppierungen skrupellos aufp\u00e4ppeln, wenn es ihren  geostrategischen Interessen entspricht, um diese postwendend wieder als  Vorwand f\u00fcr Aufr\u00fcstung und Krieg zu instrumentalisieren, sobald sich die  Interessenslage \u00e4ndert.<br \/>\nWenn  sich die f\u00fcr diese Terrorkriege Mitverantwortlichen \u2013 Merkel, Hollande,  Sarkozy, Cameron, Juncker &amp; Co &#8211; jetzt mit \u201eJe suis Charlie\u201c medial  in Szene setzen, dann ist das der Gipfel an Heuchelei &#8211; und es ist  brutales Kalk\u00fcl: Diese \u201ePegida im Nadelstreif\u201c will \u2013 wie schon in der  Vergangenheit \u2013 solche Terrorakte nutzen, um die Militarisierung der EU  nach innen und au\u00dfen voranzutreiben. Bereits im Sommer 2015 sollen unter  dem Titel einer \u201eneuen europ\u00e4ischen Sicherheitsstrategie\u201c die n\u00e4chsten  Schritte der Aufr\u00fcstung, \u00dcberwachung und Repression beschlossen werden.  Das Attentat in Paris kommt manchen wie gerufen, um die diesbez\u00fcglichen  Pl\u00e4ne aus den Schubladen zu holen. Der Teufelskreis von Hass und Gewalt  wird dadurch weiter angeheizt. Lassen wir das nicht zu! Lassen wir uns  nicht auf Grund von Religion, Herkunft oder Hautfarbe  auseinanderdividieren!<br \/>\nWir sind Widerstand &#8211; gegen den Terror des Krieges!<br \/>\nGerald Oberansmayr<br \/>\n(15.1.2015)<br \/>\n*)  Ich bin nicht \u201eCharlie Hebdo\u201c, weil ich mich mit den teilweise  rassistischen Karikaturen dieser Zeitschrift keineswegs identifiziere.<\/td>\n<\/tr>\n<\/tbody>\n<\/table>\n<p><a href=\"http:\/\/www.werkstatt.or.at\/index.php?option=com_content&amp;task=view&amp;id=1119&amp;Itemid=1\"> <\/a>http:\/\/www.werkstatt.or.at\/index.php?option=com_content&amp;task=view&amp;id=1166&amp;Itemid=1<\/p>\n","protected":false},"excerpt":{"rendered":"<p>Je suis (ich bin) Stephane und Yohan, stellvertretend f\u00fcr die 17 am 8. J\u00e4nner in Paris kaltbl\u00fctig ermordeten Menschen \u2013 die ermordeten MitarbeiterInnen von \u201eCharlie Hebdo\u201c*), die im Supermarkt ermordeten j\u00fcdischen Geiseln und die ermordeten Polizisten. Je suis Rashid und Fatima, stellvertretend f\u00fcr die bis zu 260.000 IrakerInnen, die im Jahr 1991 dem Bombenhagel des &hellip; <a href=\"https:\/\/www.friedensplattform.at\/?p=3776\" class=\"more-link\"><span class=\"screen-reader-text\">Je suis&#8230;&#8230;Gedanken zum Terroranschlag in Paris<\/span> weiterlesen <span class=\"meta-nav\">&rarr;<\/span><\/a><\/p>\n","protected":false},"author":2,"featured_media":0,"comment_status":"open","ping_status":"open","sticky":false,"template":"","format":"standard","meta":{"footnotes":""},"categories":[1],"tags":[],"class_list":["post-3776","post","type-post","status-publish","format-standard","hentry","category-allgemein"],"_links":{"self":[{"href":"https:\/\/www.friedensplattform.at\/index.php?rest_route=\/wp\/v2\/posts\/3776","targetHints":{"allow":["GET"]}}],"collection":[{"href":"https:\/\/www.friedensplattform.at\/index.php?rest_route=\/wp\/v2\/posts"}],"about":[{"href":"https:\/\/www.friedensplattform.at\/index.php?rest_route=\/wp\/v2\/types\/post"}],"author":[{"embeddable":true,"href":"https:\/\/www.friedensplattform.at\/index.php?rest_route=\/wp\/v2\/users\/2"}],"replies":[{"embeddable":true,"href":"https:\/\/www.friedensplattform.at\/index.php?rest_route=%2Fwp%2Fv2%2Fcomments&post=3776"}],"version-history":[{"count":0,"href":"https:\/\/www.friedensplattform.at\/index.php?rest_route=\/wp\/v2\/posts\/3776\/revisions"}],"wp:attachment":[{"href":"https:\/\/www.friedensplattform.at\/index.php?rest_route=%2Fwp%2Fv2%2Fmedia&parent=3776"}],"wp:term":[{"taxonomy":"category","embeddable":true,"href":"https:\/\/www.friedensplattform.at\/index.php?rest_route=%2Fwp%2Fv2%2Fcategories&post=3776"},{"taxonomy":"post_tag","embeddable":true,"href":"https:\/\/www.friedensplattform.at\/index.php?rest_route=%2Fwp%2Fv2%2Ftags&post=3776"}],"curies":[{"name":"wp","href":"https:\/\/api.w.org\/{rel}","templated":true}]}}