{"id":3779,"date":"2015-01-19T09:36:19","date_gmt":"2015-01-19T07:36:19","guid":{"rendered":"http:\/\/www.luxorbis.org\/friedensplattform.at\/?p=3779"},"modified":"2015-01-19T09:36:19","modified_gmt":"2015-01-19T07:36:19","slug":"das-gesetz-des-krieges","status":"publish","type":"post","link":"https:\/\/www.friedensplattform.at\/?p=3779","title":{"rendered":"Das Gesetz des Krieges"},"content":{"rendered":"<p>Von Mumia Abu-Jamal<\/p>\n<p><!--more--><\/p>\n<p><a href=\"https:\/\/www.jungewelt.de\/2015\/01-12\/002.php\" target=\"_blank\">https:\/\/www.jungewelt.de\/2015\/01-12\/002.php<\/a><\/p>\n<p>12.01.2015 \/ Ausland \/ Seite 6<\/p>\n<p>Es ist jetzt \u00fcber ein Jahrzehnt her, dass die USA anfingen, mit ihrem \u00bbKreuzzug gegen die M\u00e4chte des B\u00f6sen\u00ab gen Osten zu ziehen. \u00bbErfolgreich\u00ab waren sie nur insofern, dass sie dabei ein Desaster nach dem anderen verursachten und sich unz\u00e4hlige neue Feinde in aller Welt schufen. US-Regierungen haben unentwegt Diktaturen in der arabischen Welt gest\u00fctzt, die der organisierten Kriminalit\u00e4t der Mafia zur Ehre gereicht h\u00e4tten und die mit Repression und Folter und dem gottgegebenen Recht der K\u00f6nige \u00fcber ihre L\u00e4nder herrschten. Dabei s\u00e4uselten die USA immer etwas von \u00bbDemokratie\u00ab und \u00bbGerechtigkeit\u00ab \u2013 Worte, die jedoch gegenstandslos wurden, sobald die von ihnen auserw\u00e4hlten Verb\u00fcndeten brutal \u00fcber ihre eigenen V\u00f6lker herfielen und sie wie \u00e4u\u00dfere Feinde bek\u00e4mpften.<\/p>\n<p>Die israelische Armee wurde hochger\u00fcstet und gegen die Pal\u00e4stinenser in Marsch gesetzt, um sie dann mittels sogenannter Friedensverhandlungen zu unterwerfen. Eine perfide Strategie, die selbst dem verr\u00e4terischen Vichy-Regime in Frankreich (1940\u20131944, jW) noch die Schamesr\u00f6te ins Gesicht getrieben h\u00e4tte. Und w\u00e4hrend die USA \u00fcber eine Billion US-Dollar daf\u00fcr ausgaben, die Schar ihrer einheimischen Verb\u00fcndeten in den jeweiligen L\u00e4ndern auf ihre Politik einzuschw\u00f6ren, brodelt es an der sozialen Basis wie hei\u00dfe Lava in einem Vulkankrater, und w\u00fctende gesellschaftliche Kr\u00e4fte wenden sich mit Verachtung und Hass gegen ihre Herrscher.<\/p>\n<p>Weder im Nahen Osten noch in den USA steht es zum besten, weil die Kronen des Neokolonialismus nur locker auf den H\u00e4uptern der US-Vasallen sitzen. Daf\u00fcr wurden Milliarden und Abermilliarden US-Dollar vergeudet, mussten Tausende Soldaten sterben, deren Leben ebenfalls vergeudet wurden, und am Ende erloschen auch die Hoffnungen der Menschen in den \u00fcberfallenen und besetzten L\u00e4ndern, es werde sich wirklich etwas zum Besseren \u00e4ndern.<\/p>\n<p>Kriege haben die Eigenart, sich auf eine v\u00f6llig unerwartete Weise gegen die L\u00e4nder zu wenden, von denen sie ausgingen. Genau das haben wir jetzt in Frankreich gesehen, und m\u00f6glicherweise werden wir Vergleichbares demn\u00e4chst auch in den USA erleben.<\/p>\n<p>\u00dcbersetzung: J\u00fcrgen Heiser<\/p>\n<ul>\n<li class=\"current\"><a class=\"current\" tabindex=\"1\" href=\"http:\/\/www.luxorbis.org\/friedensplattform.at\/wp-admin\/post-new.php\">Hinzuf\u00fcgen<\/a><\/li>\n<\/ul>\n","protected":false},"excerpt":{"rendered":"<p>Von Mumia Abu-Jamal<\/p>\n","protected":false},"author":3,"featured_media":0,"comment_status":"open","ping_status":"open","sticky":false,"template":"","format":"standard","meta":{"footnotes":""},"categories":[1],"tags":[],"class_list":["post-3779","post","type-post","status-publish","format-standard","hentry","category-allgemein"],"_links":{"self":[{"href":"https:\/\/www.friedensplattform.at\/index.php?rest_route=\/wp\/v2\/posts\/3779","targetHints":{"allow":["GET"]}}],"collection":[{"href":"https:\/\/www.friedensplattform.at\/index.php?rest_route=\/wp\/v2\/posts"}],"about":[{"href":"https:\/\/www.friedensplattform.at\/index.php?rest_route=\/wp\/v2\/types\/post"}],"author":[{"embeddable":true,"href":"https:\/\/www.friedensplattform.at\/index.php?rest_route=\/wp\/v2\/users\/3"}],"replies":[{"embeddable":true,"href":"https:\/\/www.friedensplattform.at\/index.php?rest_route=%2Fwp%2Fv2%2Fcomments&post=3779"}],"version-history":[{"count":0,"href":"https:\/\/www.friedensplattform.at\/index.php?rest_route=\/wp\/v2\/posts\/3779\/revisions"}],"wp:attachment":[{"href":"https:\/\/www.friedensplattform.at\/index.php?rest_route=%2Fwp%2Fv2%2Fmedia&parent=3779"}],"wp:term":[{"taxonomy":"category","embeddable":true,"href":"https:\/\/www.friedensplattform.at\/index.php?rest_route=%2Fwp%2Fv2%2Fcategories&post=3779"},{"taxonomy":"post_tag","embeddable":true,"href":"https:\/\/www.friedensplattform.at\/index.php?rest_route=%2Fwp%2Fv2%2Ftags&post=3779"}],"curies":[{"name":"wp","href":"https:\/\/api.w.org\/{rel}","templated":true}]}}