{"id":3788,"date":"2015-01-22T20:31:46","date_gmt":"2015-01-22T18:31:46","guid":{"rendered":"http:\/\/www.luxorbis.org\/friedensplattform.at\/?p=3788"},"modified":"2015-01-22T20:31:46","modified_gmt":"2015-01-22T18:31:46","slug":"demonstration-gegen-gewalt-fuer-meinungsfreiheit-und-gegenseitigen-respekt-fr-1500-graz","status":"publish","type":"post","link":"https:\/\/www.friedensplattform.at\/?p=3788","title":{"rendered":"Demonstration gegen Gewalt, f&#252;r Meinungsfreiheit und gegenseitigen Respekt Fr 15:00 Graz"},"content":{"rendered":"<p>Es ist eine M\u00f6glichkeit, die Werte                 der Demokratie und Solidarit\u00e4t unter allen, die auf                 Basis der Menschenrechte in einem Europa der Vielfalt                 leben m\u00f6chten, zu betonen.<\/p>\n<p><!--more--><\/p>\n<p>Es gilt, sowohl das hohe Gut der                 Meinungsfreiheit zu sch\u00fctzen, als auch Respekt vor                 unterschiedlichen religi\u00f6sen \u00dcberzeugungen in unserer                 pluralen Gesellschaft zu wahren:<\/p>\n<p><strong> <\/strong><\/p>\n<p><strong>Demonstration gegen Gewalt, f\u00fcr                     Meinungsfreiheit und gegenseitigen Respekt.<\/strong><\/p>\n<p><strong>Freitag, 23. J\u00e4nner, 15:00-15:45 Uhr                     am Grazer Hauptplatz<\/strong><\/p>\n<p>Details entnehmen Sie bitte den                 Attachements.<\/p>\n<p>Weiters machen wir noch auf die zur                 Facebook Seite der Veranstaltung aufmerksam:<\/p>\n<p><a href=\"https:\/\/www.facebook.com\/events\/1528435397437730\/?ref_newsfeed_story_type=regular\" target=\"_blank\">https:\/\/www.facebook.com\/events\/1528435397437730\/?ref_newsfeed_story_type=regular<\/a><\/p>\n<p>Wir w\u00fcrden uns sehr                   freuen, Sie\/Euch dort zu sehen.<\/p>\n<p>Mag. Bassem Asker<\/p>\n","protected":false},"excerpt":{"rendered":"<p>Es ist eine M\u00f6glichkeit, die Werte der Demokratie und Solidarit\u00e4t unter allen, die auf Basis der Menschenrechte in einem Europa der Vielfalt leben m\u00f6chten, zu betonen.<\/p>\n","protected":false},"author":3,"featured_media":0,"comment_status":"open","ping_status":"open","sticky":false,"template":"","format":"standard","meta":{"footnotes":""},"categories":[21],"tags":[],"class_list":["post-3788","post","type-post","status-publish","format-standard","hentry","category-veranstaltungshinweise"],"_links":{"self":[{"href":"https:\/\/www.friedensplattform.at\/index.php?rest_route=\/wp\/v2\/posts\/3788","targetHints":{"allow":["GET"]}}],"collection":[{"href":"https:\/\/www.friedensplattform.at\/index.php?rest_route=\/wp\/v2\/posts"}],"about":[{"href":"https:\/\/www.friedensplattform.at\/index.php?rest_route=\/wp\/v2\/types\/post"}],"author":[{"embeddable":true,"href":"https:\/\/www.friedensplattform.at\/index.php?rest_route=\/wp\/v2\/users\/3"}],"replies":[{"embeddable":true,"href":"https:\/\/www.friedensplattform.at\/index.php?rest_route=%2Fwp%2Fv2%2Fcomments&post=3788"}],"version-history":[{"count":0,"href":"https:\/\/www.friedensplattform.at\/index.php?rest_route=\/wp\/v2\/posts\/3788\/revisions"}],"wp:attachment":[{"href":"https:\/\/www.friedensplattform.at\/index.php?rest_route=%2Fwp%2Fv2%2Fmedia&parent=3788"}],"wp:term":[{"taxonomy":"category","embeddable":true,"href":"https:\/\/www.friedensplattform.at\/index.php?rest_route=%2Fwp%2Fv2%2Fcategories&post=3788"},{"taxonomy":"post_tag","embeddable":true,"href":"https:\/\/www.friedensplattform.at\/index.php?rest_route=%2Fwp%2Fv2%2Ftags&post=3788"}],"curies":[{"name":"wp","href":"https:\/\/api.w.org\/{rel}","templated":true}]}}