{"id":3791,"date":"2015-02-03T07:46:29","date_gmt":"2015-02-03T05:46:29","guid":{"rendered":"http:\/\/www.luxorbis.org\/friedensplattform.at\/?p=3791"},"modified":"2015-02-03T07:46:29","modified_gmt":"2015-02-03T05:46:29","slug":"wir-und-die-anderen","status":"publish","type":"post","link":"https:\/\/www.friedensplattform.at\/?p=3791","title":{"rendered":"&quot;Wir&quot; und &quot;die Anderen&quot;."},"content":{"rendered":"<p>\u00dcber Trennlinien und Grenzziehungen in Migrationsgesellschaften. (&#8230;) Die  &#8222;unterdr\u00fcckte muslimische Frau&#8220; ist zur Symbolfigur f\u00fcr die   R\u00fcckst\u00e4ndigkeit der Zugewanderten geworden und erm\u00f6glicht es, sich   abzugrenzen und die eigene Gesellschaft als umso moderner und   emanzipierter wahrzunehmen.<\/p>\n<p>OE1 6 Tage zum Nachh\u00f6ren<\/p>\n<p><!--more--><img decoding=\"async\" title=\"dpa, Dedert\" src=\"http:\/\/oe1.orf.at\/static\/uimg\/e8\/19\/e81918eb7d831808eacaf9612e9788f3e618d0b1.jpg\" alt=\"Verschleierte Frau\" \/><\/p>\n<p>Debatten \u00fcber Zuwanderung sind in westlichen Gesellschaften von  einigen Grundkomponenten gepr\u00e4gt. Unter anderem spielt die Frage nach  der Stellung der Frauen in den Herkunftsgesellschaften eine Rolle. Die  &#8222;unterdr\u00fcckte muslimische Frau&#8220; ist zur Symbolfigur f\u00fcr die  R\u00fcckst\u00e4ndigkeit der Zugewanderten geworden und erm\u00f6glicht es, sich  abzugrenzen und die eigene Gesellschaft als umso moderner und  emanzipierter wahrzunehmen.<\/p>\n<p>Die Migrationsforschung hat die Kategorie &#8222;Geschlecht&#8220; lange Zeit  ausgeblendet. Nun wird nach Wegen gesucht, Geschlechterverh\u00e4ltnisse im  Migrationskontext auf eine Weise zu thematisieren, die g\u00e4ngige  Zuschreibungen aufbricht &#8211; ohne dabei zu verharmlosen. Anstatt sich auf  ein &#8222;Wir&#8220; zur\u00fcckzuziehen, das &#8222;die Anderen&#8220; beobachtet und bewertet, ist  es notwendig, gesamtgesellschaftliche Strukturen und Machtverh\u00e4ltnisse  in den Blick zu nehmen.<\/p>\n<p>Ein Bericht anl\u00e4sslich der Tagung &#8222;Geschlechterverh\u00e4ltnisse der  Migrationsgesellschaften&#8220;, die im Dezember an der Universit\u00e4t Innsbruck  stattgefunden hat<\/p>\n<p>Anh\u00f6ren: <a href=\"http:\/\/\">http:\/\/oe1.orf.at\/programm\/396051<\/a><\/p>\n","protected":false},"excerpt":{"rendered":"<p>\u00dcber Trennlinien und Grenzziehungen in Migrationsgesellschaften. (&#8230;) Die &#8222;unterdr\u00fcckte muslimische Frau&#8220; ist zur Symbolfigur f\u00fcr die R\u00fcckst\u00e4ndigkeit der Zugewanderten geworden und erm\u00f6glicht es, sich abzugrenzen und die eigene Gesellschaft als umso moderner und emanzipierter wahrzunehmen. OE1 6 Tage zum Nachh\u00f6ren<\/p>\n","protected":false},"author":3,"featured_media":0,"comment_status":"open","ping_status":"open","sticky":false,"template":"","format":"standard","meta":{"footnotes":""},"categories":[4,12],"tags":[],"class_list":["post-3791","post","type-post","status-publish","format-standard","hentry","category-antirassismus","category-hoeren-und-sehen"],"_links":{"self":[{"href":"https:\/\/www.friedensplattform.at\/index.php?rest_route=\/wp\/v2\/posts\/3791","targetHints":{"allow":["GET"]}}],"collection":[{"href":"https:\/\/www.friedensplattform.at\/index.php?rest_route=\/wp\/v2\/posts"}],"about":[{"href":"https:\/\/www.friedensplattform.at\/index.php?rest_route=\/wp\/v2\/types\/post"}],"author":[{"embeddable":true,"href":"https:\/\/www.friedensplattform.at\/index.php?rest_route=\/wp\/v2\/users\/3"}],"replies":[{"embeddable":true,"href":"https:\/\/www.friedensplattform.at\/index.php?rest_route=%2Fwp%2Fv2%2Fcomments&post=3791"}],"version-history":[{"count":0,"href":"https:\/\/www.friedensplattform.at\/index.php?rest_route=\/wp\/v2\/posts\/3791\/revisions"}],"wp:attachment":[{"href":"https:\/\/www.friedensplattform.at\/index.php?rest_route=%2Fwp%2Fv2%2Fmedia&parent=3791"}],"wp:term":[{"taxonomy":"category","embeddable":true,"href":"https:\/\/www.friedensplattform.at\/index.php?rest_route=%2Fwp%2Fv2%2Fcategories&post=3791"},{"taxonomy":"post_tag","embeddable":true,"href":"https:\/\/www.friedensplattform.at\/index.php?rest_route=%2Fwp%2Fv2%2Ftags&post=3791"}],"curies":[{"name":"wp","href":"https:\/\/api.w.org\/{rel}","templated":true}]}}