{"id":3799,"date":"2015-02-07T20:16:00","date_gmt":"2015-02-07T18:16:00","guid":{"rendered":"http:\/\/www.luxorbis.org\/friedensplattform.at\/?p=3799"},"modified":"2015-02-07T20:16:00","modified_gmt":"2015-02-07T18:16:00","slug":"mbolela-emmanuel-mein-weg-vom-kongo-nach-europa","status":"publish","type":"post","link":"https:\/\/www.friedensplattform.at\/?p=3799","title":{"rendered":"MBOLELA, Emmanuel Mein Weg vom Kongo nach Europa"},"content":{"rendered":"<h3><span>25.3.<\/span><a id=\"u_0_1j\" href=\"https:\/\/www.facebook.com\/pages\/Bildungsverein-der-KP%C3%96-Steiermark\/124940167578420\">Bildungsverein der KP\u00d6 Steiermark<\/a><\/p>\n<div>Lagergasse 98a, 8020 Graz<\/div>\n<\/h3>\n<h3><span> Buchpr\u00e4sentation mit Emmanuel Mbolela und Dieter Behr<\/span><\/h3>\n<h3><span> Zwischen Widerstand, Flucht und Exil &#8211; Mit einem Vorwort von Jean Ziegler<!--more--><\/span><\/h3>\n<h3><span> <\/span><\/h3>\n<p><span><br \/>\n\u00bbEmmanuel Mbolelas Buch ist deshalb so beeindruckend, weil es nicht nur  ein Buch der mutigen, detailgenauen Brandmarkung ist, sondern auch ein  Buch der unausrottbaren Hoffnung. Ein Buch des Widerstandes, des  Aufstandes des Gewissens.\u00ab JEAN ZIEGLER<\/span><\/p>\n<p>Emmanuel Mbolela  schreibt in seiner autobiographischen Erz\u00e4hlung \u00fcber seine politische  Aktivit\u00e4t im Kongo und die brutale Repression staatlicher  Sicherheitsorgane, die ihn in die Emigration zwingt. Er berichtet auf  eindr\u00fcckliche Weise von der Gewalt und Ausbeutung w\u00e4hrend der Flucht.  Quer d<span>urch die Sahara gelangt er bis  nach Marokko, wo er eine Organisation kongolesischer Fl\u00fcchtlinge  mitbegr\u00fcndet. Nach vier Jahren kann er in die Niederlande ausreisen, als  neue Erfahrung erweisen sich dort die extrem ausbeuterischen  Arbeitsbedingungen, denen vor allem migrantische Arbeitskr\u00e4fte  unterliegen.<br \/>\nIm Zentrum der Demokratischen Republik Kongo geboren,  studierte Emmanuel Mbolela in seiner Heimatstadt \u00d6konomie, musste jedoch  nach kurzer Haft aus politischen Gr\u00fcnden 2002 das Land verlassen. Seit  2008 lebt er in den Niederlanden. Er ist Vortragender und  antirassistischer Aktivist.<br \/>\nDer \u00dcbersetzer Dieter Alexander Behr lebt in Wien und arbeitet gemeinsam mit dem Autor im Netzwerk Afrique Europe Interact.<\/span><\/p>\n<p><a href=\"https:\/\/www.youtube.com\/watch?v=lwzvPVyoVHQ\" target=\"_blank\"><span>Video mit Jean Ziegler \u00fcber dieses Buch:<\/span><\/a><\/p>\n<p><span><br \/>\n<\/span><\/p>\n","protected":false},"excerpt":{"rendered":"<p>25.3.Bildungsverein der KP\u00d6 Steiermark Lagergasse 98a, 8020 Graz Buchpr\u00e4sentation mit Emmanuel Mbolela und Dieter Behr Zwischen Widerstand, Flucht und Exil &#8211; Mit einem Vorwort von Jean Ziegler<\/p>\n","protected":false},"author":2,"featured_media":0,"comment_status":"open","ping_status":"open","sticky":false,"template":"","format":"standard","meta":{"footnotes":""},"categories":[1],"tags":[],"class_list":["post-3799","post","type-post","status-publish","format-standard","hentry","category-allgemein"],"_links":{"self":[{"href":"https:\/\/www.friedensplattform.at\/index.php?rest_route=\/wp\/v2\/posts\/3799","targetHints":{"allow":["GET"]}}],"collection":[{"href":"https:\/\/www.friedensplattform.at\/index.php?rest_route=\/wp\/v2\/posts"}],"about":[{"href":"https:\/\/www.friedensplattform.at\/index.php?rest_route=\/wp\/v2\/types\/post"}],"author":[{"embeddable":true,"href":"https:\/\/www.friedensplattform.at\/index.php?rest_route=\/wp\/v2\/users\/2"}],"replies":[{"embeddable":true,"href":"https:\/\/www.friedensplattform.at\/index.php?rest_route=%2Fwp%2Fv2%2Fcomments&post=3799"}],"version-history":[{"count":0,"href":"https:\/\/www.friedensplattform.at\/index.php?rest_route=\/wp\/v2\/posts\/3799\/revisions"}],"wp:attachment":[{"href":"https:\/\/www.friedensplattform.at\/index.php?rest_route=%2Fwp%2Fv2%2Fmedia&parent=3799"}],"wp:term":[{"taxonomy":"category","embeddable":true,"href":"https:\/\/www.friedensplattform.at\/index.php?rest_route=%2Fwp%2Fv2%2Fcategories&post=3799"},{"taxonomy":"post_tag","embeddable":true,"href":"https:\/\/www.friedensplattform.at\/index.php?rest_route=%2Fwp%2Fv2%2Ftags&post=3799"}],"curies":[{"name":"wp","href":"https:\/\/api.w.org\/{rel}","templated":true}]}}