{"id":3818,"date":"2015-02-20T17:31:26","date_gmt":"2015-02-20T17:31:26","guid":{"rendered":"http:\/\/www.friedensplattform.at\/?p=3818"},"modified":"2015-02-20T17:31:26","modified_gmt":"2015-02-20T17:31:26","slug":"filmvorfuehrung-on-the-side-of-the-road-am-23-februar-in-graz","status":"publish","type":"post","link":"https:\/\/www.friedensplattform.at\/?p=3818","title":{"rendered":"Filmvorf\u00fchrung &#8222;On the Side of the Road&#8220; am 23. Februar in Graz"},"content":{"rendered":"<div>Gesch\u00e4tzte FriedensfreundInnen,<\/div>\n<div><\/div>\n<div><b>am kommenden Montag (23. Februar, 19:00 Uhr)<\/b>\u00a0 <b>zeigen wir<\/b> (=\u00a0 Steirische Friedensplattform) gemeinsam mit 5 anderen Mitveranstaltern (alphabetisch: \u00c4gyptische Gemeinde \u00d6sterreich, Evangelisches Bildungswerk Steiermark, Friedensb\u00fcro Graz, Gesellschaft f\u00fcr \u00d6sterreichisch-Arabische Beziehungen, Renner Institut Steiermark) <b>im Festsaal der Heilandskirche, Graz , Kaiser-Josef-Platz 9, den mehrfach preisgekr\u00f6nten Film \u201cOn the Side of the Road\u201d der israelisch-kanadischen Dokumentarfilmerin Lia Tarachansky.<\/b> Es geht dabei um die anhaltende Verdr\u00e4ngung der gewaltsamen Vertreibung von 700.000 Pal\u00e4stinenserInnen im Zuge der Staatsgr\u00fcndung Israels im Jahr 1948 durch die j\u00fcdische Bev\u00f6lkerung. Die Regisseurin wird selbst anwesend sein und f\u00fcr anschlie\u00dfende Diskussion zur Verf\u00fcgung stehen.<\/div>\n<div><\/div>\n<div><a href=\"http:\/\/www.friedensplattform.at\/wp-content\/uploads\/2015\/02\/emaileinladung_JPEG.jpg\"><img loading=\"lazy\" decoding=\"async\" class=\"alignnone size-medium wp-image-3819\" src=\"http:\/\/www.friedensplattform.at\/wp-content\/uploads\/2015\/02\/emaileinladung_JPEG-212x300.jpg\" alt=\"emaileinladung_JPEG\" width=\"212\" height=\"300\" srcset=\"https:\/\/www.friedensplattform.at\/wp-content\/uploads\/2015\/02\/emaileinladung_JPEG-212x300.jpg 212w, https:\/\/www.friedensplattform.at\/wp-content\/uploads\/2015\/02\/emaileinladung_JPEG-724x1024.jpg 724w\" sizes=\"auto, (max-width: 212px) 100vw, 212px\" \/><\/a><\/div>\n<div><\/div>\n<p>&nbsp;<\/p>\n","protected":false},"excerpt":{"rendered":"<p>Gesch\u00e4tzte FriedensfreundInnen, am kommenden Montag (23. Februar, 19:00 Uhr)\u00a0 zeigen wir (=\u00a0 Steirische Friedensplattform) gemeinsam mit 5 anderen Mitveranstaltern (alphabetisch: \u00c4gyptische Gemeinde \u00d6sterreich, Evangelisches Bildungswerk Steiermark, Friedensb\u00fcro Graz, Gesellschaft f\u00fcr \u00d6sterreichisch-Arabische Beziehungen, Renner Institut Steiermark) im Festsaal der Heilandskirche, Graz , Kaiser-Josef-Platz 9, den mehrfach preisgekr\u00f6nten Film \u201cOn the Side of the Road\u201d der israelisch-kanadischen &hellip; <a href=\"https:\/\/www.friedensplattform.at\/?p=3818\" class=\"more-link\"><span class=\"screen-reader-text\">Filmvorf\u00fchrung &#8222;On the Side of the Road&#8220; am 23. Februar in Graz<\/span> weiterlesen <span class=\"meta-nav\">&rarr;<\/span><\/a><\/p>\n","protected":false},"author":3,"featured_media":0,"comment_status":"open","ping_status":"open","sticky":false,"template":"","format":"standard","meta":{"footnotes":""},"categories":[1],"tags":[],"class_list":["post-3818","post","type-post","status-publish","format-standard","hentry","category-allgemein"],"_links":{"self":[{"href":"https:\/\/www.friedensplattform.at\/index.php?rest_route=\/wp\/v2\/posts\/3818","targetHints":{"allow":["GET"]}}],"collection":[{"href":"https:\/\/www.friedensplattform.at\/index.php?rest_route=\/wp\/v2\/posts"}],"about":[{"href":"https:\/\/www.friedensplattform.at\/index.php?rest_route=\/wp\/v2\/types\/post"}],"author":[{"embeddable":true,"href":"https:\/\/www.friedensplattform.at\/index.php?rest_route=\/wp\/v2\/users\/3"}],"replies":[{"embeddable":true,"href":"https:\/\/www.friedensplattform.at\/index.php?rest_route=%2Fwp%2Fv2%2Fcomments&post=3818"}],"version-history":[{"count":1,"href":"https:\/\/www.friedensplattform.at\/index.php?rest_route=\/wp\/v2\/posts\/3818\/revisions"}],"predecessor-version":[{"id":3820,"href":"https:\/\/www.friedensplattform.at\/index.php?rest_route=\/wp\/v2\/posts\/3818\/revisions\/3820"}],"wp:attachment":[{"href":"https:\/\/www.friedensplattform.at\/index.php?rest_route=%2Fwp%2Fv2%2Fmedia&parent=3818"}],"wp:term":[{"taxonomy":"category","embeddable":true,"href":"https:\/\/www.friedensplattform.at\/index.php?rest_route=%2Fwp%2Fv2%2Fcategories&post=3818"},{"taxonomy":"post_tag","embeddable":true,"href":"https:\/\/www.friedensplattform.at\/index.php?rest_route=%2Fwp%2Fv2%2Ftags&post=3818"}],"curies":[{"name":"wp","href":"https:\/\/api.w.org\/{rel}","templated":true}]}}