{"id":3826,"date":"2015-03-09T08:13:53","date_gmt":"2015-03-09T08:13:53","guid":{"rendered":"http:\/\/www.friedensplattform.at\/?p=3826"},"modified":"2015-03-09T08:13:53","modified_gmt":"2015-03-09T08:13:53","slug":"offener-brief-von-felicia-langer","status":"publish","type":"post","link":"https:\/\/www.friedensplattform.at\/?p=3826","title":{"rendered":"Offener Brief von Felicia Langer"},"content":{"rendered":"<p>Ehrenvorsitzende der europ\u00e4ischen Allianz f\u00fcr die Solidarit\u00e4t mit den pal\u00e4stinensischen Gefangenen<br \/>\nPremierminister ohne Scham<\/p>\n<p><!--more--><\/p>\n<div class=\"text_exposed_show\">\n<p>Es war eine kolossale Demonstration gegen die Terrorakte auf die Mitarbeiter der Zeitung Charlie Hebdo und die Kunden eines koscheren Supermarkts.<\/p>\n<p>1,5 Millionen Menschen haben ihre Solidarit\u00e4t mit den Opfern und f\u00fcr Pressefreiheit und Toleranz demonstriert. In der ersten Reihe waren Regierungschefs und Minister aus Frankreich, Deutschland, Italien, Pal\u00e4stina, \u00c4gypten und auch Israel, das eine kolonisatorische v\u00f6lkerrechtswidrige Besatzung des pal\u00e4stinensischen Volkes seit fast 50 Jahren betreibt.<\/p>\n<p>Benjamin Netanyahu war in der ersten Reihe, wo er sich hin gedr\u00e4ngelt hatte. Netanyahu, dessen Soldaten erbarmungslos Journalisten get\u00f6tet haben, insbesondere w\u00e4hrend der Gaza-Kriege. Netanyahu, der den letzten blutige Krieg gegen Gaza im Jahre 2014 auf seinem Gewissen hat, mit 2.310 Toten, unter ihnen 500 Kinder. 10.626 wurden verletzt, die Infrastruktur in Gaza wurde zerst\u00f6rt.<\/p>\n<p>In Gaza wurde jetzt der Notstand ausgerufen, wegen der K\u00e4lte. Tausende sind noch obdachlos, viele H\u00e4user sind noch Ruinen. Die pal\u00e4stinensische Gemeinschaft in Deutschland hat sich an die deutschen Politiker gewandt:<\/p>\n<p>\u201eDie Menschen von Gaza vegetieren, in billigen Containern und in den Ruinen ihrer zerst\u00f6rten H\u00e4user. Gaza stirbt. Die traumatisierten Menschen haben l\u00e4ngst die Hoffnung auf ein w\u00fcrdiges Leben verloren. F\u00fcnf Monate nach dem Krieg ist noch kein einziges Haus aufgebaut.\u201c<\/p>\n<p>Die traumatisierten Kinder haben es noch schwerer, wie z.B. Muntasser, 11 Jahre alt, vor dessen Augen sein Bruder beim Spielen von israelischen Raketen get\u00f6tet wurde. Muntasser wollte sich umbringen. Die kleine Aisha, deren Mutter get\u00f6tet wurde, sagt, sie will sterben, und dort werde sie ihre Mutter sehen. Der Krieg 2014 hat \u00fcber 1.560 neue Waisenkinder geschaffen.<\/p>\n<p>Das alles und noch viel mehr hat die \u201emoralischste Armee\u201c unter Benjamin Netanyahu gemacht. Er hat keine Scham, der israelische Premier. Seine Kriegsverbrechen sind zurzeit straffrei, aber nicht f\u00fcr immer.<br \/>\nT\u00fcbingen, den 14.01.2015<\/p>\n<\/div>\n","protected":false},"excerpt":{"rendered":"<p>Ehrenvorsitzende der europ\u00e4ischen Allianz f\u00fcr die Solidarit\u00e4t mit den pal\u00e4stinensischen Gefangenen Premierminister ohne Scham<\/p>\n","protected":false},"author":3,"featured_media":0,"comment_status":"open","ping_status":"open","sticky":false,"template":"","format":"standard","meta":{"footnotes":""},"categories":[18],"tags":[],"class_list":["post-3826","post","type-post","status-publish","format-standard","hentry","category-palaestina-solidaritaet"],"_links":{"self":[{"href":"https:\/\/www.friedensplattform.at\/index.php?rest_route=\/wp\/v2\/posts\/3826","targetHints":{"allow":["GET"]}}],"collection":[{"href":"https:\/\/www.friedensplattform.at\/index.php?rest_route=\/wp\/v2\/posts"}],"about":[{"href":"https:\/\/www.friedensplattform.at\/index.php?rest_route=\/wp\/v2\/types\/post"}],"author":[{"embeddable":true,"href":"https:\/\/www.friedensplattform.at\/index.php?rest_route=\/wp\/v2\/users\/3"}],"replies":[{"embeddable":true,"href":"https:\/\/www.friedensplattform.at\/index.php?rest_route=%2Fwp%2Fv2%2Fcomments&post=3826"}],"version-history":[{"count":1,"href":"https:\/\/www.friedensplattform.at\/index.php?rest_route=\/wp\/v2\/posts\/3826\/revisions"}],"predecessor-version":[{"id":3827,"href":"https:\/\/www.friedensplattform.at\/index.php?rest_route=\/wp\/v2\/posts\/3826\/revisions\/3827"}],"wp:attachment":[{"href":"https:\/\/www.friedensplattform.at\/index.php?rest_route=%2Fwp%2Fv2%2Fmedia&parent=3826"}],"wp:term":[{"taxonomy":"category","embeddable":true,"href":"https:\/\/www.friedensplattform.at\/index.php?rest_route=%2Fwp%2Fv2%2Fcategories&post=3826"},{"taxonomy":"post_tag","embeddable":true,"href":"https:\/\/www.friedensplattform.at\/index.php?rest_route=%2Fwp%2Fv2%2Ftags&post=3826"}],"curies":[{"name":"wp","href":"https:\/\/api.w.org\/{rel}","templated":true}]}}