{"id":3834,"date":"2015-03-09T09:09:22","date_gmt":"2015-03-09T09:09:22","guid":{"rendered":"http:\/\/www.friedensplattform.at\/?p=3834"},"modified":"2015-03-09T09:09:22","modified_gmt":"2015-03-09T09:09:22","slug":"heute-ist-nicht-die-religion-das-opium-des-volkes-sondern-die-religionskritik","status":"publish","type":"post","link":"https:\/\/www.friedensplattform.at\/?p=3834","title":{"rendered":"\u201eHeute ist nicht die Religion das Opium des Volkes sondern die Religionskritik\u201c"},"content":{"rendered":"<p><strong><\/strong>Gibt es wirklich Islamophobie? Versuch einer Aufkl\u00e4rung &#8211; Von Sarah Al-Mousllie<\/p>\n<p><strong><span class=\"news\">An die 100 Teilnehmer kamen zum Vortrag Dr. Sabine Schiffers. Die Medien- und Sprachwissenschaftlerin hielt am 25.02.15 im Haus der Kulturen einen Vortrag zum Thema \u201eIslamophobie \u2013 Woher und warum?\u201c. <\/span><\/strong><\/p>\n<p><!--more--><\/p>\n<p><strong><span class=\"news\">Er\u00f6ffnet wurde die Veranstaltung vom Imam der Islamischen Gemeinschaft Braunschweig, Khalil Khalilo, durch den passenden Vers: \u201eWir haben euch aus V\u00f6lkern und St\u00e4mmen geschaffen, damit ihr einander kennenlernt.\u201c und dies, so Dr. Sadiqu Al-Mousllie, Sprecher der IGB, wollen wir durch diese Veranstaltungen und Aktionen erreichen. Das Er\u00f6ffnungswort des Vorsitzenden, Burhan Al-Ghori, handelte ebenfalls von dem Zusammenleben in Braunschweig und erinnert auch daran, dass die Medien viel \u00fcber den Islam berichten, sei es nun positiv oder negativ.<\/p>\n<p>Mit dieser \u00dcberleitung beginnt Dr. Sabine Schiffer anschaulich und leicht zu verstehen die Problematik zu erkl\u00e4ren. Sie zieht den Vergleich zwischen aktuellen Ereignissen wie Paris, Copenhagen und Chapel Hill und befragt die Zuh\u00f6rer zu ihrem Kenntnisstand und ihrem Empfinden zu diesen Vorf\u00e4llen. Es stellt sich heraus, dass nur ca. die H\u00e4lfte von dem Vorfall der drei get\u00f6teten Muslime wussten w\u00e4hrend die anderen beiden Vorf\u00e4lle allen bekannt waren. Daran s\u00e4he man die unterschiedlich gewichtete Berichterstattung der Medien, so Dr. Sabine Schiffer, es werde meist mit zweierlei Ma\u00df gemessen. Auch sei das Islamfeindliche Bild nicht erst seit dem 11. September entstanden und verbreitet worden. Laut der Medienwissenschaftlerin wurde dies schon viel fr\u00fcher, 1974 zur Zeit der iranischen Revolution, in Gang gesetzt. Bei der Entwicklung dieser \u201eFrames\u201c w\u00fcrden die Medien eine gro\u00dfe Rolle gespielt haben. Das w\u00e4re umso mehr der Fall wenn wenig Kontakt zu Muslimen besteht, wie es am Beispiel Pegida zu sehen sei.<\/p>\n<p>Mit Anlehnung an Karl Marx sagt sie: \u201eHeute ist nicht die Religion das Opium des Volkes sondern die Religionskritik\u201c. Religion w\u00fcrde instrumentalisiert werden und von Menschen auf der ganzen Welt missbraucht. Nat\u00fcrlich seien nicht nur die Medien an solch einem Bild schuld. Es g\u00e4be immer Leute die extrem Handeln. Die Medien w\u00fcrden die Aufmerksamkeit auf sie lenken, wodurch die Konsumenten diese Taten oder Verhaltensweisen auf die gesamte Religion \u00fcbertragen. Um denn Medien gerecht zu werden schloss sie mit den Worten ab, dass heute eine relativ ausgewogene Berichterstattung in Deutschland vorherrscht. Wenn man die Sendezeiten au\u00dfer Acht l\u00e4sst, f\u00fcgt sie mit einem Schmunzeln hinzu.<\/p>\n<p>Im Anschluss entstanden angeregte Diskussionen. Die Zuh\u00f6rer interessierte sehr, ob das angesprochene Thema ein gesamtgesellschaftliches Problem sei und wie sich die Muslime am besten zu verhalten haben. Dr. Sabine Schiffer erkl\u00e4rte am Ende, sie nehme es in der Tat als ein gesamtgesellschaftliches Problem wahr, s\u00e4he aber in dem Verhalten der Muslime ein Dilemma. Die Islamische Gemeinschaft Braunschweig verfolge den Kurs Initiative zu ergreifen und sichtbare Aktionen zu gestalten. Denn die Zur\u00fcckhaltung g\u00e4be das falsche Signal ab. Frau Schiffer s\u00e4he es zurzeit wie ein \u201eHexentest\u201c f\u00fcr die Muslime, wie man es auch macht, k\u00f6nnte es falsch sein. Den goldenen Weg g\u00e4be es nicht.<\/span><\/strong><\/p>\n<p>http:\/\/islam.de\/26192<\/p>\n","protected":false},"excerpt":{"rendered":"<p>Gibt es wirklich Islamophobie? Versuch einer Aufkl\u00e4rung &#8211; Von Sarah Al-Mousllie An die 100 Teilnehmer kamen zum Vortrag Dr. Sabine Schiffers. Die Medien- und Sprachwissenschaftlerin hielt am 25.02.15 im Haus der Kulturen einen Vortrag zum Thema \u201eIslamophobie \u2013 Woher und warum?\u201c.<\/p>\n","protected":false},"author":3,"featured_media":0,"comment_status":"open","ping_status":"open","sticky":false,"template":"","format":"standard","meta":{"footnotes":""},"categories":[4],"tags":[],"class_list":["post-3834","post","type-post","status-publish","format-standard","hentry","category-antirassismus"],"_links":{"self":[{"href":"https:\/\/www.friedensplattform.at\/index.php?rest_route=\/wp\/v2\/posts\/3834","targetHints":{"allow":["GET"]}}],"collection":[{"href":"https:\/\/www.friedensplattform.at\/index.php?rest_route=\/wp\/v2\/posts"}],"about":[{"href":"https:\/\/www.friedensplattform.at\/index.php?rest_route=\/wp\/v2\/types\/post"}],"author":[{"embeddable":true,"href":"https:\/\/www.friedensplattform.at\/index.php?rest_route=\/wp\/v2\/users\/3"}],"replies":[{"embeddable":true,"href":"https:\/\/www.friedensplattform.at\/index.php?rest_route=%2Fwp%2Fv2%2Fcomments&post=3834"}],"version-history":[{"count":1,"href":"https:\/\/www.friedensplattform.at\/index.php?rest_route=\/wp\/v2\/posts\/3834\/revisions"}],"predecessor-version":[{"id":3835,"href":"https:\/\/www.friedensplattform.at\/index.php?rest_route=\/wp\/v2\/posts\/3834\/revisions\/3835"}],"wp:attachment":[{"href":"https:\/\/www.friedensplattform.at\/index.php?rest_route=%2Fwp%2Fv2%2Fmedia&parent=3834"}],"wp:term":[{"taxonomy":"category","embeddable":true,"href":"https:\/\/www.friedensplattform.at\/index.php?rest_route=%2Fwp%2Fv2%2Fcategories&post=3834"},{"taxonomy":"post_tag","embeddable":true,"href":"https:\/\/www.friedensplattform.at\/index.php?rest_route=%2Fwp%2Fv2%2Ftags&post=3834"}],"curies":[{"name":"wp","href":"https:\/\/api.w.org\/{rel}","templated":true}]}}