{"id":3842,"date":"2015-04-11T06:55:36","date_gmt":"2015-04-11T06:55:36","guid":{"rendered":"http:\/\/www.friedensplattform.at\/?p=3842"},"modified":"2015-04-11T06:55:36","modified_gmt":"2015-04-11T06:55:36","slug":"zeitung-gegen-den-krieg-2","status":"publish","type":"post","link":"https:\/\/www.friedensplattform.at\/?p=3842","title":{"rendered":"Zeitung GEGEN DEN KRIEG"},"content":{"rendered":"<h5>\u00a0Hier die aktuelle <a title=\"Zeitung gegen den Krieg\n                  39, Ostern 2015\" href=\"https:\/\/www.zeitung-gegen-den-krieg.de\/index.php\/archiv.html?file=files\/PDF\/ZgK%2039.pdf\" target=\"_blank\">Zeitung gegen den Krieg, Nr. 39,<\/a> zum download.<\/h5>\n<p><!--more--><\/p>\n<p><a>\u00a0<\/a><\/p>\n<div>\n<div>\n<div>\n<div>\n<div>\n<h1>Heft 39<\/h1>\n<h1 align=\"CENTER\"><strong><strong>Zum 17. Mal als Nummer 39 p\u00fcnktlich zum <\/strong><strong><a href=\"http:\/\/www.ostermarsch-info.de\/\" target=\"_blank\">Ostermarsch 2015<\/a><\/strong><strong>: <\/strong><\/strong><\/h1>\n<p align=\"CENTER\"><strong><strong>Die neue Ausgabe der <\/strong><\/strong><em><strong>Zeitung gegen den Krieg (ZgK)<\/strong><\/em><\/p>\n<p align=\"CENTER\">\n<p align=\"LEFT\"><strong>Sie erscheint:<\/strong><\/p>\n<ul>\n<li>\n<p align=\"LEFT\"><strong><em>in einer Zeit,<\/em><\/strong><strong> in der die EU einen Wirtschaftskrieg gegen Griechenland f\u00fchrt<\/strong><\/p>\n<\/li>\n<li>\n<p align=\"LEFT\"><strong><em>in einer Zeit,<\/em><\/strong><strong> in der die Berliner Regierung die deutsche Kriegsschuld aus der Zeit der NS-Besatzung in Griechenland frech leugnet <\/strong><\/p>\n<\/li>\n<li>\n<p align=\"LEFT\"><strong><em>in einer Zeit,<\/em><\/strong><strong> in der NATO-Kampfeinheiten an die russische Grenze verlegt werden und Nato-U-Boote mit Atomraketen vor Russlands K\u00fcsten auf Patrouille geschickt werden sollen<\/strong><\/p>\n<\/li>\n<li>\n<p align=\"LEFT\"><strong><em>in einer Zeit,<\/em><\/strong><strong> in der EU und IWF diejenigen Milliarden Euro an Krediten der ukrainischen Regierung f\u00fcr R\u00fcstung gew\u00e4hren, die sie der Athener Regierung zur Bek\u00e4mpfung von Armut verwehren.<\/strong><\/p>\n<\/li>\n<\/ul>\n<p align=\"CENTER\"><strong>In diesen Zeiten des bedrohten Friedens und der l\u00e4ngst neu gef\u00fchrten Kriege \u2026 <\/strong><\/p>\n<p align=\"CENTER\"><strong>erscheint die neue Ausgabe der <\/strong><strong><em> Zeitung gegen den Krieg.<\/em><\/strong><\/p>\n<p>&nbsp;<\/p>\n<\/div>\n<\/div>\n<\/div>\n<\/div>\n<\/div>\n","protected":false},"excerpt":{"rendered":"<p>\u00a0Hier die aktuelle Zeitung gegen den Krieg, Nr. 39, zum download.<\/p>\n","protected":false},"author":3,"featured_media":0,"comment_status":"open","ping_status":"open","sticky":false,"template":"","format":"standard","meta":{"footnotes":""},"categories":[3],"tags":[],"class_list":["post-3842","post","type-post","status-publish","format-standard","hentry","category-antimilitarismus"],"_links":{"self":[{"href":"https:\/\/www.friedensplattform.at\/index.php?rest_route=\/wp\/v2\/posts\/3842","targetHints":{"allow":["GET"]}}],"collection":[{"href":"https:\/\/www.friedensplattform.at\/index.php?rest_route=\/wp\/v2\/posts"}],"about":[{"href":"https:\/\/www.friedensplattform.at\/index.php?rest_route=\/wp\/v2\/types\/post"}],"author":[{"embeddable":true,"href":"https:\/\/www.friedensplattform.at\/index.php?rest_route=\/wp\/v2\/users\/3"}],"replies":[{"embeddable":true,"href":"https:\/\/www.friedensplattform.at\/index.php?rest_route=%2Fwp%2Fv2%2Fcomments&post=3842"}],"version-history":[{"count":1,"href":"https:\/\/www.friedensplattform.at\/index.php?rest_route=\/wp\/v2\/posts\/3842\/revisions"}],"predecessor-version":[{"id":3843,"href":"https:\/\/www.friedensplattform.at\/index.php?rest_route=\/wp\/v2\/posts\/3842\/revisions\/3843"}],"wp:attachment":[{"href":"https:\/\/www.friedensplattform.at\/index.php?rest_route=%2Fwp%2Fv2%2Fmedia&parent=3842"}],"wp:term":[{"taxonomy":"category","embeddable":true,"href":"https:\/\/www.friedensplattform.at\/index.php?rest_route=%2Fwp%2Fv2%2Fcategories&post=3842"},{"taxonomy":"post_tag","embeddable":true,"href":"https:\/\/www.friedensplattform.at\/index.php?rest_route=%2Fwp%2Fv2%2Ftags&post=3842"}],"curies":[{"name":"wp","href":"https:\/\/api.w.org\/{rel}","templated":true}]}}