{"id":385,"date":"2008-10-31T17:17:25","date_gmt":"2008-10-31T15:17:25","guid":{"rendered":"http:\/\/www.luxorbis.org\/friedensplattform.at\/?p=385"},"modified":"2008-10-31T17:17:25","modified_gmt":"2008-10-31T15:17:25","slug":"artikel-der-ag-friedensforschung-warum-der-amerikanische-krieg-nach-pakistan-zieht","status":"publish","type":"post","link":"https:\/\/www.friedensplattform.at\/?p=385","title":{"rendered":"Artikel der AG Friedensforschung: Warum der amerikanische Krieg nach Pakistan zieht"},"content":{"rendered":"<p><em>Von Tariq Ali<\/em><\/p>\n<p>Warum haben die USA beschlossen, einen so wichtigen Verb\u00fcndeten derart zu schw\u00e4chen, wie das seit Monaten der Fall ist? In Pakistan ist immer \u00f6fter die Ansicht zu h\u00f6ren, dies sei ein sorgf\u00e4ltig geplanter Schritt, um den pakistanischen Staat weiter zu destabilisieren, indem man eine Krise herbeif\u00fchrt, deren Auswirkungen weit \u00fcber die Ein\u00f6den im Grenzgebiet zu Afghanistan hinausreichen. Dahinter stehe das Ziel, Pakistan seine nuklearen Rei\u00dfz\u00e4hne zu ziehen. Tr\u00e4fe das zu, m\u00fcsste Washington tats\u00e4chlich entschlossen sein, den pakistanischen Staat zu zerschlagen, da das Land ein Desaster solchen Ausma\u00dfes schlichtweg nicht \u00fcberleben w\u00fcrde.<\/p>\n<p><a title=\"Uni Kassel\" href=\"http:\/\/www.uni-kassel.de\/fb5\/frieden\/regionen\/Pakistan\/us-krieg.html\" target=\"_blank\">Weiterlesen auf den Seiten der Uni Kassel<\/a><\/p>\n","protected":false},"excerpt":{"rendered":"<p>Von Tariq Ali Warum haben die USA beschlossen, einen so wichtigen Verb\u00fcndeten derart zu schw\u00e4chen, wie das seit Monaten der Fall ist? In Pakistan ist immer \u00f6fter die Ansicht zu h\u00f6ren, dies sei ein sorgf\u00e4ltig geplanter Schritt, um den pakistanischen Staat weiter zu destabilisieren, indem man eine Krise herbeif\u00fchrt, deren Auswirkungen weit \u00fcber die Ein\u00f6den &hellip; <a href=\"https:\/\/www.friedensplattform.at\/?p=385\" class=\"more-link\"><span class=\"screen-reader-text\">Artikel der AG Friedensforschung: Warum der amerikanische Krieg nach Pakistan zieht<\/span> weiterlesen <span class=\"meta-nav\">&rarr;<\/span><\/a><\/p>\n","protected":false},"author":1,"featured_media":0,"comment_status":"closed","ping_status":"open","sticky":false,"template":"","format":"standard","meta":{"footnotes":""},"categories":[1],"tags":[],"class_list":["post-385","post","type-post","status-publish","format-standard","hentry","category-allgemein"],"_links":{"self":[{"href":"https:\/\/www.friedensplattform.at\/index.php?rest_route=\/wp\/v2\/posts\/385","targetHints":{"allow":["GET"]}}],"collection":[{"href":"https:\/\/www.friedensplattform.at\/index.php?rest_route=\/wp\/v2\/posts"}],"about":[{"href":"https:\/\/www.friedensplattform.at\/index.php?rest_route=\/wp\/v2\/types\/post"}],"author":[{"embeddable":true,"href":"https:\/\/www.friedensplattform.at\/index.php?rest_route=\/wp\/v2\/users\/1"}],"replies":[{"embeddable":true,"href":"https:\/\/www.friedensplattform.at\/index.php?rest_route=%2Fwp%2Fv2%2Fcomments&post=385"}],"version-history":[{"count":0,"href":"https:\/\/www.friedensplattform.at\/index.php?rest_route=\/wp\/v2\/posts\/385\/revisions"}],"wp:attachment":[{"href":"https:\/\/www.friedensplattform.at\/index.php?rest_route=%2Fwp%2Fv2%2Fmedia&parent=385"}],"wp:term":[{"taxonomy":"category","embeddable":true,"href":"https:\/\/www.friedensplattform.at\/index.php?rest_route=%2Fwp%2Fv2%2Fcategories&post=385"},{"taxonomy":"post_tag","embeddable":true,"href":"https:\/\/www.friedensplattform.at\/index.php?rest_route=%2Fwp%2Fv2%2Ftags&post=385"}],"curies":[{"name":"wp","href":"https:\/\/api.w.org\/{rel}","templated":true}]}}