{"id":3873,"date":"2015-05-30T18:15:11","date_gmt":"2015-05-30T18:15:11","guid":{"rendered":"http:\/\/www.friedensplattform.at\/?p=3873"},"modified":"2015-05-30T18:16:38","modified_gmt":"2015-05-30T18:16:38","slug":"aufruf-zur-unterstuetzung-des-widerstands-der-griechischen-bevoelkerung","status":"publish","type":"post","link":"https:\/\/www.friedensplattform.at\/?p=3873","title":{"rendered":"AUFRUF zur UNTERST\u00dcTZUNG des WIDERSTANDS der GRIECHISCHEN BEV\u00d6LKERUNG"},"content":{"rendered":"<p><strong>F\u00fcr das Recht der Bev\u00f6lkerung, die<\/strong><br \/>\n<strong> Staatsverschuldung zu \u00fcberpr\u00fcfen<\/strong><br \/>\n<strong> An die Menschen in Europa und der ganzen Welt!<\/strong><!--more--><br \/>\nAn alle M\u00e4nner und Frauen, die die Austerit\u00e4tspolitik ablehnen und<br \/>\nnicht bereit sind, f\u00fcr \u00f6ffentliche Schulden aufzukommen, die sie im<br \/>\nW\u00fcrgegriff halten und hinter ihrem R\u00fccken und gegen ihre Interessen<br \/>\nvereinbart wurden!<br \/>\nWir, die Unterzeichnerinnen und Unterzeichner dieses Appells, stehen<br \/>\nden Menschen in Griechenland zur Seite, die mit ihrer Abstimmung am<br \/>\n25. Januar 2015 zum ersten Mal bei einer Wahl in einem Land Europas<br \/>\nund der n\u00f6rdlichen Hemisph\u00e4re die Austerit\u00e4tspolitik zur\u00fcckweisen, die<br \/>\nsie zwingt, f\u00fcr eine angebliche \u00f6ffentliche Verschuldung aufzukommen,<br \/>\ndie von den Herrschenden ohne die Bev\u00f6lkerung und gegen die<br \/>\nBev\u00f6lkerung ausgehandelt wurde. Gleichzeitig sind wir der Auffassung,<br \/>\ndass die Einsetzung einer Wahrheitskommission zur Untersuchung der<br \/>\n\u00f6ffentlichen Verschuldung Griechenlands auf Initiative der Pr\u00e4sidentin<br \/>\ndes griechischen Parlaments ein Ereignis von historischer Tragweite ist,<br \/>\ndas nicht nur f\u00fcr die Menschen in Griechenland, sondern auch f\u00fcr die<br \/>\nMenschen in Europa und der ganzen Welt entscheidende Bedeutung hat!<br \/>\nDie Wahrheitskommission des griechischen Parlaments, die aus<br \/>\nFreiwilligen aus aller Welt besteht, wird vermutlich auch in anderen<br \/>\nL\u00e4ndern Nachahmer finden. Erstens, weil das Schuldenproblem eine<br \/>\nPlage ist, die die meisten L\u00e4nder Europas und der Welt heimsucht, und<br \/>\nzweitens, weil es Millionen und Abermillionen von B\u00fcrgerinnen und<br \/>\nB\u00fcrgern gibt, die sich zu Recht grunds\u00e4tzliche und grundlegende Fragen<br \/>\nbez\u00fcglich dieser Schulden stellen:<br \/>\nWas ist mit dem Geld aus den Krediten geschehen? Welche<br \/>\nBedingungen waren daran gekn\u00fcpft? Wie viele Zinsen wurden gezahlt<br \/>\nund zu welchem Zinssatz? Wie viel Kapital wurde zur\u00fcckgezahlt? Wie<br \/>\nwurde es m\u00f6glich, Schulden anzuh\u00e4ufen, ohne dass die Menschen<br \/>\ndavon profitierten? Wohin ist das Kapital geflossen? Wof\u00fcr wurde es<br \/>\nverwendet? Wie viel wurde von wem und auf welche Weise abgezweigt?<br \/>\nDes Weiteren: Wer hat Kredite aufgenommen und in wessen Auftrag?<br \/>\nWer hat Kredite gew\u00e4hrt, und welche Rolle hat er dabei gespielt? Wie<br \/>\nsind die Verpflichtungen des Staates entstanden, durch welche<br \/>\nEntscheidung und aufgrund welcher Befugnisse? Wodurch wurden<br \/>\nprivate Schulden \u201e\u00f6ffentlich\u201c? Wer hat ungeeignete Projekte erarbeitet,<br \/>\nwer hat sie vorangetrieben, wer hat davon profitiert? Wurden mit<br \/>\ndiesem Geld Straftaten oder Verbrechen begangen? Warum wird die<br \/>\nzivil-, straf- und verwaltungsrechtliche Verantwortung nicht<br \/>\nfestgestellt?<br \/>\nAll diese Fragen werden von der Kommission schonungslos analysiert<br \/>\nwerden, die auf Initiative der Pr\u00e4sidentin des griechischen Parlaments<br \/>\ngebildet wurde. Die Kommission hat das offizielle Mandat, \u201ealle f\u00fcr die<br \/>\nEntstehung und den starken Anstieg der \u00f6ffentlichen Schulden relevanten<br \/>\nInformationen zu sammeln und diese Daten wissenschaftlich zu<br \/>\nuntersuchen, um festzustellen, welcher Teil der Schulden aus der Zeit der<br \/>\nMemoranden, das hei\u00dft von Mai 2010 bis Januar 2015, sowie aus den<br \/>\nJahren davor als unrechtm\u00e4\u00dfig und illegal, verabscheuungsw\u00fcrdig oder<br \/>\nnicht tragf\u00e4hig anzusehen ist\u201c. Dar\u00fcber hinaus muss sie genaue<br \/>\nInformationen ver\u00f6ffentlichen, die allen B\u00fcrgerinnen und B\u00fcrgern<br \/>\nzug\u00e4nglich sein m\u00fcssen, Nachweise erbringen, die \u00f6ffentliche<br \/>\nErkl\u00e4rungen st\u00fctzen, f\u00fcr mehr Aufkl\u00e4rung der griechischen Bev\u00f6lkerung,<br \/>\nder internationalen Gemeinschaft und der internationalen \u00d6ffentlichkeit<br \/>\nsorgen und schlie\u00dflich Argumente und Forderungen zur Streichung von<br \/>\nSchulden erarbeiten.<br \/>\nWir sind der Auffassung, dass es das grundlegendste demokratische Recht<br \/>\naller B\u00fcrgerinnen und B\u00fcrger ist, klare und pr\u00e4zise Antworten auf diese<br \/>\nFragen zu verlangen. Dar\u00fcber hinaus sind wir der Ansicht, dass die<br \/>\nVerweigerung einer Antwort eine Missachtung der Demokratie und des<br \/>\nTransparenzgebots von Seiten der Herrschenden darstellt, die das<br \/>\n\u201eSchuldensystem\u201c erfunden haben und dazu nutzen, die Reichen reicher<br \/>\nund die Armen \u00e4rmer zu machen. Noch schlimmer ist unserer<br \/>\n\u00dcberzeugung nach, dass die Herrschenden fest entschlossen das alleinige<br \/>\nRecht f\u00fcr sich in Anspruch nehmen, \u00fcber das Schicksal der Gesellschaft<br \/>\nzu bestimmen, und damit der \u00fcberw\u00e4ltigenden Mehrheit der B\u00fcrgerinnen<br \/>\nund B\u00fcrger nicht nur das Recht vorenthalten, Entscheidungen zu treffen,<br \/>\nsondern vor allem das Recht, ihr Schicksal und das der Menschheit selbst<br \/>\nin die Hand zu nehmen!<br \/>\nDeshalb richten wir den folgenden dringenden Appell an alle B\u00fcrgerinnen<br \/>\nund B\u00fcrger, sozialen Bewegungen, \u00f6kologischen und feministischen<br \/>\nNetzwerke und Bewegungen, Gewerkschaften und politischen<br \/>\nOrganisationen, die dieses immer undemokratischer und inhumaner<br \/>\nwerdende neoliberale Europa ablehnen:<br \/>\nZeigt eure Solidarit\u00e4t mit dem Widerstand der Menschen in Griechenland<br \/>\nund unterst\u00fctzt aktiv die Wahrheitskommission zur Untersuchung der<br \/>\n\u00f6ffentlichen Verschuldung Griechenlands und ihre Arbeit im Hinblick auf<br \/>\ndie Kl\u00e4rung der Frage, welcher Teil der \u00f6ffentlichen Schulden<br \/>\nGriechenlands unrechtm\u00e4\u00dfig, illegal, verabscheuungsw\u00fcrdig und\/oder<br \/>\nnicht tragf\u00e4hig ist.<br \/>\nVerteidigt sie gegen die unerh\u00f6rten Angriffe, denen sie von Seiten aller<br \/>\nKr\u00e4fte in Griechenland und der \u00fcbrigen Welt ausgesetzt ist, die daran<br \/>\ninteressiert sind, dass die Wahrheit \u00fcber das \u201eSchuldensystem\u201c unter den<br \/>\nTeppich gekehrt wird.<br \/>\nBeteiligt euch aktiv an den Schuldenpr\u00fcfungen durch B\u00fcrgerinnen und<br \/>\nB\u00fcrger, die in ganz Europa und dar\u00fcber hinaus angebahnt werden.<br \/>\nInformiert \u00fcber eure Unterst\u00fctzung und Solidarit\u00e4t in euren sozialen<br \/>\nNetzwerken, da diese Unterst\u00fctzung und internationale Solidarit\u00e4t der<br \/>\neinzige Weg sind, den Plan der Herrschenden zu vereiteln, Griechenland<br \/>\nund die Menschen zu ersticken, die gegen unseren gemeinsamen Feind<br \/>\nk\u00e4mpfen: die Austerit\u00e4tspolitik und die Schulden, die uns im W\u00fcrgegriff<br \/>\nhaben!<br \/>\nWir stehen einem gewieften, geschlossen auftretenden und gut<br \/>\nkoordinierten Gegner gegen\u00fcber, der \u00fcber au\u00dfergew\u00f6hnlich viel Macht<br \/>\nverf\u00fcgt und fest entschlossen ist, seine Offensive gegen uns alle bis zum<br \/>\nbitteren Ende durchzuf\u00fchren: wir, die wir die \u00fcberw\u00e4ltigende Mehrheit<br \/>\nunserer Gesellschaften bilden! Wir d\u00fcrfen uns nicht den Luxus erlauben,<br \/>\ndass alle f\u00fcr sich allein in ihrer jeweiligen Ecke Widerstand leisten.<br \/>\nAlso lasst uns unsere Kr\u00e4fte in einer breiten Bewegung der Solidarit\u00e4t mit<br \/>\ndem griechischen Widerstand b\u00fcndeln und die Wahrheitskommission des<br \/>\ngriechischen Parlaments dadurch unterst\u00fctzen, dass wir m\u00f6glichst \u00fcberall<br \/>\nsolche Kommissionen zur Schuldenpr\u00fcfung einsetzen.<br \/>\nDer Kampf der griechischen Bev\u00f6lkerung ist unser Kampf, und ihr Sieg<\/p>\n<p><a href=\"http:\/\/greekdebttruthcommission.org\/\" target=\"_blank\">Hier gehts zur Unterst\u00fctzungserkl\u00e4rung<\/a><\/p>\n","protected":false},"excerpt":{"rendered":"<p>F\u00fcr das Recht der Bev\u00f6lkerung, die Staatsverschuldung zu \u00fcberpr\u00fcfen An die Menschen in Europa und der ganzen Welt!<\/p>\n","protected":false},"author":2,"featured_media":0,"comment_status":"open","ping_status":"open","sticky":false,"template":"","format":"standard","meta":{"footnotes":""},"categories":[1],"tags":[],"class_list":["post-3873","post","type-post","status-publish","format-standard","hentry","category-allgemein"],"_links":{"self":[{"href":"https:\/\/www.friedensplattform.at\/index.php?rest_route=\/wp\/v2\/posts\/3873","targetHints":{"allow":["GET"]}}],"collection":[{"href":"https:\/\/www.friedensplattform.at\/index.php?rest_route=\/wp\/v2\/posts"}],"about":[{"href":"https:\/\/www.friedensplattform.at\/index.php?rest_route=\/wp\/v2\/types\/post"}],"author":[{"embeddable":true,"href":"https:\/\/www.friedensplattform.at\/index.php?rest_route=\/wp\/v2\/users\/2"}],"replies":[{"embeddable":true,"href":"https:\/\/www.friedensplattform.at\/index.php?rest_route=%2Fwp%2Fv2%2Fcomments&post=3873"}],"version-history":[{"count":3,"href":"https:\/\/www.friedensplattform.at\/index.php?rest_route=\/wp\/v2\/posts\/3873\/revisions"}],"predecessor-version":[{"id":3876,"href":"https:\/\/www.friedensplattform.at\/index.php?rest_route=\/wp\/v2\/posts\/3873\/revisions\/3876"}],"wp:attachment":[{"href":"https:\/\/www.friedensplattform.at\/index.php?rest_route=%2Fwp%2Fv2%2Fmedia&parent=3873"}],"wp:term":[{"taxonomy":"category","embeddable":true,"href":"https:\/\/www.friedensplattform.at\/index.php?rest_route=%2Fwp%2Fv2%2Fcategories&post=3873"},{"taxonomy":"post_tag","embeddable":true,"href":"https:\/\/www.friedensplattform.at\/index.php?rest_route=%2Fwp%2Fv2%2Ftags&post=3873"}],"curies":[{"name":"wp","href":"https:\/\/api.w.org\/{rel}","templated":true}]}}