{"id":3885,"date":"2015-06-23T18:57:20","date_gmt":"2015-06-23T18:57:20","guid":{"rendered":"http:\/\/www.friedensplattform.at\/?p=3885"},"modified":"2015-06-23T18:57:20","modified_gmt":"2015-06-23T18:57:20","slug":"solidaritaet-mit-griechenland-2","status":"publish","type":"post","link":"https:\/\/www.friedensplattform.at\/?p=3885","title":{"rendered":"Solidarit\u00e4t mit Griechenland!"},"content":{"rendered":"<h2>Kundgebung<\/p>\n<p>organisiert von: &#8222;Solidarit\u00e4t mit Griechenland &#8211; Graz&#8220;<\/h2>\n<p class=\"bodytext\"><b>Fr,\u00a026.\u00a0Juni<br \/>\n14:00 &#8211; 19:00<br \/>\nGraz, Hauptbahnhof<br \/>\n<\/b><!--more--><\/p>\n<p class=\"bodytext\">Die neoliberale Politik der europ\u00e4ischen Elite beutet mittels Privatisierung und Erpressung zu Sozialk\u00fcrzungen die Menschen in Griechenland aus. Der Kampf der unterdr\u00fcckten GriechInnen ist auch unser Kampf. Falls es den neoliberalen Eliten gelingt die GriechInnen weiter in die Armut zu treiben, dann k\u00f6nnte das Verfahren auch in weiteren europ\u00e4ischen Staaten zur Anwendung kommen. Die gro\u00dfen Medien hetzen gemeinsam mit den\u00a0SpitzenpolitikerInnen in der EU gegen die neue griechische Regierung und gegen die Menschen in Griechenland. Unsere Antwort auf diese Hetze hei\u00dft: &#8222;Solidarit\u00e4t mit Griechenland!&#8220;.<\/p>\n<p class=\"bodytext\">Am Kundgebungsstand verteilen wir die neueste Ausgabe von <span class=\"pfeilchen\">&gt; <\/span> <b><span class=\"pfeilchen\">&gt; <\/span><a class=\"external-link-new-window\" href=\"https:\/\/3c.gmx.net\/mail\/client\/dereferrer?redirectUrl=http%3A%2F%2Ffaktencheckhellas.org%2F\" target=\"_blank\">FaktenCheck:HELLAS<\/a><\/b>. Mit FaktenCheck:HELLAS wird eine demokratische Gegen\u00f6ffentlichkeit geschaffen angesichts all der Stammtischparolen und der irref\u00fchrenden Propaganda von Medien, deutsche Bundesregierung und EU zu Griechenland. Die Kundgebung findet im Rahmen der internationalen Aktionswoche\u00a0<span class=\"pfeilchen\">&gt; <\/span><a class=\"external-link-new-window\" href=\"https:\/\/3c.gmx.net\/mail\/client\/dereferrer?redirectUrl=http%3A%2F%2Fwww.altersummit.eu%2Faccueil%2Farticle%2Fweek-of-action-with-the-greeks%3Flang%3Den\" target=\"_blank\">&#8222;With the Greeks against austerity&#8220;<\/a> statt.<\/p>\n<p class=\"bodytext\" align=\"justify\">Au\u00dferdem gibt es <b>\u00f6kologische Seifen<\/b> gegen einen Soli-Beitrag. Die Seifen wurden von dem <b>selbstverwalteten Betrieb<\/b> <span class=\"pfeilchen\">&gt; <\/span><a class=\"external-link-new-window\" href=\"https:\/\/3c.gmx.net\/mail\/client\/dereferrer?redirectUrl=http%3A%2F%2Fwww.viome.org%2Fp%2Fdeutsch.html\" target=\"_blank\"><b>VIOME<\/b><\/a> in Griechenland produziert. Die Ex-Eigent\u00fcmer der Fabrik haben vor vier Jahren die Fabrik im Stich gelassen, dabei alle Gewinne eingestrichen und f\u00fcr viele Monate die L\u00f6hne nicht ausbezahlt, wodurch die ArbeiterInnen und deren Familien in Armut und Not getrieben wurden. Die ArbeiterInnen von VIOME haben sich\u00a0durch ihren langen Kampf um die Selbst\u00adver\u00adwaltung ihrer Fabrik der Arbeits\u00adlosigkeit und Armut wider\u00adsetzt. Sie arbeiten auf der Basis von Gleichheit und die General\u00adversammlung trifft kollektiv alle Ent\u00adscheidungen.<\/p>\n<p class=\"bodytext\" align=\"justify\">&lt;&lt;&lt; PROGRAMM &gt;&gt;&gt;<br \/>\n14:00 &#8211; Beginn<\/p>\n<p>15:00 &#8211; Kleinaktion \/ Flashmob<br \/>\n&#8222;Den Griechen wird das letzte Hemd ausgezogen&#8220;<\/p>\n<p>17:00 &#8211; open Space<\/p>\n<p>18:00 &#8211; Kleinaktion \/ Theater<br \/>\n&#8222;Waterboarding-Simulation&#8220;<\/p>\n<p>Durchgehend: Infostand \/ Kundgebungen \/ Soli-Seife \/ Flugbl\u00e4tter<\/p>\n<p class=\"bodytext\">VeranstalterIn:\u00a0Solidarit\u00e4t mit Griechenland &#8211; Graz, ist eine Plattform von Gruppen und Einzelpersonen,\u00a0\u00a0 Attac Graz, die linkestmk;\u00a0 und weitere Vereine sind\u00a0 Teil dieser Plattform<\/p>\n<p>&nbsp;<\/p>\n<table>\n<tbody>\n<tr>\n<td><\/td>\n<td><\/td>\n<\/tr>\n<\/tbody>\n<\/table>\n","protected":false},"excerpt":{"rendered":"<p>Kundgebung organisiert von: &#8222;Solidarit\u00e4t mit Griechenland &#8211; Graz&#8220; Fr,\u00a026.\u00a0Juni 14:00 &#8211; 19:00 Graz, Hauptbahnhof<\/p>\n","protected":false},"author":2,"featured_media":0,"comment_status":"open","ping_status":"open","sticky":false,"template":"","format":"standard","meta":{"footnotes":""},"categories":[1],"tags":[],"class_list":["post-3885","post","type-post","status-publish","format-standard","hentry","category-allgemein"],"_links":{"self":[{"href":"https:\/\/www.friedensplattform.at\/index.php?rest_route=\/wp\/v2\/posts\/3885","targetHints":{"allow":["GET"]}}],"collection":[{"href":"https:\/\/www.friedensplattform.at\/index.php?rest_route=\/wp\/v2\/posts"}],"about":[{"href":"https:\/\/www.friedensplattform.at\/index.php?rest_route=\/wp\/v2\/types\/post"}],"author":[{"embeddable":true,"href":"https:\/\/www.friedensplattform.at\/index.php?rest_route=\/wp\/v2\/users\/2"}],"replies":[{"embeddable":true,"href":"https:\/\/www.friedensplattform.at\/index.php?rest_route=%2Fwp%2Fv2%2Fcomments&post=3885"}],"version-history":[{"count":1,"href":"https:\/\/www.friedensplattform.at\/index.php?rest_route=\/wp\/v2\/posts\/3885\/revisions"}],"predecessor-version":[{"id":3886,"href":"https:\/\/www.friedensplattform.at\/index.php?rest_route=\/wp\/v2\/posts\/3885\/revisions\/3886"}],"wp:attachment":[{"href":"https:\/\/www.friedensplattform.at\/index.php?rest_route=%2Fwp%2Fv2%2Fmedia&parent=3885"}],"wp:term":[{"taxonomy":"category","embeddable":true,"href":"https:\/\/www.friedensplattform.at\/index.php?rest_route=%2Fwp%2Fv2%2Fcategories&post=3885"},{"taxonomy":"post_tag","embeddable":true,"href":"https:\/\/www.friedensplattform.at\/index.php?rest_route=%2Fwp%2Fv2%2Ftags&post=3885"}],"curies":[{"name":"wp","href":"https:\/\/api.w.org\/{rel}","templated":true}]}}