{"id":3894,"date":"2015-08-23T04:11:59","date_gmt":"2015-08-23T04:11:59","guid":{"rendered":"http:\/\/www.friedensplattform.at\/?p=3894"},"modified":"2015-08-23T04:13:18","modified_gmt":"2015-08-23T04:13:18","slug":"empoerter-leserinnenbrief-an-die-presse-zu-gaza","status":"publish","type":"post","link":"https:\/\/www.friedensplattform.at\/?p=3894","title":{"rendered":"Emp\u00f6rter Leserinnenbrief an die Presse zu Gaza"},"content":{"rendered":"<p><em>Ist es ein Zufall, dass Ihr Artikel kurz nach der Ank\u00fcndigung durch die israelische Regierung, weitere 300 v\u00f6lkerrechtswidrige Wohnungen in der Westbank zu errichten, erscheint? Und ein paar Tage nach dem grauenvollen Brandanschlag mit Todesfolgen, ausgef\u00fchrt von faschistischen Siedlern in der Westbank? Die Welt\u00f6ffentlichkeit lehnt immer mehr das israelische Apartheidsystem und die Kolonialisierung Pal\u00e4stinas ab. Wollen Sie nun tats\u00e4chlich um Sympathie f\u00fcr die<\/em> Siedlerfamilien<em> werben??<\/em><\/p>\n<p><!--more--><\/p>\n<div><\/div>\n<div>Werte Redaktion!<\/div>\n<div>\n<p>Guten Tag, Frau Knaul!<\/p>\n<p>In der Wochenendausgabe der Presse vom 9. August durften Sie einen Artikel \u00fcber den 10 j\u00e4hrigen Jahrestag des Abzugs der israelischen Siedler aus Gaza ver\u00f6ffentlichen. (Link unten an)<\/p>\n<p>Sie beschreiben in sympathisierenden Worten eine Idylle des vergangenen Siedlerlebens in Gaza, was die Siedlerfamilien dort nicht alles aufgebaut h\u00e4tten und wie traumatisch der R\u00fcckzug aus Gaza f\u00fcr sie gewesen w\u00e4re. In diesem Zusammenhang sprechen Sie sogar von Vertreibung. Ich muss Ihnen ehrlich sagen: mein Emp\u00f6ren \u00fcber diesen Artikel nahm von Zeile zu Zeile zu. Auf zwei Seiten Gro\u00dfformat haben Sie kein einziges Mal erw\u00e4hnt, dass die Siedlerfamilien sich dort v\u00f6lkerrechtswidrig niedergelassen haben! Es ist n\u00e4mlich \u2013 wie Sie sicherlich wissen \u2013 v\u00f6lkerrechtlich verboten, in besetzte Gebiete Siedler zu transferieren. Jeder einzelne Siedler, der nach der Eroberung Gazas sich dort niederlie\u00df hat damit illegal gehandelt. Israel hat sich im Friedensabkommen von Oslo 1995 zum R\u00fcckzug der Siedler aus Westbank und Gaza verpflichtet \u2013 10 Jahre (!) hat es bis zum R\u00fcckzug aus Gaza gebraucht und in der Westbank hat die israelische Regierung in den letzten Jahren ihre Siedlungen entgegen dem V\u00f6lkerrecht und dem Friedensabkommen vervielfacht.<\/p>\n<p>Vergeblich muss man in Ihrem Artikel auch nach Worten suchen, die vom Terror der israelischen Siedler und der zu ihrem Schutz stationierten Soldaten erz\u00e4hlen, den diese \u00fcber Jahrzehnte an der pal\u00e4stinensischen Bev\u00f6lkerung ver\u00fcbt haben. Ebenfalls berichten Sie Ihren LeserInnen nicht \u00fcber das errichtete Apartheidsystem in Gaza (und Westbank), welches den Siedlerfamilien zahlreiche Privilegien wie Baugenehmigungen, eigene Stra\u00dfen, 40% Grundfl\u00e4che f\u00fcr 9.000 Siedler, unbegrenzter Wasserverbrauch,&#8230;. und den einheimischen pal\u00e4stinensischen Familien Benachteiligung und Unterdr\u00fcckung wie Checkpoints, \u00dcbergriffe, zu wenig Land, zu wenig Wasser, willk\u00fcrliche Verhaftungen, Zerst\u00f6rung, &#8230;.brachte.<\/p>\n<p>Richtigerweise titulieren Sie Ihren Artikel mit Abzug aus Gaza \u2013 ein milit\u00e4rischer Begriff, der sehr gut zur Rolle der Siedler passt. Es handelt sich n\u00e4mlich keineswegs um harmlose Siedlungen, wie wir sie aus unserem Umfeld kennen, sondern um strategische Wehrd\u00f6rfer mit milit\u00e4rischer Funktion. Wenn einfache Menschen umsiedeln, w\u00fcrde man wohl kaum diesen Begriff verwenden.<\/p>\n<p>Ist es ein Zufall, dass Ihr Artikel kurz nach der Ank\u00fcndigung durch die israelische Regierung, weitere 300 v\u00f6lkerrechtswidrige Wohnungen in der Westbank zu errichten, erscheint? Und ein paar Tage nach dem grauenvollen Brandanschlag mit Todesfolgen, ausgef\u00fchrt von faschistischen Siedlern in der Westbank? Die Welt\u00f6ffentlichkeit lehnt immer mehr das israelische Apartheidsystem und die Kolonialisierung Pal\u00e4stinas ab. Wollen Sie nun tats\u00e4chlich um Sympathie f\u00fcr die Siederlfamilien werben??<\/p>\n<p>An die Redaktion der Presse m\u00f6chte ich appellieren, zum 10. Jahrestag in einer baldigen Ausgabe einen Bericht dar\u00fcber zu bringen, wieviel Leid, Armut, Zerst\u00f6rung die Siedler und ihre Soldaten in Gaza angerichtet haben.<\/p>\n<div class=\"yj6qo ajU\">\n<div id=\":16u\" class=\"ajR\" tabindex=\"0\" data-tooltip=\"Maximierten Inhalt ausblenden\"><img decoding=\"async\" class=\"ajT\" src=\"https:\/\/ssl.gstatic.com\/ui\/v1\/icons\/mail\/images\/cleardot.gif\" alt=\"\" \/>Roswitha Al-Hussein<\/div>\n<\/div>\n<\/div>\n<p><a href=\"http:\/\/diepresse.com\/home\/politik\/aussenpolitik\/4795817\/Der-Abzug-aus-Gaza-Israels-Trauma?from=suche.intern.portal\">http:\/\/diepresse.com\/home\/politik\/aussenpolitik\/4795817\/Der-Abzug-aus-Gaza-Israels-Trauma?from=suche.intern.portal<\/a><\/p>\n","protected":false},"excerpt":{"rendered":"<p>Ist es ein Zufall, dass Ihr Artikel kurz nach der Ank\u00fcndigung durch die israelische Regierung, weitere 300 v\u00f6lkerrechtswidrige Wohnungen in der Westbank zu errichten, erscheint? Und ein paar Tage nach dem grauenvollen Brandanschlag mit Todesfolgen, ausgef\u00fchrt von faschistischen Siedlern in der Westbank? Die Welt\u00f6ffentlichkeit lehnt immer mehr das israelische Apartheidsystem und die Kolonialisierung Pal\u00e4stinas ab. &hellip; <a href=\"https:\/\/www.friedensplattform.at\/?p=3894\" class=\"more-link\"><span class=\"screen-reader-text\">Emp\u00f6rter Leserinnenbrief an die Presse zu Gaza<\/span> weiterlesen <span class=\"meta-nav\">&rarr;<\/span><\/a><\/p>\n","protected":false},"author":3,"featured_media":0,"comment_status":"open","ping_status":"open","sticky":false,"template":"","format":"standard","meta":{"footnotes":""},"categories":[18],"tags":[],"class_list":["post-3894","post","type-post","status-publish","format-standard","hentry","category-palaestina-solidaritaet"],"_links":{"self":[{"href":"https:\/\/www.friedensplattform.at\/index.php?rest_route=\/wp\/v2\/posts\/3894","targetHints":{"allow":["GET"]}}],"collection":[{"href":"https:\/\/www.friedensplattform.at\/index.php?rest_route=\/wp\/v2\/posts"}],"about":[{"href":"https:\/\/www.friedensplattform.at\/index.php?rest_route=\/wp\/v2\/types\/post"}],"author":[{"embeddable":true,"href":"https:\/\/www.friedensplattform.at\/index.php?rest_route=\/wp\/v2\/users\/3"}],"replies":[{"embeddable":true,"href":"https:\/\/www.friedensplattform.at\/index.php?rest_route=%2Fwp%2Fv2%2Fcomments&post=3894"}],"version-history":[{"count":2,"href":"https:\/\/www.friedensplattform.at\/index.php?rest_route=\/wp\/v2\/posts\/3894\/revisions"}],"predecessor-version":[{"id":3896,"href":"https:\/\/www.friedensplattform.at\/index.php?rest_route=\/wp\/v2\/posts\/3894\/revisions\/3896"}],"wp:attachment":[{"href":"https:\/\/www.friedensplattform.at\/index.php?rest_route=%2Fwp%2Fv2%2Fmedia&parent=3894"}],"wp:term":[{"taxonomy":"category","embeddable":true,"href":"https:\/\/www.friedensplattform.at\/index.php?rest_route=%2Fwp%2Fv2%2Fcategories&post=3894"},{"taxonomy":"post_tag","embeddable":true,"href":"https:\/\/www.friedensplattform.at\/index.php?rest_route=%2Fwp%2Fv2%2Ftags&post=3894"}],"curies":[{"name":"wp","href":"https:\/\/api.w.org\/{rel}","templated":true}]}}