{"id":3898,"date":"2015-09-05T13:46:40","date_gmt":"2015-09-05T13:46:40","guid":{"rendered":"http:\/\/www.friedensplattform.at\/?p=3898"},"modified":"2015-09-05T13:46:40","modified_gmt":"2015-09-05T13:46:40","slug":"widerstand-gegen-die-israelische-besatzung","status":"publish","type":"post","link":"https:\/\/www.friedensplattform.at\/?p=3898","title":{"rendered":"WIDERSTAND GEGEN DIE ISRAELISCHE BESATZUNG"},"content":{"rendered":"<p>Aktivist RENEN RAZ aus Pal\u00e4stina\/Israel kommt nach Graz<br \/>\nMONTAG, 14. SEPTEMBER<br \/>\n19:00<br \/>\nGemeindesaal der Heilandskirche<br \/>\nGraz, Kaiser-Josef-Platz 9<\/p>\n<p>Wie kam es dazu, dass sich Israel so verh\u00e4lt, als ob es das internationale Recht straflos missachten kann? Was kann man dagegen tun? Renen Raz hat den Kriegsdienst bei der israelischen Armee verweigert. <!--more--><\/p>\n<p>Er bezeichnet sich als Anti-Zionist und sagt: Israel hat seit seiner Gr\u00fcndung auf dem Land der Pal\u00e4stinenser fundamentale Menschenrechte verletzt.<br \/>\nAls Aktivist von Boykott, Desinvestment, Sanktionen (BDS) versucht er die finanzielle Unterst\u00fctzung f\u00fcr ein Regime zu stoppen, das die indigene Bev\u00f6lkerung der Pal\u00e4stinenserInnen unter zerm\u00fcrbender menschenrechtswidriger Besatzung h\u00e4lt und dauerhaft seiner politischen Rechte zu berauben versucht.<\/p>\n<p>Renen Raz: <em>\u201eWir m\u00fcssen Israel boykottieren, weil wir aus der Geschichte gelernt haben, dass es inakzeptabel ist, wenn ein Land bzw. seine F\u00fchrung Zivilisten aus der Luft und von See aus bombardiert,\u2026Wir unterst\u00fctzen BDS, weil wir beiden V\u00f6lkern und der gesamten Region eine bessere Zukunft schaffen wollen!&#8220;<\/em><\/p>\n<p><em><a href=\"http:\/\/www.friedensplattform.at\/wp-content\/uploads\/2015\/09\/Flyer-_RenenRaz_.pdf\">Flyer _RenenRaz_<\/a><\/em><\/p>\n<p><a href=\"http:\/\/www.friedensplattform.at\/wp-content\/uploads\/2015\/09\/Logo_\u00c4gyptische-Gemeinde.jpg\"><img loading=\"lazy\" decoding=\"async\" class=\"alignnone size-medium wp-image-3899\" src=\"http:\/\/www.friedensplattform.at\/wp-content\/uploads\/2015\/09\/Logo_\u00c4gyptische-Gemeinde-300x96.jpg\" alt=\"Logo_\u00c4gyptische Gemeinde\" width=\"300\" height=\"96\" srcset=\"https:\/\/www.friedensplattform.at\/wp-content\/uploads\/2015\/09\/Logo_\u00c4gyptische-Gemeinde-300x96.jpg 300w, https:\/\/www.friedensplattform.at\/wp-content\/uploads\/2015\/09\/Logo_\u00c4gyptische-Gemeinde-1024x329.jpg 1024w\" sizes=\"auto, (max-width: 300px) 100vw, 300px\" \/><\/a> <a href=\"http:\/\/www.friedensplattform.at\/wp-content\/uploads\/2015\/09\/LOGO_WELTLADEN_4C_auf_weiss_ab_2010.jpg\"><img loading=\"lazy\" decoding=\"async\" class=\"alignnone size-medium wp-image-3900\" src=\"http:\/\/www.friedensplattform.at\/wp-content\/uploads\/2015\/09\/LOGO_WELTLADEN_4C_auf_weiss_ab_2010-300x186.jpg\" alt=\"LOGO_WELTLADEN_4C_auf_weiss_ab_2010\" width=\"300\" height=\"186\" srcset=\"https:\/\/www.friedensplattform.at\/wp-content\/uploads\/2015\/09\/LOGO_WELTLADEN_4C_auf_weiss_ab_2010-300x186.jpg 300w, https:\/\/www.friedensplattform.at\/wp-content\/uploads\/2015\/09\/LOGO_WELTLADEN_4C_auf_weiss_ab_2010-1024x634.jpg 1024w, https:\/\/www.friedensplattform.at\/wp-content\/uploads\/2015\/09\/LOGO_WELTLADEN_4C_auf_weiss_ab_2010.jpg 1482w\" sizes=\"auto, (max-width: 300px) 100vw, 300px\" \/><\/a><a href=\"http:\/\/www.friedensplattform.at\/wp-content\/uploads\/2015\/09\/StFP3.jpg\"><img loading=\"lazy\" decoding=\"async\" class=\"alignnone size-medium wp-image-3901\" src=\"http:\/\/www.friedensplattform.at\/wp-content\/uploads\/2015\/09\/StFP3-300x88.jpg\" alt=\"StFP3\" width=\"300\" height=\"88\" \/><\/a>evangelisches bildungswerk steiermark<\/p>\n","protected":false},"excerpt":{"rendered":"<p>Aktivist RENEN RAZ aus Pal\u00e4stina\/Israel kommt nach Graz MONTAG, 14. SEPTEMBER 19:00 Gemeindesaal der Heilandskirche Graz, Kaiser-Josef-Platz 9 Wie kam es dazu, dass sich Israel so verh\u00e4lt, als ob es das internationale Recht straflos missachten kann? Was kann man dagegen tun? Renen Raz hat den Kriegsdienst bei der israelischen Armee verweigert.<\/p>\n","protected":false},"author":3,"featured_media":0,"comment_status":"open","ping_status":"open","sticky":false,"template":"","format":"standard","meta":{"footnotes":""},"categories":[18,21],"tags":[],"class_list":["post-3898","post","type-post","status-publish","format-standard","hentry","category-palaestina-solidaritaet","category-veranstaltungshinweise"],"_links":{"self":[{"href":"https:\/\/www.friedensplattform.at\/index.php?rest_route=\/wp\/v2\/posts\/3898","targetHints":{"allow":["GET"]}}],"collection":[{"href":"https:\/\/www.friedensplattform.at\/index.php?rest_route=\/wp\/v2\/posts"}],"about":[{"href":"https:\/\/www.friedensplattform.at\/index.php?rest_route=\/wp\/v2\/types\/post"}],"author":[{"embeddable":true,"href":"https:\/\/www.friedensplattform.at\/index.php?rest_route=\/wp\/v2\/users\/3"}],"replies":[{"embeddable":true,"href":"https:\/\/www.friedensplattform.at\/index.php?rest_route=%2Fwp%2Fv2%2Fcomments&post=3898"}],"version-history":[{"count":1,"href":"https:\/\/www.friedensplattform.at\/index.php?rest_route=\/wp\/v2\/posts\/3898\/revisions"}],"predecessor-version":[{"id":3903,"href":"https:\/\/www.friedensplattform.at\/index.php?rest_route=\/wp\/v2\/posts\/3898\/revisions\/3903"}],"wp:attachment":[{"href":"https:\/\/www.friedensplattform.at\/index.php?rest_route=%2Fwp%2Fv2%2Fmedia&parent=3898"}],"wp:term":[{"taxonomy":"category","embeddable":true,"href":"https:\/\/www.friedensplattform.at\/index.php?rest_route=%2Fwp%2Fv2%2Fcategories&post=3898"},{"taxonomy":"post_tag","embeddable":true,"href":"https:\/\/www.friedensplattform.at\/index.php?rest_route=%2Fwp%2Fv2%2Ftags&post=3898"}],"curies":[{"name":"wp","href":"https:\/\/api.w.org\/{rel}","templated":true}]}}