{"id":3905,"date":"2015-09-10T06:11:22","date_gmt":"2015-09-10T06:11:22","guid":{"rendered":"http:\/\/www.friedensplattform.at\/?p=3905"},"modified":"2015-09-10T06:12:20","modified_gmt":"2015-09-10T06:12:20","slug":"keine-ruestunggeschaefte-mit-iran-leserbrief-an-die-kleine-zeitung","status":"publish","type":"post","link":"https:\/\/www.friedensplattform.at\/?p=3905","title":{"rendered":"Keine R\u00fcstunggesch\u00e4fte mit Iran!   Leserbrief an die Kleine Zeitung"},"content":{"rendered":"<p><span style=\"font-family: Arial;\"><br \/>\n<\/span><span style=\"font-family: Arial;\">Seit langer Zeit<\/span><span style=\"font-family: Arial;\"> betreibt der Westen\u00a0 gegen\u00fcber den Menschen in Afrika und Asien eine ebenso kurzsichtige wie h\u00e4ufig skrupellose Politik.\u00a0 Ein Aspekt davon ist die absolut verantwortungslose Gesch\u00e4ftemacherei der lukrativen R\u00fcstungsexporte in <\/span><span style=\"font-family: Arial;\">Krisenregionen. <\/span><!--more--><\/p>\n<p><span style=\"font-family: Arial;\">\u00d6sterreich ist hier zwar keiner der gro\u00dfen Schurken. Ein Unschuldslamm sind wir aber gewiss nicht. So haben wir\u00a0 in den 1980-er Jahren Saddam Hussein mit den weitreichenden GHN 45 Kanonen aufger\u00fcstet. Die dieser prompt auch gegen den Iran zum Einsatz brachte. Und immer wieder einmal tauchen \u00f6sterreichische Waffen an heute aktuellen Kriegsschaupl\u00e4tzen auf. So etwa in Lybien und Somalia.\u00a0 Auch der Jemen und die syrische Diktatur Assad wurde von uns noch vor ein paar Jahren mit Waffen und Munition beliefert. Mit dem derzeitigen Fl\u00fcchtlingsstrom schl\u00e4gt eine der schlimmen Folgen dieser skrupellosen Politik sp\u00fcrbar auch in unser Land zur\u00fcck.<\/span><\/p>\n<p>Die k\u00fcrzlich beschlossene Atomvereinbarung mit dem Iran ist sehr zu begr\u00fc\u00dfen. Ebenso &#8211; unter Einforderung der Menschenrechte! &#8211; die Wiederaufnahme der wechselseitigen Wirtschaftsbeziehungen. Wenn\u00a0 jetzt unser Bundespr\u00e4sident in Begleitung von namhaften Industriellen nach Teheran reist, so sehen wir das <span style=\"font-family: Arial;\">aber <\/span><span style=\"font-family: Arial;\">auch mit gro\u00dfer Sorge. H\u00e4ufig wurden und werden bei solchen Reisen auch R\u00fcstungskooperationen angebahnt. Bundespr\u00e4sident Fischer steht in Verantwortung daf\u00fcr, sich nicht als &#8222;Schuhl\u00f6ffel&#8220; f\u00fcr derartige Gesch\u00e4fte mit dem Tod herzugeben. Das gilt nat\u00fcrlich auch f\u00fcr alle Nachbarn des Iran, einschlie\u00dflich der Besatzungsmacht Israel.<\/span><\/p>\n<p>Es ist h\u00f6chste Zeit, dass das neutrale \u00d6sterreich <span style=\"font-family: Arial;\">aus den aktuellen Kriegen und den dadurch ausgel\u00f6sten\u00a0<\/span><span style=\"font-family: Arial;\"> gigantischen humant\u00e4ren Katastrophen<\/span><span style=\"font-family: Arial;\"> die <\/span><span style=\"font-family: Arial;\">Konsequenz der\u00a0<\/span> <span style=\"font-family: Arial;\">grunds\u00e4tzliche <\/span><span style=\"font-family: Arial;\">Einstellung aller R\u00fcstungsexporte zieht. <\/span><span style=\"font-family: Arial;\">Tun wir das nicht, so trifft <\/span><span style=\"font-family: Arial;\">unsere Rede vom Frieden und Menschlichkeit<\/span><span style=\"font-family: Arial;\"> zurecht die Anklage der <\/span><span style=\"font-family: Arial;\">Doppelb\u00f6digkeit<\/span><span style=\"font-family: Arial;\">\u00a0 und Unglaubw\u00fcrdigkeit. In der religi\u00f6sen Sprache seiner Zeit hat Erasmus von Rotterdam\u00a0 das schon vor 500 Jahren so formuliert:\u00a0 &#8222;Wir besch\u00f6nigen den offenkundigen Wahnsinn der R\u00fcstung. &#8230;.. Unterdessen veranstaltet man feierlich Bittg\u00e4nge. Mit lauten Rufen fleht man um Frieden. &#8230; Hat nicht Gott alles recht darauf zu antworten: was spottet ihr meiner. Mich ruft ihr an, dass ich abwehre, was ihr eigenwillig heraufbeschworen habt.&#8220; (Erasmus, Friedensschriften, um 1510).<br \/>\n\u00dcbersetzt ins Heute\u00a0 hei\u00dft das: Ist unser HBP hier nicht eindeutig, dann sollte er sich zuk\u00fcnftig auch jeden angeblich &#8222;solidarischen&#8220; Ortsaugenschein in Traiskirchen sparen &#8230;.<br \/>\n<\/span><!--more--><\/p>\n<pre class=\"moz-signature\">F\u00fcr die steirische Friedensplattform \r\n\r\nFranz S\u00f6lkner<\/pre>\n","protected":false},"excerpt":{"rendered":"<p>Seit langer Zeit betreibt der Westen\u00a0 gegen\u00fcber den Menschen in Afrika und Asien eine ebenso kurzsichtige wie h\u00e4ufig skrupellose Politik.\u00a0 Ein Aspekt davon ist die absolut verantwortungslose Gesch\u00e4ftemacherei der lukrativen R\u00fcstungsexporte in Krisenregionen.<\/p>\n","protected":false},"author":2,"featured_media":0,"comment_status":"open","ping_status":"open","sticky":false,"template":"","format":"standard","meta":{"footnotes":""},"categories":[1],"tags":[],"class_list":["post-3905","post","type-post","status-publish","format-standard","hentry","category-allgemein"],"_links":{"self":[{"href":"https:\/\/www.friedensplattform.at\/index.php?rest_route=\/wp\/v2\/posts\/3905","targetHints":{"allow":["GET"]}}],"collection":[{"href":"https:\/\/www.friedensplattform.at\/index.php?rest_route=\/wp\/v2\/posts"}],"about":[{"href":"https:\/\/www.friedensplattform.at\/index.php?rest_route=\/wp\/v2\/types\/post"}],"author":[{"embeddable":true,"href":"https:\/\/www.friedensplattform.at\/index.php?rest_route=\/wp\/v2\/users\/2"}],"replies":[{"embeddable":true,"href":"https:\/\/www.friedensplattform.at\/index.php?rest_route=%2Fwp%2Fv2%2Fcomments&post=3905"}],"version-history":[{"count":3,"href":"https:\/\/www.friedensplattform.at\/index.php?rest_route=\/wp\/v2\/posts\/3905\/revisions"}],"predecessor-version":[{"id":3908,"href":"https:\/\/www.friedensplattform.at\/index.php?rest_route=\/wp\/v2\/posts\/3905\/revisions\/3908"}],"wp:attachment":[{"href":"https:\/\/www.friedensplattform.at\/index.php?rest_route=%2Fwp%2Fv2%2Fmedia&parent=3905"}],"wp:term":[{"taxonomy":"category","embeddable":true,"href":"https:\/\/www.friedensplattform.at\/index.php?rest_route=%2Fwp%2Fv2%2Fcategories&post=3905"},{"taxonomy":"post_tag","embeddable":true,"href":"https:\/\/www.friedensplattform.at\/index.php?rest_route=%2Fwp%2Fv2%2Ftags&post=3905"}],"curies":[{"name":"wp","href":"https:\/\/api.w.org\/{rel}","templated":true}]}}