{"id":3913,"date":"2015-09-19T08:33:53","date_gmt":"2015-09-19T08:33:53","guid":{"rendered":"http:\/\/www.friedensplattform.at\/?p=3913"},"modified":"2015-09-19T08:33:53","modified_gmt":"2015-09-19T08:33:53","slug":"fpf-treff-am-di-22-september-19-bis-21-uhr-gh-alte-muenze-schlossbergplatz","status":"publish","type":"post","link":"https:\/\/www.friedensplattform.at\/?p=3913","title":{"rendered":"FPF-Treff  am Di. 22. September   19 bis 21 Uhr  Gh: ALTE M\u00dcNZE; Schlossbergplatz"},"content":{"rendered":"<p>Vorgeschlagener Ablauf:<\/p>\n<p>19 bis 20 Uhr:\u00a0 Kurzberichte ( Kundgebungen, Veranstaltungen &#8230;.)<br \/>\n9. Okt.\u00a0 \u00a0Kundgebung in allen LH-St\u00e4dten; auch in Graz wegen &#8222;Staatssicherheitsgesetz&#8220; das am 13. Okt. im Parlament verabschiedet wird.<br \/>\n26. Okt. Neutralit\u00e4t \u00d6sterreichs\u00a0 &#8222;Frieden u. Neuralit\u00e4t statt\u00a0 EU Militarisierung!&#8220;<br \/>\nF\u00fcr einen \u00f6sterr. R\u00fcstungsatlas? ( Pax Christi &#8230;.)<\/p>\n<p>20\u00a0 bis 21 Uhr: Fl\u00fcchtlingssituation und Kriege\u00a0 \u00a0( vielleicht eine Kundgebung dazu)<br \/>\nEinsch\u00e4tzung von Krisenherden<br \/>\n&#8230;&#8230;&#8230;.<br \/>\nAllf\u00e4lliges<\/p>\n","protected":false},"excerpt":{"rendered":"<p>Vorgeschlagener Ablauf: 19 bis 20 Uhr:\u00a0 Kurzberichte ( Kundgebungen, Veranstaltungen &#8230;.) 9. Okt.\u00a0 \u00a0Kundgebung in allen LH-St\u00e4dten; auch in Graz wegen &#8222;Staatssicherheitsgesetz&#8220; das am 13. Okt. im Parlament verabschiedet wird. 26. Okt. Neutralit\u00e4t \u00d6sterreichs\u00a0 &#8222;Frieden u. Neuralit\u00e4t statt\u00a0 EU Militarisierung!&#8220; F\u00fcr einen \u00f6sterr. R\u00fcstungsatlas? ( Pax Christi &#8230;.) 20\u00a0 bis 21 Uhr: Fl\u00fcchtlingssituation und Kriege\u00a0 &hellip; <a href=\"https:\/\/www.friedensplattform.at\/?p=3913\" class=\"more-link\"><span class=\"screen-reader-text\">FPF-Treff  am Di. 22. September   19 bis 21 Uhr  Gh: ALTE M\u00dcNZE; Schlossbergplatz<\/span> weiterlesen <span class=\"meta-nav\">&rarr;<\/span><\/a><\/p>\n","protected":false},"author":3,"featured_media":0,"comment_status":"open","ping_status":"open","sticky":false,"template":"","format":"standard","meta":{"footnotes":""},"categories":[26],"tags":[],"class_list":["post-3913","post","type-post","status-publish","format-standard","hentry","category-naechstes-friedensplattformtreffen"],"_links":{"self":[{"href":"https:\/\/www.friedensplattform.at\/index.php?rest_route=\/wp\/v2\/posts\/3913","targetHints":{"allow":["GET"]}}],"collection":[{"href":"https:\/\/www.friedensplattform.at\/index.php?rest_route=\/wp\/v2\/posts"}],"about":[{"href":"https:\/\/www.friedensplattform.at\/index.php?rest_route=\/wp\/v2\/types\/post"}],"author":[{"embeddable":true,"href":"https:\/\/www.friedensplattform.at\/index.php?rest_route=\/wp\/v2\/users\/3"}],"replies":[{"embeddable":true,"href":"https:\/\/www.friedensplattform.at\/index.php?rest_route=%2Fwp%2Fv2%2Fcomments&post=3913"}],"version-history":[{"count":1,"href":"https:\/\/www.friedensplattform.at\/index.php?rest_route=\/wp\/v2\/posts\/3913\/revisions"}],"predecessor-version":[{"id":3914,"href":"https:\/\/www.friedensplattform.at\/index.php?rest_route=\/wp\/v2\/posts\/3913\/revisions\/3914"}],"wp:attachment":[{"href":"https:\/\/www.friedensplattform.at\/index.php?rest_route=%2Fwp%2Fv2%2Fmedia&parent=3913"}],"wp:term":[{"taxonomy":"category","embeddable":true,"href":"https:\/\/www.friedensplattform.at\/index.php?rest_route=%2Fwp%2Fv2%2Fcategories&post=3913"},{"taxonomy":"post_tag","embeddable":true,"href":"https:\/\/www.friedensplattform.at\/index.php?rest_route=%2Fwp%2Fv2%2Ftags&post=3913"}],"curies":[{"name":"wp","href":"https:\/\/api.w.org\/{rel}","templated":true}]}}