{"id":3916,"date":"2015-09-28T20:05:40","date_gmt":"2015-09-28T20:05:40","guid":{"rendered":"http:\/\/www.friedensplattform.at\/?p=3916"},"modified":"2015-09-28T20:06:31","modified_gmt":"2015-09-28T20:06:31","slug":"peter-strutynski-ist-tot","status":"publish","type":"post","link":"https:\/\/www.friedensplattform.at\/?p=3916","title":{"rendered":"Peter Strutynski ist tot."},"content":{"rendered":"<p>&nbsp;<\/p>\n<p>Er starb an den Folgen eines Gehirntumors in der Nacht zum 27. September 2015.<!--more--> F\u00fcr deutschsprachige Linke war er eine Institution, ein aufrechter K\u00e4mpfer gegen den Krieg. Sein j\u00e4hrlich stattfindender \u201eKasseler Friedensratschlag\u201c hat Lehrende und Lernende zusammengebracht. Generationen von Friedensbewegten sind durch diese einzigartige Institution gegangen, die eine antikapitalistische Denkschule im eigentlichen Sinn des Wortes war, und \u2013 so steht zu hoffen \u2013 im Gedenken an den Verstorben auch fortgef\u00fchrt werden wird.<\/p>\n<p>Der im Salzburger Ort Krimml im Jahr 1945 geborene Peter Strutynski lehrte Politikwissenschaften an der Universit\u00e4t Kassel. Von dort aus entwickelte er (zusammen mit Werner Ruf) die Webseite der AG Friedensforschung (<a href=\"https:\/\/3c.gmx.net\/mail\/client\/dereferrer?redirectUrl=http%3A%2F%2Fwww.ag-friedensforschung.de\">www.ag-friedensforschung.de<\/a>), die \u00fcber die Jahre zu einer unverzichtbaren Quelle f\u00fcr AktivistInnen, ForscherInnen und JournalistInnen geworden ist. Strutynski hat der Nachwelt damit das wohl umfangreichste Archiv f\u00fcr politische Zeitgeschichte aufbereitet.<\/p>\n<p>Wer Peter Strutynski pers\u00f6nlich kannte, musste von seiner inhaltlichen Festigkeit und organisatorischen Zielstrebigkeit beeindruckt sein. Zusammen mit seinem p\u00e4dagogischen Feingef\u00fchl hatte man einen Menschen vor sich, der seiner Analyse sicher war und dennoch in einem Ma\u00dfe zuh\u00f6ren konnte, das jene, die Dinge anders sahen oder sich in einer Materie weniger auskannten, in die Diskussion miteinbezog. Seine F\u00e4higkeit als Kommunikator hat Strukturen und Werke geschaffen, die seinen Tod \u00fcberdauern.<\/p>\n<p>Der Promedia Verlag beklagt den Verlust eines Autors und Herausgebers, der nicht nur mit seinem 2013 erschienenen Buch \u00a0\u201eT\u00f6ten per Fernbedienung. Kampfdrohnen im weltweiten Schattenkrieg\u201c eines der aktuell brisantesten Themen aufgegriffen hat, sondern auch immer zur Stelle war, wenn es um Einsch\u00e4tzungen oder Kontaktaufnahmen ging. Einer wie Peter kann nicht ersetzt werden. Wir trauern um ihn.<\/p>\n<p>Hannes Hofbauer &amp; Stefan Kraft\/ Promedia Verlag &#8212;<\/p>\n","protected":false},"excerpt":{"rendered":"<p>&nbsp; Er starb an den Folgen eines Gehirntumors in der Nacht zum 27. September 2015.<\/p>\n","protected":false},"author":2,"featured_media":0,"comment_status":"open","ping_status":"open","sticky":false,"template":"","format":"standard","meta":{"footnotes":""},"categories":[1],"tags":[],"class_list":["post-3916","post","type-post","status-publish","format-standard","hentry","category-allgemein"],"_links":{"self":[{"href":"https:\/\/www.friedensplattform.at\/index.php?rest_route=\/wp\/v2\/posts\/3916","targetHints":{"allow":["GET"]}}],"collection":[{"href":"https:\/\/www.friedensplattform.at\/index.php?rest_route=\/wp\/v2\/posts"}],"about":[{"href":"https:\/\/www.friedensplattform.at\/index.php?rest_route=\/wp\/v2\/types\/post"}],"author":[{"embeddable":true,"href":"https:\/\/www.friedensplattform.at\/index.php?rest_route=\/wp\/v2\/users\/2"}],"replies":[{"embeddable":true,"href":"https:\/\/www.friedensplattform.at\/index.php?rest_route=%2Fwp%2Fv2%2Fcomments&post=3916"}],"version-history":[{"count":2,"href":"https:\/\/www.friedensplattform.at\/index.php?rest_route=\/wp\/v2\/posts\/3916\/revisions"}],"predecessor-version":[{"id":3918,"href":"https:\/\/www.friedensplattform.at\/index.php?rest_route=\/wp\/v2\/posts\/3916\/revisions\/3918"}],"wp:attachment":[{"href":"https:\/\/www.friedensplattform.at\/index.php?rest_route=%2Fwp%2Fv2%2Fmedia&parent=3916"}],"wp:term":[{"taxonomy":"category","embeddable":true,"href":"https:\/\/www.friedensplattform.at\/index.php?rest_route=%2Fwp%2Fv2%2Fcategories&post=3916"},{"taxonomy":"post_tag","embeddable":true,"href":"https:\/\/www.friedensplattform.at\/index.php?rest_route=%2Fwp%2Fv2%2Ftags&post=3916"}],"curies":[{"name":"wp","href":"https:\/\/api.w.org\/{rel}","templated":true}]}}