{"id":3935,"date":"2015-11-04T20:17:56","date_gmt":"2015-11-04T20:17:56","guid":{"rendered":"http:\/\/www.friedensplattform.at\/?p=3935"},"modified":"2015-11-09T20:23:04","modified_gmt":"2015-11-09T20:23:04","slug":"naechstes-treffen-der-friedensplattform-10-11-18-uhr-krebsenkeller","status":"publish","type":"post","link":"https:\/\/www.friedensplattform.at\/?p=3935","title":{"rendered":"N\u00e4chstes Treffen der Friedensplattform: Dienstag,10.11. 18 Uhr Krebsenkeller"},"content":{"rendered":"<p><span style=\"font-family: Arial;\">Liebe FreundInnen,<\/p>\n<p>das n\u00e4chste AktivistInnen-Treffen derSteirischen Friedensplattform\u00a0 findet am Dienstag, 10. November um 18:00 Uhr im Restaurant Krebsenkeller, Sackstra\u00dfe 22 statt.<\/p>\n<p>TO u.a. <\/span><\/p>\n<ul>\n<li><span style=\"font-family: Arial;\">Nachbetrachtung zur Aktion &#8222;60 Jahre Neutralit\u00e4t in Wien&#8220;, <\/span><\/li>\n<\/ul>\n<ul>\n<li><span style=\"font-family: Arial;\">Vorschau auf unsere <\/span><span style=\"font-family: Arial;\">h\u00f6chst aktuelle Veranstaltung\/Buchvorstellung\/Diskussion zum Thema<\/span><span style=\"font-family: Arial;\"> &#8222;Syrien. Ein Land im<\/span><span style=\"font-family: Arial;\">\u00a0 Krieg. Hintergr\u00fcnde, Analysen, Berichte&#8220; am Dienstag, den 17. <\/span><span style=\"font-family: Arial;\">Nov., 19:00 Uhr im Weltladen, Reitschulgasse 14, 8010 Graz.<\/span><\/li>\n<\/ul>\n<ul>\n<li><span style=\"font-family: Arial;\">\u00a0<\/span>Aktuelle Berichte und Termine<\/li>\n<\/ul>\n<ul>\n<li>Planung Info-Stand<\/li>\n<\/ul>\n","protected":false},"excerpt":{"rendered":"<p>Liebe FreundInnen, das n\u00e4chste AktivistInnen-Treffen derSteirischen Friedensplattform\u00a0 findet am Dienstag, 10. November um 18:00 Uhr im Restaurant Krebsenkeller, Sackstra\u00dfe 22 statt. TO u.a. Nachbetrachtung zur Aktion &#8222;60 Jahre Neutralit\u00e4t in Wien&#8220;, Vorschau auf unsere h\u00f6chst aktuelle Veranstaltung\/Buchvorstellung\/Diskussion zum Thema &#8222;Syrien. Ein Land im\u00a0 Krieg. Hintergr\u00fcnde, Analysen, Berichte&#8220; am Dienstag, den 17. Nov., 19:00 Uhr im &hellip; <a href=\"https:\/\/www.friedensplattform.at\/?p=3935\" class=\"more-link\"><span class=\"screen-reader-text\">N\u00e4chstes Treffen der Friedensplattform: Dienstag,10.11. 18 Uhr Krebsenkeller<\/span> weiterlesen <span class=\"meta-nav\">&rarr;<\/span><\/a><\/p>\n","protected":false},"author":2,"featured_media":0,"comment_status":"open","ping_status":"open","sticky":false,"template":"","format":"standard","meta":{"footnotes":""},"categories":[1],"tags":[],"class_list":["post-3935","post","type-post","status-publish","format-standard","hentry","category-allgemein"],"_links":{"self":[{"href":"https:\/\/www.friedensplattform.at\/index.php?rest_route=\/wp\/v2\/posts\/3935","targetHints":{"allow":["GET"]}}],"collection":[{"href":"https:\/\/www.friedensplattform.at\/index.php?rest_route=\/wp\/v2\/posts"}],"about":[{"href":"https:\/\/www.friedensplattform.at\/index.php?rest_route=\/wp\/v2\/types\/post"}],"author":[{"embeddable":true,"href":"https:\/\/www.friedensplattform.at\/index.php?rest_route=\/wp\/v2\/users\/2"}],"replies":[{"embeddable":true,"href":"https:\/\/www.friedensplattform.at\/index.php?rest_route=%2Fwp%2Fv2%2Fcomments&post=3935"}],"version-history":[{"count":3,"href":"https:\/\/www.friedensplattform.at\/index.php?rest_route=\/wp\/v2\/posts\/3935\/revisions"}],"predecessor-version":[{"id":3938,"href":"https:\/\/www.friedensplattform.at\/index.php?rest_route=\/wp\/v2\/posts\/3935\/revisions\/3938"}],"wp:attachment":[{"href":"https:\/\/www.friedensplattform.at\/index.php?rest_route=%2Fwp%2Fv2%2Fmedia&parent=3935"}],"wp:term":[{"taxonomy":"category","embeddable":true,"href":"https:\/\/www.friedensplattform.at\/index.php?rest_route=%2Fwp%2Fv2%2Fcategories&post=3935"},{"taxonomy":"post_tag","embeddable":true,"href":"https:\/\/www.friedensplattform.at\/index.php?rest_route=%2Fwp%2Fv2%2Ftags&post=3935"}],"curies":[{"name":"wp","href":"https:\/\/api.w.org\/{rel}","templated":true}]}}