{"id":3959,"date":"2015-11-25T16:29:38","date_gmt":"2015-11-25T16:29:38","guid":{"rendered":"http:\/\/www.friedensplattform.at\/?p=3959"},"modified":"2015-11-25T16:32:39","modified_gmt":"2015-11-25T16:32:39","slug":"online-linksammlung-hintergrundinformationen-zu-flucht-migration-asyl","status":"publish","type":"post","link":"https:\/\/www.friedensplattform.at\/?p=3959","title":{"rendered":"Online-Linksammlung   Hintergrundinformationen zu Flucht, Migration, Asyl"},"content":{"rendered":"<p><b>\u00a0\u00a0\u00a0<\/b><b>\u00a0<\/b><b>\u00a0\u00a0 <\/b><b>\u00a0\u00a0<\/b><\/p>\n<ol>\n<li><b> Hintergrundinformationen zu Flucht, Migration, Asyl<\/b><b>\u00a0 <\/b><b>\u00a0\u00a0\u00a0 <\/b><b>\u00a0\u00a0\u00a0 <\/b><b>\u00a0\u00a0\u00a0 <\/b><\/li>\n<\/ol>\n<p><!--more--><\/p>\n<p><b> <\/b><b>\u00a0\u00a0\u00a0 <\/b><b>\u00a0\u00a0\u00a0\u00a0<\/b><b>\u00a0\u00a0 <\/b><b>\u00a0\u00a0\u00a0 <\/b><b>\u00a0\u00a0\u00a0 <\/b><b>\u00a0\u00a0\u00a0 <\/b><b>\u00a0\u00a0\u00a0 <\/b><\/p>\n<p>&nbsp;<\/p>\n<p>&nbsp;<\/p>\n<p>&nbsp;<\/p>\n<p><b>Flucht, Krieg in Syrien<\/b><\/p>\n<p><a href=\"https:\/\/www.youtube.com\/watch?v=FwSVTOuTIro\">https:\/\/www.youtube.com\/watch?v=FwSVTOuTIro<\/a> Dr. Thomas Schmidinger: Syrien &#8211; B\u00fcrgerkrieg und Flucht, PH-O\u00d6, 12.10.2015<\/p>\n<p><a href=\"https:\/\/www.youtube.com\/watch?v=OQ8rYf4sDvg\">https:\/\/www.youtube.com\/watch?v=OQ8rYf4sDvg<\/a> Auf der Flucht \u2013 Caritas: Video \u00fcber Ursachen f\u00fcr Flucht, Flucht aus Syrien, Verlauf von Flucht<\/p>\n<p><a href=\"https:\/\/www.youtube.com\/watch?v=RvOnXh3NN9w&amp;feature=youtu.be\">https:\/\/www.youtube.com\/watch?v=RvOnXh3NN9w&amp;feature=youtu.be<\/a> Was in Syrien geschah: Video \u00fcber den Hintergrund des Krieges in Syrien<\/p>\n<p><a href=\"https:\/\/www.youtube.com\/watch?v=MZC3wvxkQ-Y\">https:\/\/www.youtube.com\/watch?v=MZC3wvxkQ-Y<\/a> Mit Kilian Kleinschmidt durch das UNHCR-Fl\u00fcchtlingslager Zaatari<\/p>\n<p><a href=\"http:\/\/www.youngcaritas.at\/:\">http:\/\/www.youngcaritas.at\/<\/a> Aktuelles zu Flucht\/Asyl<\/p>\n<p><a href=\"https:\/\/www.youtube.com\/watch?v=0_QrIapiNOw\">https:\/\/www.youtube.com\/watch?v=0_QrIapiNOw<\/a> Where are the Syrian Refugees? &#8211; Video \u00fcber die Migrationsbewegungen von Menschen auf der Flucht aus Syrien<\/p>\n<p><a href=\"http:\/\/www.tagesspiegel.de\/berlin\/newcomer-in-berlin-nennt-mich-nicht-fluechtling\/12368912.html:\">http:\/\/www.tagesspiegel.de\/berlin\/newcomer-in-berlin-nennt-mich-nicht-fluechtling\/12368912.htm<\/a> Nennt mich nicht Fl\u00fcchtling: Begriffe, Generalisierungen<\/p>\n<p><a href=\"https:\/\/www.youtube.com\/watch?v=wtY6X-l02Qg\">https:\/\/www.youtube.com\/watch?v=wtY6X-l02Qg<\/a> &#8222;SAG&#8217;S MULTI!&#8220;-Preisverleihung 2013\/14: Rede Rohullah Naseri<\/p>\n<p>&nbsp;<\/p>\n<p><b>Asyl in \u00d6sterreich<\/b><\/p>\n<p><a href=\"http:\/\/www.menschen-leben.at\/asyl\/asyl-in-osterreich\/\">www.menschen-leben.at\/asyl\/asyl-in-osterreich\/<\/a> Asyl in \u00d6sterreich: Hintergrundinformationen, Gesetzliche Grundlagen, kurz und \u00fcbersichtlich<\/p>\n<p><a href=\"http:\/\/www.unhcr.at\/unhcr\/in-oesterreich\/fluechtlingsland-oesterreich\/fakten-zu-asyl-in-oesterreich.html\">www.unhcr.at\/unhcr\/in-oesterreich\/fluechtlingsland-oesterreich\/fakten-zu-asyl-in-oesterreich.html<\/a><\/p>\n<p>Hintergrundinformationen zu Flucht, Migration, Asyl in Bezug auf \u00d6sterreich<\/p>\n<p><a href=\"http:\/\/www.soziales.steiermark.at\/cms\/ziel\/112908349\/DE\">http:\/\/www.soziales.steiermark.at\/cms\/ziel\/112908349\/DE<\/a>: Grundversorgung der AslywerberInnen in der Stmk.<\/p>\n<p><a href=\"http:\/\/www.fluchtistkeinverbrechen.at\/\">www.fluchtistkeinverbrechen.at<\/a>: Initiative, um auf die verheerenden Auswirkungen der Schubhaft auf AsylwerberInnen aufmerksam zu machen<\/p>\n<p><a href=\"http:\/\/www.asyl.at\/\">http:\/\/www.asyl.at\/<\/a> Asylkoordination \u00d6sterreich<\/p>\n<p>&nbsp;<\/p>\n<p><b>Migration, Flucht, Integration &#8211; historische, wirtschaftliche, soziale, emotionale, linguistische Perspektiven<\/b><\/p>\n<p><a href=\"https:\/\/www.facebook.com\/kenan.d.gungor\/videos\/10208076040727251\/?pnref=story:\">https:\/\/www.facebook.com\/kenan.d.gungor\/videos\/10208076040727251\/?pnref=story:<\/a> Fl\u00fcchtlingsstrom eine Analyse von Kenan G\u00fcng\u00f6r<\/p>\n<p><a href=\"http:\/\/wienerin.at\/home\/leben\/4830774\/Interview_Islam-Gefahr-fur-Schulerfolg?_vl_backlink=%2Fhome%2Fleben%2Findex.do\">http:\/\/wienerin.at\/home\/leben\/4830774\/Interview_Islam-Gefahr-fur-Schulerfolg?_vl_backlink=%2Fhome%2Fleben%2Findex.do<\/a> Artikel der Soziolinguistin Katharina Brizic wie eine mehrsprachige Schule funktionieren kann und wo die Angst vor dem Islam herkommt<\/p>\n<p><a href=\"http:\/\/dieorientalischewelt.com\/\">http:\/\/dieorientalischewelt.com\/<\/a> Informationen und Tipps zum Feld \u201cSchule und Islam\u201d<\/p>\n<p><a href=\"https:\/\/www.youtube.com\/watch?v=9DUWKNVGR54\">https:\/\/www.youtube.com\/watch?v=9DUWKNVGR54<\/a>: Zetsche Daimler Keynote IAA 2015 &#8211; Zuwanderung, die Chance f\u00fcr ein neues Wirtschaftswunder; wirtschaftliche Perspektive auf Zuwanderung<\/p>\n<p><a href=\"http:\/\/diepresse.com\/home\/wirtschaft\/international\/4840029\/Warum-den-Okonomen-die-Fluchtlingskrise-keine-Angst-macht\">http:\/\/diepresse.com\/home\/wirtschaft\/international\/4840029\/Warum-den-Okonomen-die-Fluchtlingskrise-keine-Angst-macht<\/a> Artikel in der Tageszeitung \u201cDie Presse\u201d \u00fcber wirtschaftliche Perspektiven in Bezug auf Zuwanderung<\/p>\n<p><a href=\"http:\/\/tibs.at\/content\/fl\u00fcchtlingsstr\u00f6me-nach-dem-2-weltkrieg\">http:\/\/tibs.at\/content\/fl%C3%BCchtlingsstr%C3%B6me-nach-dem-2-weltkrieg<\/a>: Fl\u00fcchtlingsstr\u00f6me nach dem 2. Weltkrieg<\/p>\n<p><a href=\"http:\/\/mobil.derstandard.at\/2000023250301\/Die-vergessene-Migration-von-Europa-nach-Afrika?ref=article:\">http:\/\/mobil.derstandard.at\/2000023250301\/Die-vergessene-Migration-von-Europa-nach-Afrika?ref=article<\/a><\/p>\n<p>Artikel aus der Tageszeitung \u201cDer Standard\u201d \u00fcber slowenische Arbeitsmigrantinnen in \u00c4gypten im 19. Jhdt.<\/p>\n<p><a href=\"http:\/\/www.nzz.ch\/feuilleton\/ein-blick-in-die-geschichte-menschlicher-wanderungsbewegungen-1.18607660:\">http:\/\/www.nzz.ch\/feuilleton\/ein-blick-in-die-geschichte-menschlicher-wanderungsbewegungen-1.18607660:<\/a> Geschichte menschlicher Wanderungsbewegungen<\/p>\n<p><a href=\"http:\/\/diepresse.com\/home\/zeitgeschichte\/4825146\/Volkerwanderung-ohne-Volker?xtor=CS1-15\">http:\/\/diepresse.com\/home\/zeitgeschichte\/4825146\/Volkerwanderung-ohne-Volker?xtor=CS1-15<\/a> Artikel aus der Tageszeitung \u201cDie Presse\u201d \u00fcber historische Bez\u00fcge zum Begriff \u201cV\u00f6lkerwanderung\u201d und zur gegenw\u00e4rtigen Instrumentalisierung des Begriffs<\/p>\n<p><a href=\"http:\/\/kurier.at\/politik\/inland\/macht-der-sprache-die-asylantenflut-in-unseren-koepfen\/151.956.717\">http:\/\/kurier.at\/politik\/inland\/macht-der-sprache-die-asylantenflut-in-unseren-koepfen\/151.956.717<\/a> Artikel aus der Tageszeitung \u201cDer Kurier\u201d zur Macht der Sprache und den Bildern die sprachlich gepr\u00e4gt werden<\/p>\n<p><a href=\"http:\/\/www.meinbezirk.at\/weiz\/politik\/kultur-kurios-vaterland-volk-heimat-d1440140.html\">http:\/\/www.meinbezirk.at\/weiz\/politik\/kultur-kurios-vaterland-volk-heimat-d1440140.html<\/a> Artikel aus der Wochenzeitung \u201cDie Woche\u201d zum Begriff Heimat; kritische Auseinandersetzung mit der \u00f6sterreichischen Geschichte in Bezug auf Heimat, Vaterland, Migration<\/p>\n<p><a href=\"http:\/\/haraldwalser.at\/fluechtlingskinder-was-muss-jetzt-passieren\/\">http:\/\/haraldwalser.at\/fluechtlingskinder-was-muss-jetzt-passieren\/<\/a> Stellungnahme und Forderungen f\u00fcr die Integration von Fl\u00fcchtlingskinder in die Schule von Harald Walser gemeinsam mit \u0130nci Dirim<\/p>\n<p><a href=\"http:\/\/www.plattform-migration.at\/index.php?id=2&amp;L=0\">http:\/\/www.plattform-migration.at\/index.php?id=2&amp;L=0<\/a> Die Plattform Migration Villach ist ein Zusammenschluss von zivilgesellschafftlichen Einrichtungen und engagierten Einzelpersonen die sich zum Ziel gesetzt haben, durch gesellschaftliche \u00d6ffentlichkeitsarbeit f\u00fcr die Selbstverst\u00e4ndlichkeit der Zuwanderung in einer globalisierten Welt zu sensibilisieren.<\/p>\n<p>&nbsp;<\/p>\n<p><b>Flucht, Asyl, Migration: Materialien f\u00fcr den Unterricht<\/b><\/p>\n<p><a href=\"http:\/\/magazin.sofatutor.com\/lehrer\/2015\/09\/07\/flucht-und-asyl-im-unterricht-thematisieren\/\">http:\/\/magazin.sofatutor.com\/lehrer\/2015\/09\/07\/flucht-und-asyl-im-unterricht-thematisieren\/<\/a> Materialien zu Flucht und Asyl im Unterricht<\/p>\n<p><a href=\"http:\/\/www.jugendrotkreuz.at\/oesterreich\/themen\/zusammenleben\">http:\/\/www.jugendrotkreuz.at\/oesterreich\/themen\/zusammenleben<\/a> Materialien zum Themenschwerpunkt des \u00d6sterreichischen Jugendrotkreuzes<\/p>\n<p><a href=\"http:\/\/www.susannestein.de\/VIA-online\/traumabilderbuch.html\">http:\/\/www.susannestein.de\/VIA-online\/traumabilderbuch.html<\/a> Traumabilderbuch<\/p>\n<p><a href=\"http:\/\/www.unhcr.at\/service\/bildungsmaterialien.html\">http:\/\/www.unhcr.at\/service\/bildungsmaterialien.html<\/a> Unterrichtsmaterialien zum Thema Flucht: besonders das Material \u201cAufbrechen &#8211; Ankommen &#8211; Bleiben\u201d, das speziell f\u00fcr den \u00f6sterreichischen Kontext zusammengestellt wurde<\/p>\n<p><a href=\"http:\/\/www.unhcr.at\/service\/bildungsmaterialien\/gesichter-der-flucht.html\">http:\/\/www.unhcr.at\/service\/bildungsmaterialien\/gesichter-der-flucht.html<\/a> UNHCR \u00d6sterreich &#8211; Dokumentation Gesichter der Flucht<\/p>\n<p><a href=\"https:\/\/vimeo.com\/113088887\">https:\/\/vimeo.com\/113088887<\/a> Gesichter der Flucht \u2013 Diyar aus Syrien (einer der 3 Filme)<\/p>\n<p><a href=\"http:\/\/www.projektxchange.at\/\">http:\/\/www.projektxchange.at\/<\/a> Austausch macht Fremde zu Freunden; Projekt des Roten Kreuzes. Workshops f\u00fcr Schulen kostenlos<\/p>\n<p><a href=\"http:\/\/www.whywar.at\/\">www.whywar.at<\/a> Ursachen und Hintergr\u00fcnde von Krieg: Materialien und Hintergrundinformationen, Anregungen f\u00fcr Schulprojekte<\/p>\n<p><a href=\"https:\/\/www.schule.at\/portale\/politische-bildung\/detail\/flucht-und-asyl.html\">https:\/\/www.schule.at\/portale\/politische-bildung\/detail\/flucht-und-asyl.html<\/a> Materialien zum Thema Flucht und Migration f\u00fcr den Unterricht<\/p>\n<p><a href=\"http:\/\/www.antirassismuskoffer.at\/uebung\/OVERVIEW\/\">http:\/\/www.antirassismuskoffer.at\/uebung\/OVERVIEW\/<\/a> gro\u00dfer Pool an Materialien und \u00dcbungen zum Thema Antirassismus, Sensibilisierung etc.<\/p>\n<p><a href=\"http:\/\/www.demokratiezentrum.org\/de\/ausstellung.html\">http:\/\/www.demokratiezentrum.org\/de\/ausstellung.html<\/a> Demokratiezentrum: Ausstellung \u201cMigration on Tour\u201d und Ressourcen zum Thema Migration, Flucht, Asyl; gesamtes Material der Ausstellung ist online aufbereitet und ist unter dem Link erh\u00e4ltlich<\/p>\n<p><a href=\"https:\/\/www.amnesty.at\/de\/schulmaterial\/\">https:\/\/www.amnesty.at\/de\/schulmaterial\/<\/a> Unterrichtsmaterialien f\u00fcr die Menschenrechtsbildung<\/p>\n<p><a href=\"http:\/\/ooe.youngcaritas.at\/aktionen\/in-action\/spiel-des-ueberlebens-auf-der-flucht\">http:\/\/ooe.youngcaritas.at\/aktionen\/in-action\/spiel-des-ueberlebens-auf-der-flucht<\/a><\/p>\n<p>YoungCaritas: Spiel des \u00dcberlebens \u2013 Auf der Flucht Buchung von Workshops m\u00f6glich<\/p>\n<p><a href=\"http:\/\/www.lsr-t.gv.at\/de\/fluechtlinge-schule\">http:\/\/www.lsr-t.gv.at\/de\/fluechtlinge-schule<\/a> Materialien des Landesschulrats Tirol zum Thema Flucht und Asyl. Rechtliche Informationen f\u00fcr LehrerInnen und DirektorInnen, Material f\u00fcr den Unterricht.<\/p>\n<p>&nbsp;<\/p>\n<p><b>Auszug aus dem Erlass des BMBF zum Thema Flucht und Migration: Globales Lernen an \u00f6sterreichischen Schulen im Kontext der aktuellen politischen Situation (Information und Materialiensammlung) &#8211; 11. November 2015<\/b><\/p>\n<p>Globales Lernen ist ein Bildungsanliegen, das die vielf\u00e4ltigen Facetten von Globalit\u00e4t sowie<\/p>\n<p>globale Krisen und ihre Auswirkungen auf lokaler Ebene und damit auf den Alltag aller<\/p>\n<p>Menschen thematisiert. Politische, wirtschaftliche, soziale und kulturelle Entwicklungen sind nur mehr in einem weltweiten Kontext zu begreifen.<\/p>\n<p>Globales Lernen kann LehrerInnen und Sch\u00fclerInnen dabei unterst\u00fctzen, die Situation von<\/p>\n<p>Fl\u00fcchtlingen an der Schule, in Europa und in der Welt besser zu begreifen, Gr\u00fcnde und Folgen des aktuellen Migrationsstroms zu verstehen und die eigene Betroffenheit zu hinterfragen.<\/p>\n<p>Umgekehrt haben die Asylsuchenden selbst Gelegenheit, ihre eigene Lage in einem<\/p>\n<p>allgemeineren Bezugsrahmen zu sehen. Es ist eine gro\u00dfe Chance, wenn Fl\u00fcchtlinge und<\/p>\n<p>EinwohnerInnen in \u00d6sterreich dieses Thema gemeinsam bearbeiten und sich direkt<\/p>\n<p>austauschen k\u00f6nnen.<\/p>\n<p>Beim Globalen Lernen werden pers\u00f6nliche Erfahrungen reflektiert und in den gr\u00f6\u00dferen Kontext gestellt. So tr\u00e4gt es auch zum Verst\u00e4ndnis bei, wenn Sch\u00fclerInnen zum Beispiel Flucht- oder Migrationsgeschichten in der eigenen Familie nachgehen. Oft machen sie dabei \u00fcberraschende Entdeckungen, welche eine etwaige Gleichg\u00fcltigkeit oder Voreingenommenheit grundlegend ver\u00e4ndern.<\/p>\n<p>&nbsp;<\/p>\n<p>In den \u00f6sterreichischen Lehrpl\u00e4nen finden sich zahlreiche Ankn\u00fcpfungspunkte f\u00fcr Globales<\/p>\n<p>Lernen. <a href=\"https:\/\/www.bmbf.gv.at\/schulen\/unterricht\/uek\/globales_lernen.html\">https:\/\/www.bmbf.gv.at\/schulen\/unterricht\/uek\/globales_lernen.html<\/a><\/p>\n<p>Folgende Bildungsmaterialien zu Globalem Lernen k\u00f6nnen Lehrkr\u00e4ften in der Vorbereitung auf den Unterricht n\u00fctzlich sein:<\/p>\n<p>&nbsp;<\/p>\n<p>Globales Lernen im Unterricht: Zusammenstellung ausgew\u00e4hlter Materialien aus der<\/p>\n<p><b>BAOBAB-Bibliothek<\/b> zu Flucht und Asyl <a href=\"http:\/\/www.baobab.at\/flucht-diversitaet-sprachfoerderung\">http:\/\/www.baobab.at\/flucht-diversitaet-sprachfoerderung<\/a><\/p>\n<p>Konflikte <a href=\"http:\/\/www.baobab.at\/images\/doku\/glu_konflikte_end.pdf\">http:\/\/www.baobab.at\/images\/doku\/glu_konflikte_end.pdf<\/a><\/p>\n<p><b>AUFBRECHEN. ANKOMMEN. BLEIBEN<\/b> &#8211; Bildungsmaterial zu Flucht und Asyl (ab 12 J.)<\/p>\n<p>Kosten: gratis, Versandkosten EUR 5,- http:\/\/www.baobab.at\/aufbrechen-ankommen-bleiben<\/p>\n<p>Download: <a href=\"http:\/\/www.baobab.at\/images\/doku\/aufbrechenankommenbleiben_gesamtversion.pdf\">http:\/\/www.baobab.at\/images\/doku\/aufbrechenankommenbleiben_gesamtversion.pdf<\/a><\/p>\n<p><b>Vom Kommen und Gehen<\/b>. Migration von und nach \u00d6sterreich: Multimediales<\/p>\n<p>Bildungsmaterial (ab 7. Schulstufe) <a href=\"http:\/\/www.baobab.at\/vom-kommen-und-gehen\">http:\/\/www.baobab.at\/vom-kommen-und-gehen<\/a><\/p>\n<p>Kosten: EUR 12,- zzgl. Porto<\/p>\n<p><b>Last Exit Fluch<\/b>t: ein Online Spiel f\u00fcr Sek I + Sek II vom UNHCR<\/p>\n<p><a href=\"http:\/\/www.lastexitflucht.org\/againstallodds\/\">http:\/\/www.lastexitflucht.org\/againstallodds\/<\/a><\/p>\n<p><b>Zentrum polis<\/b>: Themendossier Flucht und Asyl<\/p>\n<p><a href=\"http:\/\/www.politik-lernen.at\/site\/themen\/dossierfluchtundasyl\">http:\/\/www.politik-lernen.at\/site\/themen\/dossierfluchtundasyl<\/a><\/p>\n<p>Migration und Weltb\u00fcrgerInnenschaft im Unterricht: Das Parlez-Vous Global-Handbuch<\/p>\n<p>(Sek II) <a href=\"http:\/\/www.parlezvousglobal.org\/de\/druckfrisch-das-parlez-vous-global-handbuch-furlehrerinnen-ist-da\/\">http:\/\/www.parlezvousglobal.org\/de\/druckfrisch-das-parlez-vous-global-handbuch-furlehrerinnen-ist-da\/<\/a> Kosten: bei Selbstabholung gratis, Versand in \u00d6sterreich EUR 6,-<\/p>\n<p><b>Welt-Klasse unterrichten<\/b>: 5 Handb\u00fccher f\u00fcr Globales Lernen in verschiedenen F\u00e4chern (Sek I) <a href=\"http:\/\/www.suedwind-agentur.at\/wct\">www.suedwind-agentur.at\/wct<\/a> Online stehen verschiedene \u00dcbungsbeispiele zur Verf\u00fcgung, z.B.: Globales Lernen in Geschichte, Sozialkunde und Politischer Bildung \u2013 \u201eMigration: Schiff ahoi\u201c, \u201eGrenzen\u201c etc.; Bestellung der gedruckten Gesamtersionen: EUR 15,- pro Handbuch<\/p>\n<p><b>\u201eLittle Alien\u201c<\/b> und<b> \u201eDeine Sch\u00f6nheit ist nichts wert\u201c<\/b>: Unterrichtsmaterialien zu Filmen<\/p>\n<p><a href=\"http:\/\/www.kinomachtschule.at\/data\/deineschoenheitistnichtswert.pdf\">http:\/\/www.kinomachtschule.at\/data\/deineschoenheitistnichtswert.pdf<\/a><\/p>\n<p><a href=\"http:\/\/www.littlealien.at\/presse\/LittleAlienSchulmaterialien.pdf\">http:\/\/www.littlealien.at\/presse\/LittleAlienSchulmaterialien.pdf<\/a><\/p>\n<p>Weitere p\u00e4dagogische Materialien zum Globalen Lernen:<\/p>\n<p><a href=\"https:\/\/www.bmbf.gv.at\/schulen\/unterricht\/ba\/globales_lernen.html\">https:\/\/www.bmbf.gv.at\/schulen\/unterricht\/ba\/globales_lernen.html<\/a><\/p>\n<p><a href=\"http:\/\/www.praxisglobaleslernen.at\/\">http:\/\/www.praxisglobaleslernen.at\/<\/a><\/p>\n<p>&nbsp;<\/p>\n<p><b>Ende Auszug aus dem Erlass<\/b><\/p>\n<p>&nbsp;<\/p>\n<ol start=\"2\">\n<li><b> Deutsch als Zweitsprache, Mehrsprachigkeit, \u00f6sterreichisches Schulsystem<\/b><\/li>\n<\/ol>\n<p>&nbsp;<\/p>\n<p><b>Informationen zum \u00f6sterreichischen Schulsystem \/ Informationen der Landesschulr\u00e4te<\/b><\/p>\n<p><a href=\"http:\/\/www.bildung.erasmusplus.at\/guidance_transparenz_anerkennung\/euroguidance\/produkte\/\">http:\/\/www.bildung.erasmusplus.at\/guidance_transparenz_anerkennung\/euroguidance\/produkte\/<\/a><\/p>\n<p>OeAD-Seite mit der Darstellung des \u00f6sterreichischen Schulsystems in verschiedenen Sprachen (auch Urdu, Farsi und Arabisch)<\/p>\n<p><a href=\"http:\/\/www.lsr-stmk.gv.at\/cms\/beitrag\/10101498\/360986\/\">http:\/\/www.lsr-stmk.gv.at\/cms\/beitrag\/10101498\/360986\/<\/a> Landesschulrat Steiermark<\/p>\n<p><a href=\"http:\/\/www.lsr-ktn.gv.at\/fluechtlingskinder-und-jugendliche-an-oesterreichischen-schulen\/\">http:\/\/www.lsr-ktn.gv.at\/fluechtlingskinder-und-jugendliche-an-oesterreichischen-schulen\/<\/a> Landesschulrat K\u00e4rnten<\/p>\n<p><a href=\"http:\/\/www.lsr-t.gv.at\/de\/fluechtlinge-schule\">http:\/\/www.lsr-t.gv.at\/de\/fluechtlinge-schule<\/a> Landesschulrat Tirol<\/p>\n<p><a href=\"http:\/\/www.lsr-vbg.gv.at\/2015\/09\/03\/fluchtlingskinder-und-jugendliche-an-schulen\/\">http:\/\/www.lsr-vbg.gv.at\/2015\/09\/03\/fluchtlingskinder-und-jugendliche-an-schulen\/<\/a> Landesschulrat Vorarlberg<\/p>\n<p><a href=\"http:\/\/www.stadtschulrat.at\/aktuell\/detid206\/off0\">http:\/\/www.stadtschulrat.at\/aktuell\/detid206\/off0<\/a> Stadtschulrat Wien<\/p>\n<p>&nbsp;<\/p>\n<p><b>DaZ &#8211; Basisinformationen und Ressourcen<\/b><\/p>\n<p><a href=\"http:\/\/pubshop.bmbf.gv.at\/detail.aspx?id=588\">http:\/\/pubshop.bmbf.gv.at\/detail.aspx?id=588<\/a> Sprachlern-App &#8222;hallo App Deutsch&#8220; mit Begleitmaterial &#8222;Willkommen in \u00d6sterreich &#8211; Deutsch als Zweitsprache&#8220;; App ist kostenlose erh\u00e4ltlich \u00fcber die g\u00e4ngigen App-Stores, Begleitmaterial kann unter Link oben kostenfrei bestellt werden; Empfehlung des BMBF f\u00fcr den Erwerb eines Grundwortschatzes f\u00fcr Kinder bis 12 Jahren<\/p>\n<p><a href=\"http:\/\/www.profax.ch\/index.php\">http:\/\/www.profax.ch\/index.php<\/a> Multidingsda ist eine Lernsoftware zur Unterst\u00fctzung des Deutscherwerbs unter Einbeziehung von 14 Erstsprachen. Schulbuchliste Nr. 155.538<\/p>\n<p><a href=\"https:\/\/drive.google.com\/folderview?id=0ByNlGOH5vKzWfkFIbGhsdl9LLVlhOGx1Z0hBcGRRYUF4Q2ZBYUI1UmMzbzREMnkzRjRpQjQ&amp;usp=drive_web\">https:\/\/drive.google.com\/folderview?id=0ByNlGOH5vKzWfkFIbGhsdl9LLVlhOGx1Z0hBcGRRYUF4Q2ZBYUI1UmMzbzREMnkzRjRpQjQ&amp;usp=drive_web<\/a> Skripten der \u00d6H der PH Linz f\u00fcr A1; methodisch l\u00e4sst sich einiges verbessern, aber sie sind eine gro\u00dfe Hilfe, weil sie dreisprachig (Deutsch\/Englisch plus Farsi\/Arabisch\/Russisch) sind<\/p>\n<p><a href=\"https:\/\/fachdidaktikzentrum-gewi.uni-graz.at\/de\/fluechtlingsinitiative\/\">https:\/\/fachdidaktikzentrum-gewi.uni-graz.at\/de\/fluechtlingsinitiative\/<\/a> Fl\u00fcchtlingsinitiative des Fachdidaktikzentrums GEWI, Karl-Franzens-Universit\u00e4t Graz<\/p>\n<p><a href=\"https:\/\/fachdidaktikzentrum-gewi.uni-graz.at\/de\/fluechtlingsinitiative\/unterrichtsmaterialien\/\">https:\/\/fachdidaktikzentrum-gewi.uni-graz.at\/de\/fluechtlingsinitiative\/unterrichtsmaterialien\/ <\/a>Tipps f\u00fcr Materialien vom Fachdidaktikzentrum GEWI, Karl-Franzens-Universit\u00e4t Graz<\/p>\n<p><a href=\"http:\/\/www.graf-gutfreund.at\/\">www.graf-gutfreund.at<\/a> viele Grammatik\u00fcbungen f\u00fcr DaZ und DaF<\/p>\n<p><a href=\"https:\/\/de.islcollective.com\/\">https:\/\/de.islcollective.com\/<\/a> internationale Gratis-Seite mit filterbaren Arbeitsbl\u00e4ttern f\u00fcr DaF, vieles davon auch f\u00fcr DaZ geeignet, Community-Prinzip (Sharing)<\/p>\n<p><a href=\"http:\/\/www.lehrerservice.at\/magazin\/magazin-prim.php?magid=prim54\">http:\/\/www.lehrerservice.at\/magazin\/magazin-prim.php?magid=prim54<\/a> DaZ in der Volksschule<\/p>\n<p><a href=\"http:\/\/deutsch.fit\/Deutschkurs\/\">http:\/\/deutsch.fit\/Deutschkurs\/<\/a> Deutschkurs abgestimmt auf das Lernen mit Fl\u00fcchtlingen und Asylwerber_innen. Ziel ist es, schnell auf Deutsch kommunizieren zu k\u00f6nnen ( Klosterneuburger Materialien f\u00fcr Level 1+2)<\/p>\n<p><a href=\"http:\/\/www.hoertexte-deutsch.at\/\">http:\/\/www.hoertexte-deutsch.at<\/a> H\u00f6rtexte aus dem \u00f6sterreichischen Alltag<\/p>\n<p><a href=\"http:\/\/www.dw.com\/de\/deutsch-lernen\/radio-d\/s-9603\">http:\/\/www.dw.com\/de\/deutsch-lernen\/radio-d\/s-9603<\/a> Podcasts zum Deutschlernen<\/p>\n<p><a href=\"http:\/\/bibwiki.at\/index.php?title=Public:Deutsch_kostenlos_\u00fcben\">http:\/\/bibwiki.at\/index.php?title=Public:Deutsch_kostenlos_\u00fcben<\/a> Deutsch kostenlos \u00fcben<\/p>\n<p><a href=\"http:\/\/www.l-pack.eu\/?page_id=402&amp;lang=de\">http:\/\/www.l-pack.eu\/?page_id=402&amp;lang=de<\/a> L-Pack Projekt Citizenship Language Pack for Migrants in Europe &#8211; Sprachkursmaterialien Deutsch zum Download<\/p>\n<p><a href=\"http:\/\/seagull-tandem.eu\/deutsch\/deutsch-a1\/\">http:\/\/seagull-tandem.eu\/deutsch\/deutsch-a1\/<\/a> Smart Educational Autonomy through guided language learning Ideen und Materialien f\u00fcr Deutsch<\/p>\n<p><a href=\"http:\/\/www.goethe.de\/lrn\/prj\/wnd\/deu\/vtr\/deindex.htm\">http:\/\/www.goethe.de\/lrn\/prj\/wnd\/deu\/vtr\/deindex.htm<\/a> Gratis VokabellernApp (iphone und Android) vom Goethe Institut; Weitere Gratisonline-Angebote des GI:<a href=\"https:\/\/www.goethe.de\/de\/spr\/flu.html?wt_sc=willkommen\"> https:\/\/www.goethe.de\/de\/spr\/flu.html?wt_sc=willkommen<\/a><\/p>\n<p><a href=\"https:\/\/www.uni-due.de\/prodaz\/materialien.php\">https:\/\/www.uni-due.de\/prodaz\/materialien.php<\/a> proDaZ \u2013 Deutsch als Zweitsprache in allen F\u00e4chern (Universit\u00e4t Duisburg-Essen); Modellprojekt zur Entwicklung eines Kompetenzzentrums an der Universit\u00e4t Duisburg-Essen fu\u0308r Deutsch als Zweitsprache, Sprachstandsdiagnose und Sprachf\u00f6rderung: Theorie- und Praxismaterialien fu\u0308r die Sprachf\u00f6rderung<\/p>\n<p><a href=\"http:\/\/www.nibis.de\/nibis.php?menid=2767\">http:\/\/www.nibis.de\/nibis.php?menid=2767<\/a> DaZNet Projekt (Niedersachsen) Netzwerk fu\u0308r Deutsch als Zweit- und Bildungssprache, Mehrsprachigkeit und Interkulturelle Kompetenz in Niedersachsen: Materialien und weitere Links fu\u0308r den DaZ-Unterricht<\/p>\n<p><a href=\"http:\/\/www.foermig-berlin.de\/materialien\/Stolpersteine.pdf\">http:\/\/www.foermig-berlin.de\/materialien\/Stolpersteine.pdf<\/a> Stolpersteine der deutschen Sprache \u2013 Fortbildung zur durchg\u00e4ngigen Sprachbildung<\/p>\n<p>&nbsp;<\/p>\n<p><b>Sprachunterricht mit Fl\u00fcchtlingen \u2013 10 Tipps f\u00fcr Anf\u00e4nger und Anf\u00e4ngerinnen f\u00fcr erfolgreiches Sprachtraining<\/b><\/p>\n<p>10 Tipps von Prof. Dr. Hermann Funk (Lehrstuhl Methodik und Didaktik Deutsch als Fremdsprache, Universit\u00e4t Jena) f\u00fcr Menschen, die Fl\u00fcchtlingen Unterricht in Deutsch als Fremdsprache erteilen und keine bzw. wenig Erfahrung haben im Unterricht von Deutsch als Fremdsprache.<\/p>\n<p><b>Tipps:<\/b><a href=\"http:\/\/www.cornelsen.de\/erw\/1.c.3230114.de\/material\/1.c.3549894.de?newsletter=NL%2F15.09.29.H52_DaF-September-15%2FAktuell-6_Methodische+Tipps+zum+Sprachunterricht+mit+Fl\u00fcchtlingen%2FText\"> http:\/\/www.cornelsen.de\/erw\/1.c.3230114.de\/material\/1.c.3549894.de?newsletter=NL%2F15.09.29.H52_DaF-September-15%2FAktuell-6_Methodische+Tipps+zum+Sprachunterricht+mit+Fl\u00fcchtlingen%2FText<\/a><\/p>\n<p><b>Video:<\/b><\/p>\n<p><a href=\"https:\/\/www.youtube.com\/watch?v=9eKR3nmzVgw&amp;newsletter=NL%2F15.09.29.H52_DaF-September-15%2FAktuell-6_Methodische+Tipps+zum+Sprachunterricht+mit+Fl\u00fcchtlingen%2FText\">https:\/\/www.youtube.com\/watch?v=9eKR3nmzVgw&amp;newsletter=NL%2F15.09.29.H52_DaF-September-15%2FAktuell-6_Methodische+Tipps+zum+Sprachunterricht+mit+Fl\u00fcchtlingen%2FText<\/a><\/p>\n<p>&nbsp;<\/p>\n<p>Tipps und Links zur Materialien auf der Seite der Diakonie Salzburg:<\/p>\n<p><a href=\"http:\/\/www.diakoniewerk-salzburg.at\/de\/fluechtlingsarbeit_sprachtraining_unterlagen\/\">http:\/\/www.diakoniewerk-salzburg.at\/de\/fluechtlingsarbeit_sprachtraining_unterlagen\/<\/a><\/p>\n<p>&nbsp;<\/p>\n<p>Gratismaterialien von Verlagen \u201cf\u00fcr Fl\u00fcchtlinge\u201d sind einfach DaZ-Materialien aus dem Programm, die gratis bestellt werden k\u00f6nnen oder auch per Download erh\u00e4ltlich sind:<\/p>\n<p>Verlag an der Ruhr:<a href=\"http:\/\/www.verlagruhr.de\/typo3cms\/vadr\/unterseiten\/1\/gratis-download-erste-hilfe-daz-sammlung.html\"> http:\/\/www.verlagruhr.de\/typo3cms\/vadr\/unterseiten\/1\/gratis-download-erste-hilfe-daz-sammlung.html<\/a><\/p>\n<p>Hueber:<\/p>\n<p><a href=\"https:\/\/www.hueber.de\/erste-hilfe-deutsch\">https:\/\/www.hueber.de\/erste-hilfe-deutsch<\/a><\/p>\n<p>Verlag Weber:<\/p>\n<p><a href=\"http:\/\/members.aon.at\/webereve\/\">http:\/\/members.aon.at\/webereve\/<\/a> Hier kann man das Heft \u201cNeustart mit Deutsch\u201d gratis downloaden<\/p>\n<p>&nbsp;<\/p>\n<p><b>Phrasebooks \/ W\u00f6rterb\u00fccher \/ \u00dcbersetzungshilfen<\/b><\/p>\n<p><a href=\"http:\/\/de.langenscheidt.com\/deutsch-arabisch\/\">http:\/\/de.langenscheidt.com\/deutsch-arabisch\/<\/a> Online Deutsch-Arabisch W\u00f6rterbuch, kostenfrei<\/p>\n<p><a href=\"http:\/\/www.refugeephrasebook.de\/\">http:\/\/www.refugeephrasebook.de\/<\/a> Vier Sammlungen von wichtigen Phrasen in vielen Sprachen zur Verst\u00e4ndigung mit Anf\u00e4nger_innen<\/p>\n<p><a href=\"https:\/\/en.wikibooks.org\/wiki\/Refugee_Phrasebook\">https:\/\/en.wikibooks.org\/wiki\/Refugee_Phrasebook<\/a>: Phrasebooks Sammlung: Links zu verschiedenen Phrasebooks, viele davon mehrsprachig<\/p>\n<p><a href=\"http:\/\/www.tobiidynavox.com\/refugee-communication-boards\/\">http:\/\/www.tobiidynavox.com\/refugee-communication-boards\/<\/a>: Communication Boards<\/p>\n<p><a href=\"http:\/\/amberpress.eu\/wp-content\/uploads\/2013\/11\/ICOON-first-communication-help-for-refugees-A4.pdf\">http:\/\/amberpress.eu\/wp-content\/uploads\/2013\/11\/ICOON-first-communication-help-for-refugees-A4.pdf<\/a><\/p>\n<p>Icons zur Kommunikation zu Speisen, Krankheiten, Alltagsgegenst\u00e4nde,&#8230; Eignet sich sehr gut als Poster<\/p>\n<p><a href=\"https:\/\/www.langenscheidt.de\/Zeig-mal-Schnell-kommunizieren-mit-Bildern\">https:\/\/www.langenscheidt.de\/Zeig-mal-Schnell-kommunizieren-mit-Bildern<\/a> 600 Bilder als Kommunikationshilfe, gegen Schutzgeb\u00fchr von \u20ac1,50 erh\u00e4ltlich<\/p>\n<p><a href=\"http:\/\/www.refugeeguide.de\/\">http:\/\/www.refugeeguide.de\/<\/a> Orientierungshilfe f\u00fcr Neu-Zugewanderte in Deutschland in vielen Sprachen<\/p>\n<p>&nbsp;<\/p>\n<p><b>Basisbildung \/ Alphabetisierung<\/b><\/p>\n<p><a href=\"http:\/\/www.integrationshaus.at\/basisbildung\/mat\/mat.html\">http:\/\/www.integrationshaus.at\/basisbildung\/mat\/mat.html<\/a> Materialien f\u00fcr die Basisbildung \u2013 Integrationshaus Wien ( Leitfaden zur Erstellung von Materialien plus Beispielmaterialien)<\/p>\n<p><a href=\"http:\/\/www.vhs.at\/meviel_handreichung\/downloads\/MEVIEL_Handreichung.pdf\">http:\/\/www.vhs.at\/meviel_handreichung\/downloads\/MEVIEL_Handreichung.pdf<\/a><\/p>\n<p>Basisbildung von jugendlichen und jungen erwachsenen Migrant_innen<\/p>\n<p><a href=\"http:\/\/www.netzwerkmika.at\/\">http:\/\/www.netzwerkmika.at<\/a> Netzwerk Alphabetisierung im Kontext von Migration (\u00d6sterreich)<\/p>\n<p><a href=\"http:\/\/www.netzwerkmika.at\/was-bietet-mika\/unterrichtsmaterialien\">http:\/\/www.netzwerkmika.at\/was-bietet-mika\/unterrichtsmaterialien<\/a> Unterrichtsmaterialien<\/p>\n<p><a href=\"http:\/\/www.bamf.de\/SharedDocs\/Anlagen\/DE\/Downloads\/Infothek\/Integrationskurse\/Lehrkraefte\/liste-zugelassener-lehrwerke.pdf?__blob=publicationFile\">http:\/\/www.bamf.de\/SharedDocs\/Anlagen\/DE\/Downloads\/Infothek\/Integrationskurse\/Lehrkraefte\/liste-zugelassener-lehrwerke.pdf?__blob=publicationFile<\/a> Liste der zugelassenen Lehrwerke in Integrationskursen (Deutschland)<\/p>\n<p>&nbsp;<\/p>\n<p><b>F\u00f6rderung von Mehrsprachigkeit \/ mehrsprachige Materialien<\/b><\/p>\n<p><a href=\"http:\/\/www.phzh.ch\/de\/ipe\/Projekte-und-Mandate\/Europaweite-Projekte\/Datenbank_Mehrsprachigkeit-EU-Projekt_Amuse\/Datenbank-Mehrsprachigkeit\/\">http:\/\/www.phzh.ch\/de\/ipe\/Projekte-und-Mandate\/Europaweite-Projekte\/Datenbank_Mehrsprachigkeit-EU-Projekt_Amuse\/Datenbank-Mehrsprachigkeit\/<\/a> Datenbank Mehrsprachigkeit \u2013 P\u00e4dagogische Hochschule Z\u00fcrich<\/p>\n<p><a href=\"http:\/\/amuse.eurac.edu\/en\/publications\/Documents\/AMuSE-recommendations-full-DE.pdf\">http:\/\/amuse.eurac.edu\/en\/publications\/Documents\/AMuSE-recommendations-full-DE.pdf<\/a> AMuSE Empfehlungen zur Fo\u0308rderung der Mehrsprachigkeit an Schulen \u2013 EU Projekt<\/p>\n<p><a href=\"http:\/\/www.muttersprachlicher-unterricht.at\/\">http:\/\/www.muttersprachlicher-unterricht.at<\/a> Linkssammlung zum Muttersprachenunterricht<\/p>\n<p><a href=\"http:\/\/en.childrenslibrary.org\/\">http:\/\/en.childrenslibrary.org<\/a> International children\u2019s digital library. B\u00fccher online in mehreren Sprachen der Welt<\/p>\n<p><a href=\"http:\/\/www.sprich-mit-mir.at\/pages\/home\/sprache:de\">http:\/\/www.sprich-mit-mir.at\/pages\/home\/sprache:de<\/a> Portal des BMBF zum Thema \u201eFr\u00fche Sprachf\u00f6rderung\u201c. Buch- und Literaturempfehlungen u. a. umfangreiche Liste mehrsprachiger Bilderb\u00fccher<\/p>\n<p><a href=\"http:\/\/www.wdrmaus.de\/sachgeschichten\/maus-international\/\">http:\/\/www.wdrmaus.de\/sachgeschichten\/maus-international\/<\/a> &#8222;Sendung mit der Maus&#8220; auf Arabisch, Dari und Kurdisch<\/p>\n<p><a href=\"http:\/\/www.ecml.at\/\">http:\/\/www.ecml.at<\/a> European Centre for Modern Languages of the Council of Europe<\/p>\n<p>Europ\u00e4isches Sprachenzentrum des Europarates<\/p>\n<p>Zahlreiche Publikationen zu Mehrsprachigkeit in Englisch, Deutsch, Franz\u00f6sisch<\/p>\n<p><a href=\"http:\/\/www.rutufoundation.org\/\">http:\/\/www.rutufoundation.org<\/a> Information, B\u00fccher und Materialien zur F\u00f6rderung von Erstsprachen und mehrsprachigem Unterricht<\/p>\n<p><a href=\"http:\/\/www.graz.at\/cms\/beitrag\/10166601\/3725110\/\">www.graz.at\/cms\/beitrag\/10166601\/3725110\/<\/a>: Elternheft der Stadt Graz: mehrsprachige Elternhefteintragungen im kostenlosen Download<\/p>\n<p><a href=\"http:\/\/multilingual.uni-graz.at\/etc\/projects\/1426783852.pdf\">http:\/\/multilingual.uni-graz.at\/etc\/projects\/1426783852.pdf<\/a> Sprachenfreundliche R\u00e4ume gestalten. Reader f\u00fcr P\u00e4dagog_innen zum Thema Umgang mit Mehrsprachigkeit in der Schule. Viele Beispiele f\u00fcr Schulprojekte zum Thema Mehrsprachigkeit<\/p>\n<p><a href=\"http:\/\/multilingual.uni-graz.at\/\">http:\/\/multilingual.uni-graz.at\/<\/a> Kurzbeschreibungen zu in Graz gesprochenen Sprachen, Sprachbiografien, Information zu Projekten zur Mehrsprachigkeit<\/p>\n<p><a href=\"http:\/\/www.sirius-migrationeducation.org\/\">http:\/\/www.sirius-migrationeducation.org<\/a><\/p>\n<p><a href=\"http:\/\/www.sirius-migrationeducation.org\/\">http:\/\/www.sirius-migrationeducation.org<\/a><a href=\"http:\/\/www.sirius-migrationeducation.org\/about-us\/\"> SIRIUS is a European Policy Network on the education of children and young people with a migrant background<\/a><\/p>\n<p><a href=\"http:\/\/www.sirius-migrationeducation.org\/wp-content\/uploads\/2014\/10\/SIRIUS-Sprachforderung-FINAL.DE_.pdf\">http:\/\/www.sirius-migrationeducation.org\/wp-content\/uploads\/2014\/10\/SIRIUS-Sprachforderung-FINAL.DE_.pdf<\/a> Sprachfo\u0308rderung fu\u0308r Jugendliche mit Migrationshintergrund: Konzept, das die Effektivita\u0308t der Inklusion fo\u0308rdert<\/p>\n<p><a href=\"http:\/\/www.sirius-migrationeducation.org\/a-clear-agenda-for-migrant-education-in-europe\/\">http:\/\/www.sirius-migrationeducation.org\/a-clear-agenda-for-migrant-education-in-europe\/<\/a> Empfehlungen f\u00fcr Zugang zu Bildung von Migrant_innen<\/p>\n<p>&nbsp;<\/p>\n<p>Netzwerk SIMS Sprachf\u00f6rderung in mehrsprachigen Schulen (Schweiz):<\/p>\n<p>&#8211; DaZ Links<a href=\"http:\/\/www.iik.ch\/cms\/deutsch-als-zweitsprache\/daz-links\/\"> http:\/\/www.iik.ch\/cms\/deutsch-als-zweitsprache\/daz-links\/<\/a><\/p>\n<p>&#8211; IKL Links<a href=\"http:\/\/www.iik.ch\/cms\/interkulturelle-kommunikation\/links\/\"> http:\/\/www.iik.ch\/cms\/interkulturelle-kommunikation\/links\/<\/a><\/p>\n<p>&#8211; mehrsprachige B\u00fccher<a href=\"http:\/\/www.netzwerk-sims.ch\/mehrsprachige-materialien\/\"> http:\/\/www.netzwerk-sims.ch\/mehrsprachige-materialien\/<\/a><\/p>\n<p>&#8211; Unterrichtsmaterialien<a href=\"http:\/\/www.netzwerk-sims.ch\/unterrichtsmaterial\/\"> http:\/\/www.netzwerk-sims.ch\/unterrichtsmaterial\/<\/a><\/p>\n<p>&nbsp;<\/p>\n<p><b>Interkulturelle Schulentwicklung<\/b><\/p>\n<p><a href=\"https:\/\/www.bochum.de\/C125708500379A31\/vwContentByUNID\/8065312D306B85D9C1257B0C00341C93\/$FILE\/Interkulturelle_Schulentwicklung_Schritt_fuer_Schritt.pdf\">https:\/\/www.bochum.de\/C125708500379A31\/vwContentByUNID\/8065312D306B85D9C1257B0C00341C93\/$FILE\/Interkulturelle_Schulentwicklung_Schritt_fuer_Schritt.pdf<\/a> Vortragsmanuskrip von Dr. Katrin Huxel, Universita\u0308t Mu\u0308nster<\/p>\n<p><a href=\"http:\/\/www.cornelsen-schulverlage.de\/fm\/1272\/9783069629641%20x1PS_Interkult%20Schulentwicklung_2013_komplett.pdf\">http:\/\/www.cornelsen-schulverlage.de\/fm\/1272\/9783069629641%20x1PS_Interkult%20Schulentwicklung_2013_komplett.pdf<\/a> Leitfaden f\u00fcr Schulleitung<\/p>\n<p><a href=\"https:\/\/www.beltz.de\/fileadmin\/beltz\/leseproben\/978-3-407-25715-4.pdf\">https:\/\/www.beltz.de\/fileadmin\/beltz\/leseproben\/978-3-407-25715-4.pdf<\/a><\/p>\n<p>Handbuch Interkulturelle Schulentwicklung, Alfred Holzbrecher<\/p>\n<p>&nbsp;<\/p>\n<p><b>Wichtige Institutionen (in \u00d6sterreich) im DaZ-Bereich<\/b><\/p>\n<p><a href=\"http:\/\/www.schule-mehrsprachig.at\/\">www.schule-mehrsprachig.at<\/a> Homepage des Referats f\u00fcr Migration und Schule im BMBF zum Unterricht in mehrsprachigen Klassen (inkl. Online-Empfehlungsliste zu fremd- und zweisprachigen Kinderb\u00fccher, Sprachensteckbriefe zu \u00fcber 20 Sprachen)<\/p>\n<p><a href=\"http:\/\/www.schule.at\/portale\/deutsch-als-zweitsprache-und-ikl\/\">www.schule.at\/portale\/deutsch-als-zweitsprache-und-ikl\/<\/a> \u00f6sterreichisches Schulportal f\u00fcr DaZ und Interkulturellem Lernen<\/p>\n<p><a href=\"http:\/\/sprachportal.integrationsfonds.at\/\">http:\/\/sprachportal.integrationsfonds.at\/<\/a> Sprachportal des \u00f6sterreichischen Integrationsfonds, Informationen und Ressourcen zum DaZ Unterricht<\/p>\n<p><a href=\"http:\/\/www.sfz-wien.at\/\">www.sfz-wien.at<\/a> Sprachf\u00f6rderzentrum Wien: Informationen und Ressourcen f\u00fcr DaZ und muttersprachlichen Unterricht<\/p>\n<p><a href=\"http:\/\/www.oedaf.at\/\">www.oedaf.at<\/a> \u00d6sterreichischer Verband f\u00fcr Deutsch als Fremdsprache\/Deutsch als Zweitsprache; Fachverband f\u00fcr DaF\/DaZ in \u00d6sterreich, organisiert Tagungen und Fortbildgen zu fachrelevanten Themen und gibt mit den <i>\u00d6DaF-Mitteilungen<\/i> eine entsprechende Publikation heraus<\/p>\n<p><a href=\"http:\/\/www.oegsd.at\/\">www.oegsd.at<\/a> \u00d6sterreichische Gesellschaft f\u00fcr Sprachendidaktik<\/p>\n<p><a href=\"http:\/\/www.oesz.at\/\">www.oesz.at<\/a> Fachinstitut f\u00fcr Innovationen im Sprachenlernen und -lehren<\/p>\n<p><a href=\"http:\/\/www.osd.at\/\">http:\/\/www.osd.at<\/a> staatlich anerkanntes Pru\u0308fungssystem fu\u0308r DaZ nach dem GERS (Europ\u00e4isches Referenzrahmen f\u00fcr Sprachen)<\/p>\n<p><a href=\"https:\/\/fachdidaktikzentrum-gewi.uni-graz.at\/de\/das-zentrum\/schwerpunkte\/sprachdidaktik-deutsch-als-zweitsprache\/\">https:\/\/fachdidaktikzentrum-gewi.uni-graz.at\/de\/das-zentrum\/schwerpunkte\/sprachdidaktik-deutsch-als-zweitsprache\/ <\/a>Fachdidaktikzentrum GEWI, Karl-Franzens-Universit\u00e4t Graz \u2013 \u00a0Schwerpunkt Sprachdidaktik &amp; DaZ<\/p>\n<p><a href=\"https:\/\/www.foermig.uni-hamburg.de\/\">https:\/\/www.foermig.uni-hamburg.de<\/a> F\u00f6rMig Kompetenzzentrum Kompetenz von Kindern und Jugendlichen mit Migratonshintergrund<\/p>\n<p><a href=\"http:\/\/uniko.ac.at\/projekte\/more\/angebot\/\">http:\/\/uniko.ac.at\/projekte\/more\/angebot\/<\/a> Initiative der \u00d6sterreichischen Universit\u00e4tenkonferenz mit kostenlosen Angeboten f\u00fcr Fl\u00fcchtlinge (Besuch von Lehrveranstaltungen, Sprach- und Sportkursen usw.)<\/p>\n<p>&nbsp;<\/p>\n<p><b>Stellungnahmen zu Deutschkursen mit Fl\u00fcchtlingen<\/b><\/p>\n<p>&nbsp;<\/p>\n<p>Stellungnahme des Fachdidaktikzentrum GEWI, Karl-Franzens-Universit\u00e4t Graz <a href=\"https:\/\/fachdidaktikzentrum-gewi.uni-graz.at\/de\/fluechtlingsinitiative\/\">https:\/\/fachdidaktikzentrum-gewi.uni-graz.at\/de\/fluechtlingsinitiative\/<\/a><\/p>\n<p>Stellungnahme des \u00d6DAF<a href=\"http:\/\/www.oedaf.at\/content\/site\/oedaf\/stellungnahmen\/index.html\"> http:\/\/www.oedaf.at\/content\/site\/oedaf\/stellungnahmen\/index.html<\/a><\/p>\n<p>Stellungnahme des Fachbereichs Deutsch als Fremdsprache, Universit\u00e4t Wien <a href=\"http:\/\/dafdaz.univie.ac.at\/aktuelles\/flucht-und-sprache\/\">http:\/\/dafdaz.univie.ac.at\/aktuelles\/flucht-und-sprache\/<\/a><\/p>\n<p>&nbsp;<\/p>\n<ol start=\"3\">\n<li><b> Interessantes erg\u00e4nzend:<\/b><\/li>\n<\/ol>\n<p><a href=\"https:\/\/www.edugroup.at\/praxis\/portale\/deutsch-als-zweitsprache-und-ikl\/\">https:\/\/www.edugroup.at\/praxis\/portale\/deutsch-als-zweitsprache-und-ikl\/<\/a><\/p>\n<p>Suchportal fu\u0308r Deutsch als Zweitsprache und Interkulturelles Lernen -Materialpakete<\/p>\n<p><a href=\"https:\/\/www.youtube.com\/channel\/UCgn2vNrtWgyNjskZLMir-2g\">https:\/\/www.youtube.com\/channel\/UCgn2vNrtWgyNjskZLMir-2g<\/a> Plattform von DAF-LehrerInnen weltweit; Deutsch-Online bietet: Webinare, Workshops, online Training, Fortbildungskurse und online Deutschunterricht.<\/p>\n<p><a href=\"http:\/\/www.sprachenrechte.at\/\">http:\/\/www.sprachenrechte.at\/<\/a> Netzwerk Sprachenrechte \u2013 Recht auf Sprachen statt Deutsch als Pflicht<\/p>\n<p><a href=\"http:\/\/www1.wdr.de\/themen\/politik\/fluechtlinge\/infos\/\">http:\/\/www1.wdr.de\/themen\/politik\/fluechtlinge\/infos\/<\/a> Infoplattform des Westdeutschen Rundfunks (WDR) mit vielen Online-Sendungen, auch mehrsprachig und Angeboten, auch f\u00fcr DaZ<\/p>\n<p><a href=\"http:\/\/www.sprachennetzwerkgraz.at\/SprachenGraz\/tabid\/1996\/language\/de\/Default.aspx\">http:\/\/www.sprachennetzwerkgraz.at\/SprachenGraz\/tabid\/1996\/language\/de\/Default.aspx<\/a><\/p>\n<p>Graz als Sprachenstandort<\/p>\n<p><a href=\"https:\/\/static.uni-graz.at\/fileadmin\/gewi-zentren\/fachdidaktikzentrum-gewi\/Dokumente\/Tagungen\/Fluechtlingsinitiative\/Initiative_zur_Deutschfoerderung_von_Fluechtlingen_FDZ_GEWI_210915.pdf\">https:\/\/static.uni-graz.at\/fileadmin\/gewi-zentren\/fachdidaktikzentrum-gewi\/Dokumente\/Tagungen\/Fluechtlingsinitiative\/Initiative_zur_Deutschfoerderung_von_Fluechtlingen_FDZ_GEWI_210915.pdf<\/a> Initiative des FDZ der Uni Graz zur Unterst\u00fctzung (ehrenamtlicher) DaZ-Lehrender, die mit Fl\u00fcchtlingen arbeiten<\/p>\n<p><a href=\"http:\/\/dafdaz.univie.ac.at\/\">http:\/\/dafdaz.univie.ac.at\/<\/a> und<a href=\"http:\/\/derstandard.at\/2000021831213\/Fluechtlinge-Heinisch-Hosek-Bedarf-an-Schulen-im-Oktober-absehbar\"> http:\/\/derstandard.at\/2000021831213\/Fluechtlinge-Heinisch-Hosek-Bedarf-an-Schulen-im-Oktober-absehbar<\/a> Stellungnahmen des Fachbereichs DaF\/DaZ der Uni Wien<\/p>\n<p><a href=\"http:\/\/www.learningsigns.com\/\">www.learningsigns.com<\/a> Eine App zum Erlernen neuer Alphabete (also z.B. deutsches Alphabet f\u00fcr Menschen, die in arabischer Schrift alphabetisiert sind)<\/p>\n<p><a href=\"https:\/\/www.youtube.com\/watch?v=0MG3vp_qB-w\">https:\/\/www.youtube.com\/watch?v=0MG3vp_qB-w<\/a>: Christoph Sieber und Tobias Mann: Ursachen der Flucht<\/p>\n<p>&nbsp;<\/p>\n","protected":false},"excerpt":{"rendered":"<p>\u00a0\u00a0\u00a0\u00a0\u00a0\u00a0 \u00a0\u00a0 Hintergrundinformationen zu Flucht, Migration, Asyl\u00a0 \u00a0\u00a0\u00a0 \u00a0\u00a0\u00a0 \u00a0\u00a0\u00a0<\/p>\n","protected":false},"author":2,"featured_media":0,"comment_status":"open","ping_status":"open","sticky":false,"template":"","format":"standard","meta":{"footnotes":""},"categories":[1],"tags":[],"class_list":["post-3959","post","type-post","status-publish","format-standard","hentry","category-allgemein"],"_links":{"self":[{"href":"https:\/\/www.friedensplattform.at\/index.php?rest_route=\/wp\/v2\/posts\/3959","targetHints":{"allow":["GET"]}}],"collection":[{"href":"https:\/\/www.friedensplattform.at\/index.php?rest_route=\/wp\/v2\/posts"}],"about":[{"href":"https:\/\/www.friedensplattform.at\/index.php?rest_route=\/wp\/v2\/types\/post"}],"author":[{"embeddable":true,"href":"https:\/\/www.friedensplattform.at\/index.php?rest_route=\/wp\/v2\/users\/2"}],"replies":[{"embeddable":true,"href":"https:\/\/www.friedensplattform.at\/index.php?rest_route=%2Fwp%2Fv2%2Fcomments&post=3959"}],"version-history":[{"count":3,"href":"https:\/\/www.friedensplattform.at\/index.php?rest_route=\/wp\/v2\/posts\/3959\/revisions"}],"predecessor-version":[{"id":3962,"href":"https:\/\/www.friedensplattform.at\/index.php?rest_route=\/wp\/v2\/posts\/3959\/revisions\/3962"}],"wp:attachment":[{"href":"https:\/\/www.friedensplattform.at\/index.php?rest_route=%2Fwp%2Fv2%2Fmedia&parent=3959"}],"wp:term":[{"taxonomy":"category","embeddable":true,"href":"https:\/\/www.friedensplattform.at\/index.php?rest_route=%2Fwp%2Fv2%2Fcategories&post=3959"},{"taxonomy":"post_tag","embeddable":true,"href":"https:\/\/www.friedensplattform.at\/index.php?rest_route=%2Fwp%2Fv2%2Ftags&post=3959"}],"curies":[{"name":"wp","href":"https:\/\/api.w.org\/{rel}","templated":true}]}}