{"id":3976,"date":"2015-12-01T20:11:02","date_gmt":"2015-12-01T20:11:02","guid":{"rendered":"http:\/\/www.friedensplattform.at\/?p=3976"},"modified":"2016-01-18T15:16:18","modified_gmt":"2016-01-18T15:16:18","slug":"di-5-januar-2016-das-jahr-viii-der-krise-dritter-akt","status":"publish","type":"post","link":"https:\/\/www.friedensplattform.at\/?p=3976","title":{"rendered":"Di. 5. Januar 2016      DAS JAHR VIII DER KRISE  Dritter Akt"},"content":{"rendered":"<p><strong>Gemeinsame Tagung von: <\/strong><br \/>\n<strong>Amsel, Arbeitskreis f\u00fcr eine \u00f6konomische Alternative, Attac Graz, Der Funke, Linke Stmk., Steirische Friedensplattform<\/strong><\/p>\n<p>Gesundbeten, Geld drucken, Abkassieren: Was 2007 begann, wirkt weiter. Jetzt droht erneut eine globale Rezession.<!--more--> \u00bbF\u00fchrende Wirtschaftsm\u00e4chte\u00ab ohne Plan(Jw 17.10. 2015)<br \/>\nSchuldenmechanismus, Schuldenstreichungen, Euro-Exit &#8230;; TTIP&#8230; verhindern, BDG &#8211; Bedingungsloses Grundeinkommen gegen Dauerarbeitslosigkeit; Arbeitszeitverk\u00fcrzung (AZV) bei vollem Lohnausgleich; Mobilisierung gegen Krise-R\u00fcstung-Kriege.<br \/>\nMit welchen Kr\u00e4ften f\u00fcr welche Gesellschaftsver\u00e4nderung und vieles mehr wollen wir diskutieren, um zu sehen, wie wir auch gemeinsam gegen den Kapitalismus auftreten k\u00f6nnen.<\/p>\n<p>BILANZ UND PERSPEKTIVE<\/p>\n<p>Di. 5. Januar 2016<br \/>\nvon 09:30 bis 17:30<br \/>\nim Gh. Alte M\u00fcnze (Schlossbergplatz) Im Nebenraum rechts<br \/>\n&#8212;&#8212;&#8212;&#8212;&#8212;&#8212;&#8212;&#8212;&#8212;&#8212;&#8212;&#8212;&#8212;&#8212;&#8212;&#8212;&#8212;&#8212;&#8212;&#8212;&#8212;&#8212;&#8212;&#8212;&#8212;<br \/>\n09:30 &#8211; 10:00 Eintreffen der TeilnehmerInnen<\/p>\n<p>Die thematischen Einheiten sind auf jeweils 1 Stunde begrenzt, wobei f\u00fcr die Einleitungsreferate und die sogleich anschlie\u00dfende Diskussion gleich viel Zeit zur Verf\u00fcgung steht.<br \/>\n&#8212;&#8212;&#8212;&#8212;&#8212;&#8212;&#8212;&#8212;&#8212;&#8212;&#8212;&#8212;&#8212;&#8212;&#8212;&#8212;&#8212;&#8212;&#8212;&#8212;&#8212;&#8212;&#8212;&#8212;&#8212;&#8211;<br \/>\n10:00 \u2013 10:30 \u00d6sterreichs Staatsverschuldung und wie zu einer<br \/>\nWahrheitskommission Wolfgang F. 30&#8242;<br \/>\n10:30 &#8211; 11:00 Diskussion 30&#8242;<br \/>\n11:00 &#8211; 11:30 Ohne Staatsverschuldung geht es nicht. Georg M. 30&#8242;<br \/>\n11:30 &#8211; 12:00 Diskussion 30&#8242;<\/p>\n<p>12:00 &#8211; 13:00 Mittagessen<br \/>\n13:00 \u2013 13:30 Krise-R\u00fcstung-Kriege-Neue V\u00f6lkerwanderung Helga S. 30&#8242;<br \/>\n13:30 \u2013 14:00 Diskussion 30&#8242;<br \/>\n14:00 \u2013 14:30 Internationaler Stand der Krise; Widerstand, Mobilisierungen<br \/>\nJohann Sch. 30&#8242;<br \/>\n14:30 &#8211; 15:00 Diskussion 30&#8242;<\/p>\n<p>15:00 &#8211; 15:15 Pause<\/p>\n<p>15:15 &#8211; 15:30 TTIP-Ceta-Tisa , wie verhindern? Kampagnen &#8230; Ren\u00e9 Sch. 15&#8242;<br \/>\n15:30 &#8211; 15:45 BDG u. AZV gegen Dauerarbeitslosigkeit \u2026. Margit Sch. 15&#8242; 15:45 &#8211; 16:15 Diskussion 30&#8242;<br \/>\n16:15 &#8211; 17:00 Mit welchen Kr\u00e4ften die Gesellschaft ver\u00e4ndern? Mario W. 25&#8242; 17:00 &#8211; 17:30 Schlussdiskussion 30&#8242; Hermann D. 20&#8242;<\/p>\n","protected":false},"excerpt":{"rendered":"<p>Gemeinsame Tagung von: Amsel, Arbeitskreis f\u00fcr eine \u00f6konomische Alternative, Attac Graz, Der Funke, Linke Stmk., Steirische Friedensplattform Gesundbeten, Geld drucken, Abkassieren: Was 2007 begann, wirkt weiter. Jetzt droht erneut eine globale Rezession.<\/p>\n","protected":false},"author":2,"featured_media":0,"comment_status":"open","ping_status":"open","sticky":false,"template":"","format":"standard","meta":{"footnotes":""},"categories":[1],"tags":[],"class_list":["post-3976","post","type-post","status-publish","format-standard","hentry","category-allgemein"],"_links":{"self":[{"href":"https:\/\/www.friedensplattform.at\/index.php?rest_route=\/wp\/v2\/posts\/3976","targetHints":{"allow":["GET"]}}],"collection":[{"href":"https:\/\/www.friedensplattform.at\/index.php?rest_route=\/wp\/v2\/posts"}],"about":[{"href":"https:\/\/www.friedensplattform.at\/index.php?rest_route=\/wp\/v2\/types\/post"}],"author":[{"embeddable":true,"href":"https:\/\/www.friedensplattform.at\/index.php?rest_route=\/wp\/v2\/users\/2"}],"replies":[{"embeddable":true,"href":"https:\/\/www.friedensplattform.at\/index.php?rest_route=%2Fwp%2Fv2%2Fcomments&post=3976"}],"version-history":[{"count":1,"href":"https:\/\/www.friedensplattform.at\/index.php?rest_route=\/wp\/v2\/posts\/3976\/revisions"}],"predecessor-version":[{"id":3977,"href":"https:\/\/www.friedensplattform.at\/index.php?rest_route=\/wp\/v2\/posts\/3976\/revisions\/3977"}],"wp:attachment":[{"href":"https:\/\/www.friedensplattform.at\/index.php?rest_route=%2Fwp%2Fv2%2Fmedia&parent=3976"}],"wp:term":[{"taxonomy":"category","embeddable":true,"href":"https:\/\/www.friedensplattform.at\/index.php?rest_route=%2Fwp%2Fv2%2Fcategories&post=3976"},{"taxonomy":"post_tag","embeddable":true,"href":"https:\/\/www.friedensplattform.at\/index.php?rest_route=%2Fwp%2Fv2%2Ftags&post=3976"}],"curies":[{"name":"wp","href":"https:\/\/api.w.org\/{rel}","templated":true}]}}