{"id":398,"date":"2008-11-08T11:26:52","date_gmt":"2008-11-08T09:26:52","guid":{"rendered":"http:\/\/www.luxorbis.org\/friedensplattform.at\/?p=398"},"modified":"2008-11-08T11:26:52","modified_gmt":"2008-11-08T09:26:52","slug":"artikel-der-frankfurter-rundschau-antisemitismus-was-europas-juden-beunruhigt","status":"publish","type":"post","link":"https:\/\/www.friedensplattform.at\/?p=398","title":{"rendered":"Artikel der Frankfurter Rundschau: Antisemitismus: Was Europas Juden beunruhigt"},"content":{"rendered":"<p>Antisemitismus<\/p>\n<h3>Was Europas Juden beunruhigt<\/h3>\n<p>70 Jahre nach der Reichspogromnacht sieht der Pr\u00e4sident des Europ\u00e4ischen J\u00fcdischen Kongresses beklommen in die Zukunft und warnt vor den Machtgel\u00fcsten des Iran.<br \/>\n<em>VON WJATSCHESLAW MOSHE KANTOR<\/em><\/p>\n<p><a title=\"fr-onlinde\" href=\"http:\/\/www.fr-online.de\/in_und_ausland\/politik\/dokumentation\/1624523_Was-Europas-Juden-beunruhigt.html\" target=\"_blank\">Weiterlesen auf den Seiten der Frankfurter Rundschau<\/a><\/p>\n","protected":false},"excerpt":{"rendered":"<p>Antisemitismus Was Europas Juden beunruhigt 70 Jahre nach der Reichspogromnacht sieht der Pr\u00e4sident des Europ\u00e4ischen J\u00fcdischen Kongresses beklommen in die Zukunft und warnt vor den Machtgel\u00fcsten des Iran. VON WJATSCHESLAW MOSHE KANTOR Weiterlesen auf den Seiten der Frankfurter Rundschau<\/p>\n","protected":false},"author":1,"featured_media":0,"comment_status":"closed","ping_status":"open","sticky":false,"template":"","format":"standard","meta":{"footnotes":""},"categories":[1],"tags":[],"class_list":["post-398","post","type-post","status-publish","format-standard","hentry","category-allgemein"],"_links":{"self":[{"href":"https:\/\/www.friedensplattform.at\/index.php?rest_route=\/wp\/v2\/posts\/398","targetHints":{"allow":["GET"]}}],"collection":[{"href":"https:\/\/www.friedensplattform.at\/index.php?rest_route=\/wp\/v2\/posts"}],"about":[{"href":"https:\/\/www.friedensplattform.at\/index.php?rest_route=\/wp\/v2\/types\/post"}],"author":[{"embeddable":true,"href":"https:\/\/www.friedensplattform.at\/index.php?rest_route=\/wp\/v2\/users\/1"}],"replies":[{"embeddable":true,"href":"https:\/\/www.friedensplattform.at\/index.php?rest_route=%2Fwp%2Fv2%2Fcomments&post=398"}],"version-history":[{"count":0,"href":"https:\/\/www.friedensplattform.at\/index.php?rest_route=\/wp\/v2\/posts\/398\/revisions"}],"wp:attachment":[{"href":"https:\/\/www.friedensplattform.at\/index.php?rest_route=%2Fwp%2Fv2%2Fmedia&parent=398"}],"wp:term":[{"taxonomy":"category","embeddable":true,"href":"https:\/\/www.friedensplattform.at\/index.php?rest_route=%2Fwp%2Fv2%2Fcategories&post=398"},{"taxonomy":"post_tag","embeddable":true,"href":"https:\/\/www.friedensplattform.at\/index.php?rest_route=%2Fwp%2Fv2%2Ftags&post=398"}],"curies":[{"name":"wp","href":"https:\/\/api.w.org\/{rel}","templated":true}]}}