{"id":400,"date":"2008-11-11T21:45:12","date_gmt":"2008-11-11T19:45:12","guid":{"rendered":"http:\/\/www.luxorbis.org\/friedensplattform.at\/?p=400"},"modified":"2008-11-11T21:45:12","modified_gmt":"2008-11-11T19:45:12","slug":"petition-atomwaffenfreies-deutschland","status":"publish","type":"post","link":"https:\/\/www.friedensplattform.at\/?p=400","title":{"rendered":"Petition &quot;Atomwaffenfreies Deutschland&quot;"},"content":{"rendered":"<p>Weitergeleitete Nachricht!<\/p>\n<p>Online unter: <a title=\"www.atomwaffen-abschaffen.de\" href=\"https:\/\/www.dfg-vk.de\/thematisches\/atomwaffen-abschaffen\/\" target=\"_blank\">www.atomwaffen-abschaffen.de <\/a><\/p>\n<p><!--more--><\/p>\n<p>Weitergeleitete Nachricht!<\/p>\n<p>Liebe FreundInnen,<br \/>\nsehr geehrte Damen und Herren,<\/p>\n<p>immer noch liegen in der Bundesrepublik Atomwaffen.<\/p>\n<p>In einer gemeinsamen Petition fordern<br \/>\nDeutsche Friedensgesellschaft-Vereinigte KriegsdienstgegnerInnen, Jusos<br \/>\nin der SPD &#8212; Bundesverband, DGB-Jugend, Bundesvorstand der Gr\u00fcnen<br \/>\nJugend, Sozialistische Jugend Deutschlands &#8212; Die Falken, Internationale<br \/>\n\u00c4rzte f\u00fcr die Verh\u00fctung des Atomkrieges (IPPNW), Stiftung Gewaltfreies<br \/>\nLeben<\/p>\n<p>ein atomwaffenfreies Deutschland als Schritt zur Abschaffung aller<br \/>\nAtomwaffen.<\/p>\n<p>Vom 30. August bis Ende November wollen wir tausende Unterschriften<br \/>\nsammeln, um sie dem Bundestag zu \u00fcberreichen. Wir fordern, dass alle<br \/>\nAtomwaffen aus Deutschland abgezogen werden und die Bundesregierung die<br \/>\nNukleare Teilhabe aus ihren Milit\u00e4rplanungen ersatzlos streicht.<\/p>\n<p>Deine \/ Ihre Hilfe ist wichtig!<br \/>\nBitte unterschreibe\/n Sie die Petition gleich hier online<br \/>\n(www.atomwaffen-abschaffen.de), drucke\/n Dir\/Sie die Unterschriftenliste<br \/>\naus und sammle\/sammeln Sie weitere Unterst\u00fctzerInnen! Jede Unterschrift<br \/>\nist wichtig!<br \/>\n&gt;&gt;&gt; &gt;&gt;&gt;Der Text der Petition &#8222;Atomwaffenfreies Deutschland&#8220; im vollen<br \/>\nWortlaut:<\/p>\n<p>Wir fordern die Mitglieder des Bundestags auf, sich nachdr\u00fccklich f\u00fcr<br \/>\nden Abzug der im rheinland-pf\u00e4lzischen B\u00fcchel stationierten Atomwaffen<br \/>\nsowie f\u00fcr den Ausstieg aus der nuklearen Teilhabe der Bundesrepublik<br \/>\nDeutschland einzusetzen. Als ersten Schritt soll der Bundestag \u00fcber die<br \/>\nhierzu bereits vorliegenden Antr\u00e4ge in diesem Sinne abstimmen.<\/p>\n<p>Wir fordern die Mitglieder der Bundesregierung auf, die deutschen<br \/>\nnuklearen Abr\u00fcstungsschritte im Rahmen des Atomwaffensperrvertrages<br \/>\n\u00f6ffentlich zu machen, in dem der Bundesverteidigungsminister bei der<br \/>\nVorbereitungskonferenz 2009 bekannt gibt, dass er die Bundeswehrpiloten<br \/>\nvon der aktiven Teilnahme an der nuklearen Teilhabe befreit hat und dass<br \/>\ndie atomwaffenf\u00e4higen Tr\u00e4gersysteme der Bundeswehr bis 2010 abger\u00fcstet<br \/>\nwerden. Bei der \u00dcberpr\u00fcfungskonferenz 2010 soll der Au\u00dfenminister oder<br \/>\nder Kanzler bekannt geben, dass Deutschland atomwaffenfrei ist.<br \/>\n&#8212;&#8212;&#8212;&#8212;&#8212;&#8212;&#8212;&#8212;&#8212;&#8212;&#8212;&#8212;&#8212;&#8212;&#8211;<br \/>\nDie \u00dcbergabe der Petition an den Bundestag ist f\u00fcr Ende November<br \/>\nvorgesehen.<br \/>\nBitte setzen Sie sich daf\u00fcr ein, dass Deutschland endlich atomwaffenfrei<br \/>\nwird!<\/p>\n<p>Online unter: <a title=\"www.atomwaffen-abschaffen.de\" href=\"https:\/\/www.dfg-vk.de\/thematisches\/atomwaffen-abschaffen\/\" target=\"_blank\">www.atomwaffen-abschaffen.de <\/a><\/p>\n","protected":false},"excerpt":{"rendered":"<p>Weitergeleitete Nachricht! Online unter: www.atomwaffen-abschaffen.de<\/p>\n","protected":false},"author":1,"featured_media":0,"comment_status":"closed","ping_status":"open","sticky":false,"template":"","format":"standard","meta":{"footnotes":""},"categories":[1],"tags":[],"class_list":["post-400","post","type-post","status-publish","format-standard","hentry","category-allgemein"],"_links":{"self":[{"href":"https:\/\/www.friedensplattform.at\/index.php?rest_route=\/wp\/v2\/posts\/400","targetHints":{"allow":["GET"]}}],"collection":[{"href":"https:\/\/www.friedensplattform.at\/index.php?rest_route=\/wp\/v2\/posts"}],"about":[{"href":"https:\/\/www.friedensplattform.at\/index.php?rest_route=\/wp\/v2\/types\/post"}],"author":[{"embeddable":true,"href":"https:\/\/www.friedensplattform.at\/index.php?rest_route=\/wp\/v2\/users\/1"}],"replies":[{"embeddable":true,"href":"https:\/\/www.friedensplattform.at\/index.php?rest_route=%2Fwp%2Fv2%2Fcomments&post=400"}],"version-history":[{"count":0,"href":"https:\/\/www.friedensplattform.at\/index.php?rest_route=\/wp\/v2\/posts\/400\/revisions"}],"wp:attachment":[{"href":"https:\/\/www.friedensplattform.at\/index.php?rest_route=%2Fwp%2Fv2%2Fmedia&parent=400"}],"wp:term":[{"taxonomy":"category","embeddable":true,"href":"https:\/\/www.friedensplattform.at\/index.php?rest_route=%2Fwp%2Fv2%2Fcategories&post=400"},{"taxonomy":"post_tag","embeddable":true,"href":"https:\/\/www.friedensplattform.at\/index.php?rest_route=%2Fwp%2Fv2%2Ftags&post=400"}],"curies":[{"name":"wp","href":"https:\/\/api.w.org\/{rel}","templated":true}]}}