{"id":4011,"date":"2016-02-03T20:59:59","date_gmt":"2016-02-03T20:59:59","guid":{"rendered":"http:\/\/www.friedensplattform.at\/?p=4011"},"modified":"2016-07-29T10:39:30","modified_gmt":"2016-07-29T10:39:30","slug":"demonstration-am-samstag-6-februar-2016-in-graz-andritz","status":"publish","type":"post","link":"https:\/\/www.friedensplattform.at\/?p=4011","title":{"rendered":"Kundgebung am Samstag, 6. Februar 2016 in Graz-Andritz"},"content":{"rendered":"<p>Liebe AUGE-FreundInnen und KollegInnen, sehr geehrte Damen und Herren!<\/p>\n<p>Aus aktuellem Anlass ver\u00f6ffentlichen wir zwei Aufrufe f\u00fcr den<strong> Samstag, 6. Februar\u00a02016 in Graz-Andritz um 12 Uhr am Andritzer Hauptplatz. \u00a0<\/strong><\/p>\n<p><strong>Anlass ist die Kundgebung der Pegida um 14:00 im Norden von Graz gegen schutzsuchende Menschen. Dazu wird \u2013 international vernetzt \u2013 von Pegida und der PdV (Partei des Volkes) aufgerufen.<\/strong><!--more--><\/p>\n<p>Dieser Aufruf veranlasst den Landesverband Steiermark der \u00d6sterreichischen AntifaschistInnen, Widerstandsk\u00e4mpferInnen und Opfer des Faschismus, gemeinsam mit einem breiten B\u00fcndnis sowie die GR\u00dcNEN zu einem klaren Statement im Vorfeld:<\/p>\n<p><strong><strong>Aufruf zur Demonstration am<u> Samstag, den 6. Februar,<\/u><u> um 12 Uhr am Andritzer Hauptplatz.<\/u><\/strong><\/strong><\/p>\n<p><strong><strong><u>\u00a0<\/u><\/strong><\/strong><\/p>\n<p><strong><strong>Die AUGE Steiermark gibt nachstehend die beiden eingelangten Stellungnahmen bekannt.<\/strong><\/strong><\/p>\n<p><strong><strong>Mit den besten Gr\u00fc\u00dfen, Ilse L\u00f6we-Vogl, AUGE<\/strong><\/strong><\/p>\n<p>&nbsp;<\/p>\n<p><strong><strong>Herz und Vernunft statt Hetze<\/strong><\/strong><br \/>\n<strong><strong>Wir wollen und wir k\u00f6nnen!\u00a0<\/strong><\/strong><\/p>\n<p>Mit Sorge beobachten wir, dass die Sprache des Hasses und der Ausgrenzung gesellschaftsf\u00e4higer wird und dass tiefe Verunsicherung uns mehr und mehr spaltet.<br \/>\nZunehmend wird Politik mit der Angst gemacht. Das ebnet rechtsextremistischen Str\u00f6mungen den Weg.<br \/>\nWir alle tragen eine gesellschaftliche Verantwortung. Demokratie, Respekt, garantierte Grund- und Menschenrechte sind nichts Selbstverst\u00e4ndliches, sondern m\u00fcssen immer wieder aufs Neue abgesichert werden. Es ist unsere Verantwortung, sie den k\u00fcnftigen Generationen unversehrt und vollst\u00e4ndig weiterzugeben. Zu dieser Verantwortung geh\u00f6rt auch, rechtsextremen Positionen keinen Millimeter Platz zu geben. Es bedeutet auch, eindeutig gegen extremistische Ideologien in jeder Form aufzutreten.<br \/>\nWir haben daher ein Zeichen gesetzt, um jene Kr\u00e4fte in der Stadt zu st\u00e4rken, die t\u00e4glich beweisen, dass Zusammenleben aktiv gestaltet werden muss und dass es gelingen kann.<\/p>\n<p><strong><strong>Wir wollen und wir k\u00f6nnen!<\/strong><\/strong><\/p>\n<p><strong><strong><a href=\"https:\/\/3c.gmx.net\/mail\/client\/dereferrer?redirectUrl=https%3A%2F%2Fgraz.gruene.at%2Fwirwollenundwirkoennen\">Zum Gr\u00fcnen Positionspapier zur aktuellen Fl\u00fcchtlingsbewegung in Europa, \u00d6sterreich und Graz<\/a><\/strong><\/strong><\/p>\n<p><strong><strong>\u00a0<\/strong><\/strong><\/p>\n<p>&nbsp;<\/p>\n<p>&nbsp;<\/p>\n<p>Weiterer Aufruftext vom Landesverband Steiermark der \u00d6sterreichischen<br \/>\nAntifaschistInnen, Widerstandsk\u00e4mpferInnen und Opfer des Faschismus<br \/>\n(KZ-Verband\/VdA Steiermark) gemeinsam mit einem breiten B\u00fcndnis:<\/p>\n<p>Wir wissen, wohin Vorurteile die Menschheit im vergangenen Jahrhundert<br \/>\ngef\u00fchrt haben. Der geistigen Brandstiftung folgte ein Weltenbrand, dem<br \/>\nMillionen Menschen zum Opfer fielen und der halb Europa in Schutt und<br \/>\nAsche legte. Millionen Menschen flohen aus ihrer Heimat, irrten durch<br \/>\nEuropa und andere Teile der Welt und suchten Hilfe und Hoffnung<br \/>\nanderswo.<\/p>\n<p>Heute fliehen wieder Millionen Menschen vor der Gewalt des Krieges, der<br \/>\nArmut, des Hungers, der brutalen Ausbeutung.<\/p>\n<p>In 14 St\u00e4dten in Europa \u2013 auch in Graz \u2013 unterstellt die<br \/>\nrassistische<br \/>\n\u201ePEGIDA\u201c-Bewegung diesen Schutz suchenden Menschen Gewaltt\u00e4tigkeit.<br \/>\nAber<br \/>\ngerade sie fliehen vor der Gewalt. Sie sind unschuldig an der Situation<br \/>\nin ihren L\u00e4ndern. Und kommen in der Hoffnung, hier eine lebbare<br \/>\nPerspektive zu finden.<\/p>\n<p>Wir wollen und k\u00f6nnen Menschen nicht pauschal vorverurteilen und<br \/>\nausgrenzen.<\/p>\n<p>Am 6. Februar will die rassistische PEGIDA erneut einen Aufmarsch in<br \/>\nunserer Stadt gegen Menschen organisieren. In Deutschland wurden auf den<\/p>\n<p>\u201ePegida\u201c-M\u00e4rschen Galgen mitgef\u00fchrt mittels derer die Todesstrafe<br \/>\nf\u00fcr<br \/>\nAndersdenkende gefordert wurde. In Graz kam es im letzten Jahr zu<br \/>\nHitler-Gr\u00fc\u00dfen und einer Verurteilung wegen Verhetzung.<\/p>\n<p>Wir sind Menschen unterschiedlicher Weltanschauungen, religi\u00f6ser<br \/>\nAnsichten und nationaler Herkunft. Wir werden nicht stumm zusehen, wenn<br \/>\n\u201ePegida\u201c nun ein weiteres Mal Vorverurteilung und Ausgrenzung auf<br \/>\ndie<br \/>\nStra\u00dfe tragen will und dabei behauptet, f\u00fcr \u201edas Volk\u201c zu<br \/>\nsprechen. Wir<br \/>\nsprechen f\u00fcr uns selbst und wenden uns in aller Entschiedenheit<br \/>\ndagegen,<br \/>\nZwietracht zwischen den B\u00fcrgerinnen und B\u00fcrgern unserer Stadt zu<br \/>\ns\u00e4en.<\/p>\n<p>Graz ist und bleibt eine weltoffene Stadt!<\/p>\n<p>Wir appellieren an alle demokratischen und solidarischen B\u00fcrgerinnen<br \/>\nund<br \/>\nB\u00fcrger der Stadt Graz mit uns am 6. Februar ein Zeichen gegen<br \/>\nVorurteile<br \/>\nund Ausgrenzung zu setzen: Beteiligen Sie an der Mahnwache \u201eWehret den<\/p>\n<p>Anf\u00e4ngen &#8211; Graz f\u00fcr Menschlichkeit\u201c!<\/p>\n<p>Zugleich wenden wir uns an alle Menschen, sich f\u00fcr Frieden, Demokratie,<\/p>\n<p>soziale Gerechtigkeit und internationale Solidarit\u00e4t stark zu machen.<br \/>\nSoziale Verbesserungen und ein friedliches Zusammenleben lassen sich<br \/>\nniemals dadurch erreichen, man f\u00fcr die Schw\u00e4chsten ein noch elenderes<br \/>\nDasein w\u00fcnscht, sondern indem wir gemeinsam f\u00fcr das Ziel einstehen,<br \/>\nauf<br \/>\nunserem so reichen Planeten f\u00fcr alle Menschen ein Leben in W\u00fcrde und<br \/>\nSicherheit zu erstreiten \u2013 frei von Krieg, Terror, Verfolgung und<br \/>\nAusbeutung.<\/p>\n<p>Zur Kundgebung l\u00e4dt der Landesverband Steiermark der \u00d6sterreichischen<br \/>\nAntifaschistInnen, Widerstandsk\u00e4mpferInnen und Opfer des Faschismus<br \/>\n(KZ-Verband\/VdA Steiermark) gemeinsam mit einem breiten B\u00fcndnis. Als<br \/>\nEhrengast wird die antifaschistische Widerstandsk\u00e4mpferin Maria C\u00e4sar<br \/>\nteilnehmen.<\/p>\n<p>&nbsp;<\/p>\n","protected":false},"excerpt":{"rendered":"<p>Liebe AUGE-FreundInnen und KollegInnen, sehr geehrte Damen und Herren! Aus aktuellem Anlass ver\u00f6ffentlichen wir zwei Aufrufe f\u00fcr den Samstag, 6. Februar\u00a02016 in Graz-Andritz um 12 Uhr am Andritzer Hauptplatz. \u00a0 Anlass ist die Kundgebung der Pegida um 14:00 im Norden von Graz gegen schutzsuchende Menschen. Dazu wird \u2013 international vernetzt \u2013 von Pegida und der &hellip; <a href=\"https:\/\/www.friedensplattform.at\/?p=4011\" class=\"more-link\"><span class=\"screen-reader-text\">Kundgebung am Samstag, 6. Februar 2016 in Graz-Andritz<\/span> weiterlesen <span class=\"meta-nav\">&rarr;<\/span><\/a><\/p>\n","protected":false},"author":2,"featured_media":0,"comment_status":"open","ping_status":"open","sticky":false,"template":"","format":"standard","meta":{"footnotes":""},"categories":[1],"tags":[],"class_list":["post-4011","post","type-post","status-publish","format-standard","hentry","category-allgemein"],"_links":{"self":[{"href":"https:\/\/www.friedensplattform.at\/index.php?rest_route=\/wp\/v2\/posts\/4011","targetHints":{"allow":["GET"]}}],"collection":[{"href":"https:\/\/www.friedensplattform.at\/index.php?rest_route=\/wp\/v2\/posts"}],"about":[{"href":"https:\/\/www.friedensplattform.at\/index.php?rest_route=\/wp\/v2\/types\/post"}],"author":[{"embeddable":true,"href":"https:\/\/www.friedensplattform.at\/index.php?rest_route=\/wp\/v2\/users\/2"}],"replies":[{"embeddable":true,"href":"https:\/\/www.friedensplattform.at\/index.php?rest_route=%2Fwp%2Fv2%2Fcomments&post=4011"}],"version-history":[{"count":2,"href":"https:\/\/www.friedensplattform.at\/index.php?rest_route=\/wp\/v2\/posts\/4011\/revisions"}],"predecessor-version":[{"id":4013,"href":"https:\/\/www.friedensplattform.at\/index.php?rest_route=\/wp\/v2\/posts\/4011\/revisions\/4013"}],"wp:attachment":[{"href":"https:\/\/www.friedensplattform.at\/index.php?rest_route=%2Fwp%2Fv2%2Fmedia&parent=4011"}],"wp:term":[{"taxonomy":"category","embeddable":true,"href":"https:\/\/www.friedensplattform.at\/index.php?rest_route=%2Fwp%2Fv2%2Fcategories&post=4011"},{"taxonomy":"post_tag","embeddable":true,"href":"https:\/\/www.friedensplattform.at\/index.php?rest_route=%2Fwp%2Fv2%2Ftags&post=4011"}],"curies":[{"name":"wp","href":"https:\/\/api.w.org\/{rel}","templated":true}]}}