{"id":402,"date":"2008-11-16T20:33:35","date_gmt":"2008-11-16T18:33:35","guid":{"rendered":"http:\/\/www.luxorbis.org\/friedensplattform.at\/?p=402"},"modified":"2008-11-16T20:33:35","modified_gmt":"2008-11-16T18:33:35","slug":"hinweis-auf-eine-veranstaltung-frauen-in-der-kurdischen-guerilla","status":"publish","type":"post","link":"https:\/\/www.friedensplattform.at\/?p=402","title":{"rendered":"Hinweis auf eine Veranstaltung: &quot;Frauen in der kurdischen Guerilla&quot;"},"content":{"rendered":"<p>Hinweis auf eine Veranstaltung im Spektral:<\/p>\n<h4>Frauen in der kurdischen Guerilla<\/h4>\n<p>&#8211; Motivation, Identit\u00e4t und Geschlechterkampf in der Frauenarmee der PKK<\/p>\n<p>Buchpr\u00e4sentation von und mit Anja Flach aus Hamburg<br \/>\n<strong>Freitag, 21. November 2008, 19Uhr<br \/>\nSpektral\/Untergescho\u00df<br \/>\n8020 Graz, Lendkai 45 (Ecke Fellingergasse)<\/strong><\/p>\n<p><!--more--><\/p>\n<p>Mehr als zwei Jahre &#8211; von 1995 bis 1997 &#8211; war Anja Flach als Internationalistin in den Bergen Kurdistans und hat dort das Leben der Guerillaeinheiten der kurdischen Befreiungsbewegung kennen gelernt und geteilt. Mitten in einem Krieg gegen die zweitgr\u00f6\u00dfte Armee der NATO wird sie Augenzeugin und Teilnehmerin des noch immer andauernden Versuchs, ein anderes Leben aufzubauen &#8211; ein Leben, das f\u00fcr das unter Jahrhunderten Krieg, Unterdr\u00fcckung und Verleugnung leidende kurdische Volk ebenso eine menschenw\u00fcrdige Perspektive bietet wie f\u00fcr die zerst\u00f6rten Beziehungen zwischen M\u00e4nnern und Frauen und f\u00fcr die einzelnen ProtagonistInnen dieses Kampfes. Die Tagebuchaufzeichnungen dieser Zeit hat sie zu einem Buch verarbeitet, das zugleich den Alltag und die politische Entwicklung der kurdischen Befreiungsbewegung Mitte der 90er Jahre beschreibt und die subjektiven Erfahrungen, Erkenntnisse und Schwierigkeiten dokumentiert, die der Weg von den europ\u00e4ischen Metropolen in die Strukturen einer k\u00e4mpfenden Befreiungsbewegung bereith\u00e4lt.<\/p>\n<p>N\u00e4here Informationen zum Ausdrucken:<\/p>\n<p><a title=\"indymedia\" href=\"http:\/\/at.indymedia.org\/files\/21.11.Flyer_vorderseite.pdf\" target=\"_blank\">http:\/\/at.indymedia.org\/files\/21.11.Flyer_vorderseite.pdf<\/a><br \/>\n<a title=\"indymedia\" href=\"http:\/\/at.indymedia.org\/files\/21.11.Flyer_rueckseite.pdf\" target=\"_blank\">http:\/\/at.indymedia.org\/files\/21.11.Flyer_rueckseite.pdf<\/a><br \/>\n<a title=\"indymedia\" href=\"http:\/\/at.indymedia.org\/files\/21.11.Plakat_Grosz.pdf\" target=\"_blank\">http:\/\/at.indymedia.org\/files\/21.11.Plakat_Grosz.pdf<\/a><\/p>\n","protected":false},"excerpt":{"rendered":"<p>Hinweis auf eine Veranstaltung im Spektral: Frauen in der kurdischen Guerilla &#8211; Motivation, Identit\u00e4t und Geschlechterkampf in der Frauenarmee der PKK Buchpr\u00e4sentation von und mit Anja Flach aus Hamburg Freitag, 21. November 2008, 19Uhr Spektral\/Untergescho\u00df 8020 Graz, Lendkai 45 (Ecke Fellingergasse)<\/p>\n","protected":false},"author":1,"featured_media":0,"comment_status":"closed","ping_status":"open","sticky":false,"template":"","format":"standard","meta":{"footnotes":""},"categories":[1],"tags":[],"class_list":["post-402","post","type-post","status-publish","format-standard","hentry","category-allgemein"],"_links":{"self":[{"href":"https:\/\/www.friedensplattform.at\/index.php?rest_route=\/wp\/v2\/posts\/402","targetHints":{"allow":["GET"]}}],"collection":[{"href":"https:\/\/www.friedensplattform.at\/index.php?rest_route=\/wp\/v2\/posts"}],"about":[{"href":"https:\/\/www.friedensplattform.at\/index.php?rest_route=\/wp\/v2\/types\/post"}],"author":[{"embeddable":true,"href":"https:\/\/www.friedensplattform.at\/index.php?rest_route=\/wp\/v2\/users\/1"}],"replies":[{"embeddable":true,"href":"https:\/\/www.friedensplattform.at\/index.php?rest_route=%2Fwp%2Fv2%2Fcomments&post=402"}],"version-history":[{"count":0,"href":"https:\/\/www.friedensplattform.at\/index.php?rest_route=\/wp\/v2\/posts\/402\/revisions"}],"wp:attachment":[{"href":"https:\/\/www.friedensplattform.at\/index.php?rest_route=%2Fwp%2Fv2%2Fmedia&parent=402"}],"wp:term":[{"taxonomy":"category","embeddable":true,"href":"https:\/\/www.friedensplattform.at\/index.php?rest_route=%2Fwp%2Fv2%2Fcategories&post=402"},{"taxonomy":"post_tag","embeddable":true,"href":"https:\/\/www.friedensplattform.at\/index.php?rest_route=%2Fwp%2Fv2%2Ftags&post=402"}],"curies":[{"name":"wp","href":"https:\/\/api.w.org\/{rel}","templated":true}]}}