{"id":4028,"date":"2016-04-06T04:38:00","date_gmt":"2016-04-06T04:38:00","guid":{"rendered":"http:\/\/www.friedensplattform.at\/?p=4028"},"modified":"2016-04-06T04:38:00","modified_gmt":"2016-04-06T04:38:00","slug":"idf-soldat-gefeierter-moerder","status":"publish","type":"post","link":"https:\/\/www.friedensplattform.at\/?p=4028","title":{"rendered":"IDF-Soldat: Gefeierter M\u00f6rder"},"content":{"rendered":"<p class=\"entry_date \">5. April 2016 um 13:53 Uhr<\/p>\n<h3 id=\"post-32749\">IDF-Soldat: Gefeierter M\u00f6rder<\/h3>\n<p><small> Verantwortlich: <a title=\"Beitr\u00e4ge von Albrecht M\u00fcller\" href=\"http:\/\/www.nachdenkseiten.de\/?author=2\" rel=\"author\">Albrecht M\u00fcller<\/a> <\/small><\/p>\n<p>Ein Vorgang aus Israel und Pal\u00e4stina. Ein Mitglied der \u201e<a href=\"https:\/\/de.wikipedia.org\/wiki\/Israelische_Verteidigungsstreitkr%C3%A4fte\">Israelischen Verteidigungskr\u00e4fte<\/a>\u201c erschie\u00dft einen am Boden liegenden Pal\u00e4stinenser. <!--more-->Der israelische Soldat wird kritisiert und gefeiert. Wir bringen dazu einen Beitrag von <strong>Flo Osrainik<\/strong> \u2013 auch deshalb, weil wir zu vergessen neigen, was im Kern und Hintergrund der insgesamt schrecklichen Entwicklung zwischen Afghanistan und Libyen in Pal\u00e4stina und Israel los ist. Der Vorgang zeigt au\u00dferdem, wie hoffnungslos ein Wertesystem ist, das vom Gedanken \u201eAuge um Auge, Zahn um Zahn\u201c gepr\u00e4gt ist. <strong>Albrecht M\u00fcller<\/strong>.<\/p>\n<p><em>Dieser Beitrag ist auch als Audio-Podcast verf\u00fcgbar.<\/em><br \/>\n<span id=\"more-32749\"><\/span><\/p>\n<div class=\"podPress_content podPress_content_audio_mp3\">\n<div class=\"podpress_playerspace podpress_playerspace_audio_mp3 podpress_mp3player\"><object id=\"podPressPlayerSpace_2\" data=\"http:\/\/www.nachdenkseiten.de\/wp-content\/plugins\/podpress\/players\/1pixelout\/1pixelout_player.swf\" type=\"application\/x-shockwave-flash\" name=\"podPressPlayerSpace_2\" width=\"290\" height=\"24\"><\/object><\/div>\n<div class=\"podPress_downloadlinks podPress_downloadlinks_audio_mp3\"><a class=\"podpress_downloadimglink podpress_downloadimglink_audio_mp3\" title=\"Download: IDF-Soldat: Gefeierter M\u00f6rder - Flo Osrainik\" href=\"http:\/\/www.nachdenkseiten.de\/upload\/podcast\/160405_Gefeierter_Moerder_NDS.mp3\" target=\"new\"><img decoding=\"async\" class=\"podPress_imgicon podpress_imgicon_audio_mp3\" src=\"http:\/\/www.nachdenkseiten.de\/wp-content\/plugins\/podpress\/images\/audio_mp3_icon.png\" alt=\"\" \/><\/a> <span class=\"podpress_mediafile_title podpress_mediafile_title_audio_mp3\">IDF-Soldat: Gefeierter M\u00f6rder &#8211; Flo Osrainik<\/span> <span class=\"podpress_mediafile_dursize podpress_mediafile_dursize_audio_mp3\">[ 7:58 ]<\/span> <a class=\"podpress_playlink podpress_playlink_audio_mp3\" href=\"http:\/\/www.nachdenkseiten.de\/?p=32749#podPressPlayerSpace_2\"><span id=\"podPressPlayerSpace_2_PlayLink\" class=\"podPress_playerspace_playlink\">Player verbergen<\/span><\/a> | <a class=\"podpress_playinpopup podpress_playinpopup_audio_mp3\" href=\"http:\/\/www.nachdenkseiten.de\/?p=32749#podPressPlayerSpace_2\">Play in Popup<\/a> | <a class=\"podpress_downloadlink podpress_downloadlink_audio_mp3\" href=\"http:\/\/www.nachdenkseiten.de\/upload\/podcast\/160405_Gefeierter_Moerder_NDS.mp3\" target=\"new\">Download<\/a><\/div>\n<\/div>\n<p><strong>IDF-Soldat: Gefeierter M\u00f6rder<\/strong><\/p>\n<p>Vor ein paar Tagen sorgte ein Video \u00fcber die Ermordung eines wehrlos am Boden liegenden pal\u00e4stinensischen Angreifers f\u00fcr Schlagzeilen. Obwohl die israelische Armee den M\u00f6rder suspendierte, wird er gesch\u00fctzt und gefeiert. Von <strong>Flo Osrainik<\/strong><\/p>\n<p>Die Gefahr war gebannt. Die beiden Angreifer \u2013 sie sind in Hebron angeblich mit Messern auf Soldaten der IDF losgegangen und haben einen dabei leicht verletzt \u2013 liegen am Boden, einer tot, der andere verletzt. Was dann folgt zeigt das wahre Gesicht der israelischen Besatzer. Die IDF-Soldaten, Siedler und Sanit\u00e4ter, fast alle bewaffnet, ignorieren den verletzt am Boden liegenden 21-j\u00e4hrigen Abd al-Fatah a-Sharif. Die Anwesenden ahnen nicht gefilmt zu werden, was die Vermutung nahe legt, dass ihr Verhalten \u00fcblich f\u00fcr Soldaten, Siedler und Sanit\u00e4ter der Besatzungsmacht ist. Ein Siedler zu den Soldaten: \u201e<a href=\"http:\/\/www.richardsilverstein.com\/2016\/03\/26\/breaking-identities-of-idf-soldier-who-executed-unarmed-palestinian-and-his-commanding-officer-exposed\/\">Das Arschloch atmete noch<\/a>\u201c.<\/p>\n<p>Eine kurze Unterhaltung zwischen den Soldaten, wohl ein Befehl, und einer der Soldaten schie\u00dft dem Verletzten mal eben so aus n\u00e4chster N\u00e4he in den Kopf. Blut flie\u00dft. Jetzt sind beide tot, was immer noch keinen der Anwesenden sonderlich juckt. Das Video zu dem kaltbl\u00fctigen Mord wurde der israelischen Menschenrechtsorganisation B\u2019Tselem zugespielt \u2013 der Mann, der den Vorgang gefilmt hat, erh\u00e4lt Morddrohungen von Siedlern; <a href=\"https:\/\/twitter.com\/haaretzcom\">sein Haus wurde mit Steinen beworfen<\/a> \u2013 und sorgte, kaum im Netz, erwartungsgem\u00e4\u00df f\u00fcr <a href=\"http:\/\/www.btselem.org\/firearms\/20160324_soldier_executes_palestinians_attaker_in_hebron\">hefige Reaktionen<\/a>.<\/p>\n<p>So hat die israelische Armee den Soldaten im Nachgang suspendiert und behauptet, dass dieses Verhalten \u2013 im Gegensatz zum tats\u00e4chlichen Verhalten der IDF-Soldaten vor Ort \u2013 nicht den Werten der israelischen Armee entsprechen und es sich um einen \u201eschwerwiegenden Vorfall\u201c handeln w\u00fcrde. Obwohl der uniformierte M\u00f6rder und andere Anwesende, darunter der Vorgesetzte des Sch\u00fctzen, David Shapira, auf dem Video gut erkennbar sind, wurde er von keiner israelischen Zeitung namentlich genannt. Im Netz machte sein Name trotzdem schnell die Runde, wie Glenn Greenwald von der Nachrichten-Webseite The Intercept <a href=\"https:\/\/theintercept.com\/2016\/03\/30\/complying-with-israeli-censorship-order-nyt-conceals-name-of-soldier-who-shot-wounded-palestinian\/\">berichtet<\/a>.<\/p>\n<p>Ungeniert wird der Todessch\u00fctze in sozialen Netzwerken von seinen Unterst\u00fctzern beim Namen genannt und als Held bezeichnet. Einer schreibt, dass er seinen Job gemacht hat und belohnt, nicht bestraft werden solle, er sei ein Held (\u201eHe did his job he should be rewarded not proscuted he is \u00e0 Hero\u201c). Ein anderer schickt ihm <a href=\"https:\/\/www.facebook.com\/shuki11.e\/posts\/10207050630678786\">Liebesgr\u00fc\u00dfe<\/a>. Und sogar Gemeinden, wie Beith Shemesh oder die j\u00fcdisch-arabische Stadt Ramle, der Todessch\u00fctze stammt von dort, demonstrieren f\u00fcr den M\u00f6rder. Er sei ihr <a href=\"https:\/\/twitter.com\/Elizrael\">Nationalheld<\/a>. Auf seiner Facebook-Seite soll der Todessch\u00fctze rechtsradikale Ansichten geteilt und einem anderen Soldaten gesagt haben, dass der Pal\u00e4stinenser den Tod verdient h\u00e4tte, so die israelische <a href=\"http:\/\/www.haaretz.com\/israel-news\/.premium-1.711163\">Tageszeitung Haaretz<\/a>. Uri Blau, ein investigativer Journalist, hat die Facebook-Beitr\u00e4ge des Killers untersucht und einen \u201etief verwurzelten Hass gegen\u00fcber Pal\u00e4stinensern, unterst\u00fctzt von Familienmitgliedern und Freunden\u201c festgestellt. Einen Waffenstillstand zwischen Israel und der Hamas w\u00e4hrend der Operation \u201eProtective Edge\u201c in Gaza im Juni 2014 kommentierte er mit: \u201eBibi (Benjamin Netanyahu) du Schwuchtel, wie ist das mit der Waffenruhe? Zur H\u00f6lle mit ihnen!!!\u201c. Einem zustimmenden Kommentar f\u00fcgte er sp\u00e4ter hinzu: \u201e<a href=\"http:\/\/uriblau.com\/shooter\/\">Ja, killt sie alle<\/a>\u201c.<\/p>\n<p>In Israel macht der Fall Schlagzeilen. Aber nicht wegen dem Mord oder den Ansichten des M\u00f6rders, sondern wegen der Verhaftung des Soldaten. <a href=\"https:\/\/he-il.facebook.com\/people\/%D7%90%D7%9C%D7%90%D7%95%D7%A8-%D7%90%D7%96%D7%A8%D7%99%D7%94\/100003478460414\">Bei dem M\u00f6rder<\/a> handelt es sich um Elor Azaria, auch Elor Azarya oder El`or Azariya, wie The Intercept weiter schreibt. Der Journalist Gregg Calstrom <a href=\"https:\/\/twitter.com\/glcarlstrom?ref_src=twsrc%5Etfw\">berichtet<\/a>, dass eine Petition, gerichtet an Premier Benjamin Netanyahu, mit \u00fcber 58.000 Unterschriften (Stand 04.04.2016) eine Auszeichnung f\u00fcr Azaria <a href=\"http:\/\/www.atzuma.co.il\/citation\">fordert<\/a>. Nach einer Umfrage von Channel 2 News waren 57 Prozent in Israel der Meinung, dass es nicht n\u00f6tig sei den Soldaten zu verhaften. Nur f\u00fcnf Prozent bezeichnen sein Vorgehen als <a href=\"http:\/\/www.haaretz.com\/israel-news\/.premium-1.711163\">Mord<\/a>.<br \/>\n<a href=\"https:\/\/twitter.com\/haaretzcom\">Haaretz<\/a> fasst die Zustimmung f\u00fcr Azaria \u00fcber den Kurznachrichtendienst twitter mit \u201ehe`s now every mother`s son\u201c, er sei nun der Sohn einer jeden (israelischen) Mutter, zusammen.<\/p>\n<p>Auch der rechts au\u00dfen stehende israelische Bildungsminister (!!!), Naftali Bennett von der Partei \u201eJ\u00fcdisches Heim\u201c, verbreitet seine krude Sicht der Dinge \u00fcber den Fall via Facebook. \u201eDer Soldat ist kein M\u00f6rder\u201c, es herrsche Krieg gegen brutalen Terrorismus und \u2013 vor lauter Hass hat er das Video offenbar nicht gesehen \u2013 der \u201eTerrorist\u201c, gemeint ist der halbtot am Boden liegende Abd al-Fatah a-Sharif, h\u00e4tte ja noch eine Bombe z\u00fcnden k\u00f6nnen, was die Anwesenden \u2013 <a href=\"http:\/\/www.n-tv.de\/politik\/Israelischer-Soldat-erschiesst-Verletzten-article17313251.html\">oder auch n-tv<\/a> \u2013 offensichtlich <a href=\"https:\/\/theintercept.com\/2016\/03\/28\/israelis-reject-murder-charge-army-medic-killed-wounded-suspect\/\">ganz anders<\/a> eingesch\u00e4tzt haben.<\/p>\n<p>Laut Beschluss eines israelischen Milit\u00e4rgerichts darf der Name des Killers nicht in den Medien, weder in israelischen noch in ausl\u00e4ndischen, genannt werden. Ausl\u00e4ndische Medien k\u00f6nnten ihre Akkreditierung f\u00fcr Israel verlieren, sollten sie sich nicht der Zensur \u2013 man k\u00f6nnte das Verbot umgehen, indem man nicht aus Israel, sondern aus einem anderen Land berichten l\u00e4sst \u2013 beugen. Wie Glenn Greenwald weiter berichtet, f\u00fcgt sich unter anderem die New York Times flei\u00dfig der israelischen Zensur und nennt Azaria nicht beim Namen.<\/p>\n<p>Manchen Menschen m\u00f6chte man doch ein Leben von klein auf als Pal\u00e4stinenser unter israelischer Besatzung schenken. Wie hei\u00dft es doch im Talmud: \u201eVerurteile niemand, bevor du in seiner Lage warst!\u201c Die menschenverachtenden Methoden und Ansichten der Nazis finden auch religions\u00fcbergreifend bis heute Nachahmung.<\/p>\n<p>&nbsp;<\/p>\n","protected":false},"excerpt":{"rendered":"<p>5. April 2016 um 13:53 Uhr IDF-Soldat: Gefeierter M\u00f6rder Verantwortlich: Albrecht M\u00fcller Ein Vorgang aus Israel und Pal\u00e4stina. Ein Mitglied der \u201eIsraelischen Verteidigungskr\u00e4fte\u201c erschie\u00dft einen am Boden liegenden Pal\u00e4stinenser.<\/p>\n","protected":false},"author":2,"featured_media":0,"comment_status":"open","ping_status":"open","sticky":false,"template":"","format":"standard","meta":{"footnotes":""},"categories":[1],"tags":[],"class_list":["post-4028","post","type-post","status-publish","format-standard","hentry","category-allgemein"],"_links":{"self":[{"href":"https:\/\/www.friedensplattform.at\/index.php?rest_route=\/wp\/v2\/posts\/4028","targetHints":{"allow":["GET"]}}],"collection":[{"href":"https:\/\/www.friedensplattform.at\/index.php?rest_route=\/wp\/v2\/posts"}],"about":[{"href":"https:\/\/www.friedensplattform.at\/index.php?rest_route=\/wp\/v2\/types\/post"}],"author":[{"embeddable":true,"href":"https:\/\/www.friedensplattform.at\/index.php?rest_route=\/wp\/v2\/users\/2"}],"replies":[{"embeddable":true,"href":"https:\/\/www.friedensplattform.at\/index.php?rest_route=%2Fwp%2Fv2%2Fcomments&post=4028"}],"version-history":[{"count":1,"href":"https:\/\/www.friedensplattform.at\/index.php?rest_route=\/wp\/v2\/posts\/4028\/revisions"}],"predecessor-version":[{"id":4029,"href":"https:\/\/www.friedensplattform.at\/index.php?rest_route=\/wp\/v2\/posts\/4028\/revisions\/4029"}],"wp:attachment":[{"href":"https:\/\/www.friedensplattform.at\/index.php?rest_route=%2Fwp%2Fv2%2Fmedia&parent=4028"}],"wp:term":[{"taxonomy":"category","embeddable":true,"href":"https:\/\/www.friedensplattform.at\/index.php?rest_route=%2Fwp%2Fv2%2Fcategories&post=4028"},{"taxonomy":"post_tag","embeddable":true,"href":"https:\/\/www.friedensplattform.at\/index.php?rest_route=%2Fwp%2Fv2%2Ftags&post=4028"}],"curies":[{"name":"wp","href":"https:\/\/api.w.org\/{rel}","templated":true}]}}