{"id":4032,"date":"2016-04-12T20:02:13","date_gmt":"2016-04-12T20:02:13","guid":{"rendered":"http:\/\/www.friedensplattform.at\/?p=4032"},"modified":"2016-04-12T20:02:13","modified_gmt":"2016-04-12T20:02:13","slug":"aktionstag-gegen-ttip-und-ceta","status":"publish","type":"post","link":"https:\/\/www.friedensplattform.at\/?p=4032","title":{"rendered":"Aktionstag gegen TTIP und CETA!"},"content":{"rendered":"<p><strong>Gro\u00dfdemonstration f\u00fcr faire Handelspolitik!<\/strong><\/p>\n<p><a href=\"http:\/\/www.friedensplattform.at\/wp-content\/uploads\/2016\/04\/TTIP.jpg\"><img loading=\"lazy\" decoding=\"async\" class=\"alignnone  wp-image-4033\" src=\"http:\/\/www.friedensplattform.at\/wp-content\/uploads\/2016\/04\/TTIP-300x111.jpg\" alt=\"TTIP\" width=\"481\" height=\"178\" srcset=\"https:\/\/www.friedensplattform.at\/wp-content\/uploads\/2016\/04\/TTIP-300x111.jpg 300w, https:\/\/www.friedensplattform.at\/wp-content\/uploads\/2016\/04\/TTIP.jpg 960w\" sizes=\"auto, (max-width: 481px) 100vw, 481px\" \/><\/a><!--more--><\/p>\n<p>&nbsp;<\/p>\n<p><span class=\"_4n-j fsl\"><strong>Gemeinsam am 4.6.2016 gegen CETA und TTIP!<\/strong><\/p>\n<p>Noch dieses Jahr soll CETA beschlossen werden, es werden sogar Eilverfahren angedacht um CETA an den Parlamenten vorbei zu verabschieden.<br \/>\nDie Verhandlungsrunden um TTIP sind an einem entscheidenden Punkt angelangt: Es werden die Landwirtschaft Europas und gentechnisch ver\u00e4nderte Lebensmittel verhandelt. Mit CETA soll nun ein Vertragstext ratifiziert werden, der einen direkten Schluss auf TTIP zul\u00e4sst und nichts gutes erahnen l\u00e4sst.<br \/>\nGerade deshalb ist es wichtig, dass der europaweite Widerstand gegen Freihandelsabkommen, der als beispiellose pan-europ\u00e4ische Protestwelle bereits jetzt in die Geschichte eingegangen ist, weitergef\u00fchrt wird.<br \/>\nHunderttausende demonstrierten <span class=\"text_exposed_show\">bereits gegen die Abkommen, die Verhandlungen gestalten sich immer Schwieriger und die Initiator*innen f\u00fchlen sich bereits gen\u00f6tigt erste Zugest\u00e4ndnisse bei Schiedsgerichten und in einzelnen Verhandlungspunkten zu machen.<br \/>\nDoch das wollen wir nicht gelten lassen: TTIP, CETA und auch das Dienstleistungsabkommen TiSA d\u00fcrfen nicht ratifiziert und die Verhandlungen m\u00fcssen abgebrochen werden!<br \/>\nStatt einer Politik die Konzerne beg\u00fcnstigt, Menschen in ihren Freiheiten (Arbeitnehmer*innenschutz,<wbr \/> Privatisierungen \u00f6ffentlicher Leistungen) bedr\u00e4ngt und wichtige Standards f\u00fcr Kapitalinteressen aussetzen will (Umwelt-, Recht-, Agrarstandards) wollen wir faire Handelspolitik, die allen zu Gute kommt!<br \/>\nIn \u00d6sterreich f\u00fchren diese Abkommen zu einer weiteren und noch st\u00e4rkeren Belastung von Klein-, und Mittelunternehmen, Landwirten und dem \u00f6ffentlich finanzierten Sektor.<\/p>\n<p>Lasst uns deshalb beim gro\u00dfen Aktionstag am 4.6. zeigen: Wir sind noch da und wir sind mehr als je zuvor!<br \/>\nEin breiteres B\u00fcndnis als je zuvor ruft in Graz zur Teilnahme an den Protesten auf!<br \/>\nMehr als 20 Initiativen, NGOs und Parteien rufen dazu auf am 4.6. die Grazer Innenstadt mit Mensche zu f\u00fcllen, die eine klare Botschaft senden: Wir stehen gemeinsam gegen TTIP\/CETA\/TiSA und wir werden nicht klein beigeben bevor diese Abkommen vom Tisch sind!<br \/>\nWir rufen weitere Organisationen und alle Privatpersonen zur Teilnahme auf!<br \/>\nTeilnehmende Organisationen:<\/p>\n<p>Aktionsb\u00fcndnis Graz, S\u00fcdwind, Greenpeace, Attac Graz, Welthaus, Gr\u00fcne Akademie, System Change not Climate Change, Amsel, Gewerkschaftlicher Linksblock, AUGE\/UG, Liste Kaltenbeck, Die GR\u00dcNEN Steiermark, Die GR\u00dcNEN Graz,GRAS Karl Franzens Universit\u00e4t Graz, KP\u00d6 Graz, KP\u00d6 Steiermark, SP\u00d6, KSV, KJ\u00d6, die LINKE Steiermark, steirische Friedensplattform, Occupy Stadtpark,Gemeinwohl \u00d6konomie Steiermark, SJ Steiermark, Piratenpartei, Junge Piraten, Radio Helsinki, Transition, viva con aqua, Transition Graz, Crossroads, \u00d6BV<\/p>\n<p>Medienpartner: Radio Helsinki<\/span><\/span><\/p>\n","protected":false},"excerpt":{"rendered":"<p>Gro\u00dfdemonstration f\u00fcr faire Handelspolitik!<\/p>\n","protected":false},"author":2,"featured_media":0,"comment_status":"open","ping_status":"open","sticky":false,"template":"","format":"standard","meta":{"footnotes":""},"categories":[1],"tags":[],"class_list":["post-4032","post","type-post","status-publish","format-standard","hentry","category-allgemein"],"_links":{"self":[{"href":"https:\/\/www.friedensplattform.at\/index.php?rest_route=\/wp\/v2\/posts\/4032","targetHints":{"allow":["GET"]}}],"collection":[{"href":"https:\/\/www.friedensplattform.at\/index.php?rest_route=\/wp\/v2\/posts"}],"about":[{"href":"https:\/\/www.friedensplattform.at\/index.php?rest_route=\/wp\/v2\/types\/post"}],"author":[{"embeddable":true,"href":"https:\/\/www.friedensplattform.at\/index.php?rest_route=\/wp\/v2\/users\/2"}],"replies":[{"embeddable":true,"href":"https:\/\/www.friedensplattform.at\/index.php?rest_route=%2Fwp%2Fv2%2Fcomments&post=4032"}],"version-history":[{"count":1,"href":"https:\/\/www.friedensplattform.at\/index.php?rest_route=\/wp\/v2\/posts\/4032\/revisions"}],"predecessor-version":[{"id":4034,"href":"https:\/\/www.friedensplattform.at\/index.php?rest_route=\/wp\/v2\/posts\/4032\/revisions\/4034"}],"wp:attachment":[{"href":"https:\/\/www.friedensplattform.at\/index.php?rest_route=%2Fwp%2Fv2%2Fmedia&parent=4032"}],"wp:term":[{"taxonomy":"category","embeddable":true,"href":"https:\/\/www.friedensplattform.at\/index.php?rest_route=%2Fwp%2Fv2%2Fcategories&post=4032"},{"taxonomy":"post_tag","embeddable":true,"href":"https:\/\/www.friedensplattform.at\/index.php?rest_route=%2Fwp%2Fv2%2Ftags&post=4032"}],"curies":[{"name":"wp","href":"https:\/\/api.w.org\/{rel}","templated":true}]}}