{"id":4036,"date":"2016-04-18T19:11:03","date_gmt":"2016-04-18T19:11:03","guid":{"rendered":"http:\/\/www.friedensplattform.at\/?p=4036"},"modified":"2016-04-18T19:14:59","modified_gmt":"2016-04-18T19:14:59","slug":"do-28-april-2016-1930-projektvorstellung","status":"publish","type":"post","link":"https:\/\/www.friedensplattform.at\/?p=4036","title":{"rendered":"R\u00fcstungsatlas \u00d6sterreich"},"content":{"rendered":"<p><strong>Film und Projektvorstellung<\/strong><\/p>\n<p><strong>Do., 28. April 2016 19:30\u00a0 <\/strong><\/p>\n<p>\u00d6sterreich produziert und exportiert Waffen, die dann bisweilen auch in (B\u00fcrger-)Kriegsgebieten zum Einsatz kommen.<!--more--> Damit ist unser Land Mitverursacher jener Fluchtbewegungen existenziell bedrohter Menschen, gegen die sich viele unserer Mitb\u00fcrgerInnen in einer Festung abschotten wollen.<\/p>\n<table>\n<tbody>\n<tr>\n<td width=\"115\"><\/td>\n<\/tr>\n<tr>\n<td><\/td>\n<td><\/td>\n<\/tr>\n<\/tbody>\n<\/table>\n<p>Wo in \u00d6sterreich welche R\u00fcstungsforschung betrieben wird und wo welche R\u00fcstungsg\u00fcter hergestellt werden ist weitgehend unbekannt.\u00a0 Mehrere Friedens- und Menschenrechtsgruppen wollen durch die Erstellung eines \u201eR\u00fcstungsatlas \u00d6sterreich\u201c Licht in dieses Dunkel bringen.<\/p>\n<p>Zur Einleitung zeigen wir eine Dokumentation \u00fcber einen Waffenexport.<\/p>\n<p><strong>Do., 28. April 2016, 19:30<br \/>\n<\/strong><\/p>\n<p><strong>Graz, Reitschulgasse 14<\/strong><\/p>\n<p><strong><br \/>\n<\/strong><\/p>\n<p>&nbsp;<\/p>\n<p>&nbsp;<\/p>\n<p>&nbsp;<\/p>\n<p>&nbsp;<\/p>\n<p>&nbsp;<\/p>\n<p>&nbsp;<\/p>\n<p>&nbsp;<\/p>\n<p>&nbsp;<\/p>\n<p>&nbsp;<\/p>\n<p>&nbsp;<\/p>\n","protected":false},"excerpt":{"rendered":"<p>Film und Projektvorstellung Do., 28. April 2016 19:30\u00a0 \u00d6sterreich produziert und exportiert Waffen, die dann bisweilen auch in (B\u00fcrger-)Kriegsgebieten zum Einsatz kommen.<\/p>\n","protected":false},"author":2,"featured_media":0,"comment_status":"open","ping_status":"open","sticky":false,"template":"","format":"standard","meta":{"footnotes":""},"categories":[1],"tags":[],"class_list":["post-4036","post","type-post","status-publish","format-standard","hentry","category-allgemein"],"_links":{"self":[{"href":"https:\/\/www.friedensplattform.at\/index.php?rest_route=\/wp\/v2\/posts\/4036","targetHints":{"allow":["GET"]}}],"collection":[{"href":"https:\/\/www.friedensplattform.at\/index.php?rest_route=\/wp\/v2\/posts"}],"about":[{"href":"https:\/\/www.friedensplattform.at\/index.php?rest_route=\/wp\/v2\/types\/post"}],"author":[{"embeddable":true,"href":"https:\/\/www.friedensplattform.at\/index.php?rest_route=\/wp\/v2\/users\/2"}],"replies":[{"embeddable":true,"href":"https:\/\/www.friedensplattform.at\/index.php?rest_route=%2Fwp%2Fv2%2Fcomments&post=4036"}],"version-history":[{"count":4,"href":"https:\/\/www.friedensplattform.at\/index.php?rest_route=\/wp\/v2\/posts\/4036\/revisions"}],"predecessor-version":[{"id":4040,"href":"https:\/\/www.friedensplattform.at\/index.php?rest_route=\/wp\/v2\/posts\/4036\/revisions\/4040"}],"wp:attachment":[{"href":"https:\/\/www.friedensplattform.at\/index.php?rest_route=%2Fwp%2Fv2%2Fmedia&parent=4036"}],"wp:term":[{"taxonomy":"category","embeddable":true,"href":"https:\/\/www.friedensplattform.at\/index.php?rest_route=%2Fwp%2Fv2%2Fcategories&post=4036"},{"taxonomy":"post_tag","embeddable":true,"href":"https:\/\/www.friedensplattform.at\/index.php?rest_route=%2Fwp%2Fv2%2Ftags&post=4036"}],"curies":[{"name":"wp","href":"https:\/\/api.w.org\/{rel}","templated":true}]}}