{"id":4045,"date":"2016-05-02T19:52:12","date_gmt":"2016-05-02T19:52:12","guid":{"rendered":"http:\/\/www.friedensplattform.at\/?p=4045"},"modified":"2016-05-18T20:18:00","modified_gmt":"2016-05-18T20:18:00","slug":"von-friedensvertraegen-und-bauernopfern","status":"publish","type":"post","link":"https:\/\/www.friedensplattform.at\/?p=4045","title":{"rendered":"Von Friedensvertr\u00e4gen und Bauernopfern"},"content":{"rendered":"<p><strong>Internationale Schutzbegleitung in Kolumbien<\/strong><\/p>\n<p><strong>\u00a0\u00a0\u00a0\u00a0\u00a0\u00a0\u00a0\u00a0\u00a0 <\/strong><strong>Vortrag von Michaela S\u00f6llinger<\/strong><\/p>\n<p><strong>\u00a0\u00a0\u00a0\u00a0\u00a0\u00a0\u00a0\u00a0\u00a0 Montag, 23.5. 19 Uhr<\/strong><\/p>\n<p><strong>\u00a0\u00a0\u00a0\u00a0\u00a0\u00a0\u00a0\u00a0\u00a0 Weltladen Graz, Reitschulgasse 14<\/strong><\/p>\n<p><a href=\"http:\/\/www.friedensplattform.at\/wp-content\/uploads\/2016\/05\/Kolumbien.jpg\"><img loading=\"lazy\" decoding=\"async\" class=\"alignnone size-medium wp-image-4046\" src=\"http:\/\/www.friedensplattform.at\/wp-content\/uploads\/2016\/05\/Kolumbien-300x200.jpg\" alt=\"Kolumbien\" width=\"300\" height=\"200\" srcset=\"https:\/\/www.friedensplattform.at\/wp-content\/uploads\/2016\/05\/Kolumbien-300x200.jpg 300w, https:\/\/www.friedensplattform.at\/wp-content\/uploads\/2016\/05\/Kolumbien.jpg 800w\" sizes=\"auto, (max-width: 300px) 100vw, 300px\" \/><\/a><!--more--><\/p>\n<p>Als internationale Schutzbegleiterin hat Michaela S\u00f6llinger von M\u00e4rz 2013 bis Oktober 2015 l\u00e4ndliche und st\u00e4dtische Gemeinden, u.a. in San Jos\u00e9 de Apartad\u00f3, Buenaventura und Barranquilla begleitet,die gewaltfrei ihr Recht auf Leben, Land und W\u00fcrde verteidigen.<\/p>\n<p>80 Prozent der Opfer des bewaffneten Konfliktes in Kolumbien sind ZivilistInnen \u2013 in der Mehrzahl Kleinbauern und \u2013b\u00e4uerinnen, indigene Gemeinschaften und AfrokolumbianerInnen. Ob ein Friedensvertrag, ausgehandelt unter Ausschluss der Betroffenen, zu mehr politischer und sozialer Gerechtigkeit f\u00fchren wird, bleibt offen. Denn die Aussicht auf das Ende des bewaffneten Konfliktes hat die Begehrlichkeiten der Rohstoff- und Agroindustrie geweckt. Dem Ziel des wirtschaftlichen Wachstums in einer Welt des Wettbewerbs steht die kleinb\u00e4uerliche Bev\u00f6lkerung im Weg und wird \u2013 wo immer es geht \u2013 vertrieben.<\/p>\n<p>Michaela S\u00f6llinger wird \u00fcber die vielf\u00e4ltigen zivilgesellschaftlichen Strategien zum Aufbau eines gerechten und nachhaltigen Friedens \u201evon unten\u201c berichten und den Beitrag der Schutzbegleitung erl\u00e4utern.<\/p>\n<p><a href=\"http:\/\/www.friedensplattform.at\/wp-content\/uploads\/2016\/05\/Friedensplattform.jpg\"><img loading=\"lazy\" decoding=\"async\" class=\"alignnone  wp-image-4047\" src=\"http:\/\/www.friedensplattform.at\/wp-content\/uploads\/2016\/05\/Friedensplattform-300x61.jpg\" alt=\"Friedensplattform\" width=\"320\" height=\"65\" srcset=\"https:\/\/www.friedensplattform.at\/wp-content\/uploads\/2016\/05\/Friedensplattform-300x61.jpg 300w, https:\/\/www.friedensplattform.at\/wp-content\/uploads\/2016\/05\/Friedensplattform.jpg 800w\" sizes=\"auto, (max-width: 320px) 100vw, 320px\" \/><\/a><\/p>\n<p><a href=\"http:\/\/www.friedensplattform.at\/wp-content\/uploads\/2016\/05\/Weltladen-Logo.jpg\"><img loading=\"lazy\" decoding=\"async\" class=\"alignnone  wp-image-4048\" src=\"http:\/\/www.friedensplattform.at\/wp-content\/uploads\/2016\/05\/Weltladen-Logo-300x186.jpg\" alt=\"Weltladen Logo\" width=\"203\" height=\"126\" srcset=\"https:\/\/www.friedensplattform.at\/wp-content\/uploads\/2016\/05\/Weltladen-Logo-300x186.jpg 300w, https:\/\/www.friedensplattform.at\/wp-content\/uploads\/2016\/05\/Weltladen-Logo.jpg 800w\" sizes=\"auto, (max-width: 203px) 100vw, 203px\" \/><\/a><\/p>\n<p><a href=\"http:\/\/www.friedensplattform.at\/wp-content\/uploads\/2016\/05\/Logo-2-Vers\u00f6hnungsbund.jpg\"><img loading=\"lazy\" decoding=\"async\" class=\"alignnone size-medium wp-image-4049\" src=\"http:\/\/www.friedensplattform.at\/wp-content\/uploads\/2016\/05\/Logo-2-Vers\u00f6hnungsbund-300x111.jpg\" alt=\"Logo 2 Vers\u00f6hnungsbund\" width=\"300\" height=\"111\" srcset=\"https:\/\/www.friedensplattform.at\/wp-content\/uploads\/2016\/05\/Logo-2-Vers\u00f6hnungsbund-300x111.jpg 300w, https:\/\/www.friedensplattform.at\/wp-content\/uploads\/2016\/05\/Logo-2-Vers\u00f6hnungsbund.jpg 800w\" sizes=\"auto, (max-width: 300px) 100vw, 300px\" \/><\/a><\/p>\n<p>Hier noch einige Informationen des Internationalen Vers\u00f6hnungsbundes zu Kolumbien:<\/p>\n<h3>Warum begleiten wir in Kolumbien? Einige Daten zum Land<\/h3>\n<p>&nbsp;<\/p>\n<ul>\n<ul>\n<li>Der \u00fcber 50j\u00e4hrige bewaffnete Konflikt hat 220.000 Tote gefordert, davon 80% ZivilistInnen.<\/li>\n<\/ul>\n<\/ul>\n<p>&nbsp;<\/p>\n<ul>\n<ul>\n<li>6,4 Millionen Menschen wurden gewaltsam vertrieben, das ist die zweith\u00f6chste Zahl weltweit. Betroffen sind in \u00fcber 60% der F\u00e4lle BewohnerInnen l\u00e4ndlicher Gebiete. Trotz des Friedensprozesses wurden im Jahr 2013 220.000 Menschen vertrieben.<\/li>\n<\/ul>\n<\/ul>\n<p>&nbsp;<\/p>\n<ul>\n<ul>\n<li>Zwischen 1985 und 2012 verschwanden 25.000 Menschen spurlos. Die meisten waren Opfer der Paramilit\u00e4rs und des staatlichen Milit\u00e4rs.<\/li>\n<\/ul>\n<\/ul>\n<p>&nbsp;<\/p>\n<ul>\n<ul>\n<li>Zwischen 1970 und 2010 wurden 27.000 Menschen entf\u00fchrt, die meisten von Guerilla-Gruppen.<\/li>\n<\/ul>\n<\/ul>\n<p>&nbsp;<\/p>\n<ul>\n<ul>\n<li>Seit 1958 wurden 1.982 Massaker ver\u00fcbt. 1.166 davon gehen auf das Konto von Paramilit\u00e4rs, w\u00e4hrend die Guerilla f\u00fcr 343 und das Milit\u00e4r f\u00fcr 158 Massaker verantwortlich gemacht werden. 20 wurden von Paramilit\u00e4rs und Milit\u00e4r gemeinsam verursacht, 295 Massaker konnten nicht zugeordnet werden.<\/li>\n<\/ul>\n<\/ul>\n<p>&nbsp;<\/p>\n<ul>\n<ul>\n<li>Trotz des Demobilisierungsprozesses zwischen 2002 und 2006 sind Paramilit\u00e4rs bzw. neo-paramilit\u00e4rische Gruppen in gro\u00dfen Teilen des Landes weiterhin aktiv.<\/li>\n<\/ul>\n<\/ul>\n<p>&nbsp;<\/p>\n<ul>\n<ul>\n<li>Zwischen 2008 und 2011 fielen mindestens 4.500 Menschen der Praxis der \u201cfalsos positivos\u201d zum Opfer.\u00a0 Dabei wurden ZivilistInnen unter Vorw\u00e4nden von Angeh\u00f6rigen der staatlichen Armee in einen Hinterhalt gelockt und hingerichtet, um sie anschlie\u00dfend als Guerillak\u00e4mpfer auszugeben. Auf diese Weise beabsichtigte die Armee, ihre Erfolgsquote im Kampf gegen die Aufst\u00e4ndischen zu erh\u00f6hen.<\/li>\n<\/ul>\n<\/ul>\n<p>&nbsp;<\/p>\n<ul>\n<ul>\n<li>Die Straflosigkeit f\u00fcr Menschenrechtsverletzungen betr\u00e4gt fast 100%.<\/li>\n<\/ul>\n<\/ul>\n<p>&nbsp;<\/p>\n<ul>\n<ul>\n<li>Zwischen 6,6 und 10 Millionen Hektar Land wurde verlassen bzw. von bewaffneten Gruppen gewaltsam \u00fcbernommen.<\/li>\n<\/ul>\n<\/ul>\n<p>&nbsp;<\/p>\n<ul>\n<ul>\n<li>2012 trat das Opferentsch\u00e4digungs- und Landr\u00fcckgabegesetz in Kraft.Nach diesem Gesetz sollten bis Ende 2014 \u00fcber 2 Mio. Hektar Land an die rechtm\u00e4\u00dfigen BesitzerInnen zur\u00fcckgegeben werden. R\u00fcckerstattet wurden aber lediglich 86.087 Hektar. Das entspricht nicht einmal einem Zwanzigstel der versprochenen Fl\u00e4che.<\/li>\n<\/ul>\n<\/ul>\n<p>&nbsp;<\/p>\n<ul>\n<ul>\n<li>In Bezug auf Verm\u00f6gen und Landverteilung steht Kolumbien in Lateinamerika an vorletzter Stelle: 0,4% der Bev\u00f6lkerung besitzt 62% des fruchtbarsten Landes.<\/li>\n<\/ul>\n<\/ul>\n<p>&nbsp;<\/p>\n<ul>\n<ul>\n<li>Mehr als 30 Millionen Hektar Land sind f\u00fcr Bergbauprojekte vorgesehen. Diese Vorhaben werden auf 75% der kolumbianischen Bev\u00f6lkerung negative Auswirkungen haben.<\/li>\n<\/ul>\n<\/ul>\n<p>&nbsp;<\/p>\n<ul>\n<ul>\n<li>Kolumbien ist weltweit das zweitgef\u00e4hrlichste Land f\u00fcr UmweltaktivistInnen, betroffen sind vor allem Angeh\u00f6rige indigener Gruppen, Afro-KolumbianerInnen und Kleinbauern und \u2013b\u00e4uerinnen.<\/li>\n<\/ul>\n<\/ul>\n<p>&nbsp;<\/p>\n<ul>\n<li>In den ersten sieben Monaten des Jahres 2015 wurden 69 MenschenrechtsverteidigerInnen und Gemeindef\u00fchrer_innen ermordet.<\/li>\n<\/ul>\n<p>Quelle: http:\/\/www.versoehnungsbund.at\/kolumbien\/<\/p>\n","protected":false},"excerpt":{"rendered":"<p>Internationale Schutzbegleitung in Kolumbien \u00a0\u00a0\u00a0\u00a0\u00a0\u00a0\u00a0\u00a0\u00a0 Vortrag von Michaela S\u00f6llinger \u00a0\u00a0\u00a0\u00a0\u00a0\u00a0\u00a0\u00a0\u00a0 Montag, 23.5. 19 Uhr \u00a0\u00a0\u00a0\u00a0\u00a0\u00a0\u00a0\u00a0\u00a0 Weltladen Graz, Reitschulgasse 14<\/p>\n","protected":false},"author":2,"featured_media":0,"comment_status":"open","ping_status":"open","sticky":false,"template":"","format":"standard","meta":{"footnotes":""},"categories":[1],"tags":[],"class_list":["post-4045","post","type-post","status-publish","format-standard","hentry","category-allgemein"],"_links":{"self":[{"href":"https:\/\/www.friedensplattform.at\/index.php?rest_route=\/wp\/v2\/posts\/4045","targetHints":{"allow":["GET"]}}],"collection":[{"href":"https:\/\/www.friedensplattform.at\/index.php?rest_route=\/wp\/v2\/posts"}],"about":[{"href":"https:\/\/www.friedensplattform.at\/index.php?rest_route=\/wp\/v2\/types\/post"}],"author":[{"embeddable":true,"href":"https:\/\/www.friedensplattform.at\/index.php?rest_route=\/wp\/v2\/users\/2"}],"replies":[{"embeddable":true,"href":"https:\/\/www.friedensplattform.at\/index.php?rest_route=%2Fwp%2Fv2%2Fcomments&post=4045"}],"version-history":[{"count":3,"href":"https:\/\/www.friedensplattform.at\/index.php?rest_route=\/wp\/v2\/posts\/4045\/revisions"}],"predecessor-version":[{"id":4053,"href":"https:\/\/www.friedensplattform.at\/index.php?rest_route=\/wp\/v2\/posts\/4045\/revisions\/4053"}],"wp:attachment":[{"href":"https:\/\/www.friedensplattform.at\/index.php?rest_route=%2Fwp%2Fv2%2Fmedia&parent=4045"}],"wp:term":[{"taxonomy":"category","embeddable":true,"href":"https:\/\/www.friedensplattform.at\/index.php?rest_route=%2Fwp%2Fv2%2Fcategories&post=4045"},{"taxonomy":"post_tag","embeddable":true,"href":"https:\/\/www.friedensplattform.at\/index.php?rest_route=%2Fwp%2Fv2%2Ftags&post=4045"}],"curies":[{"name":"wp","href":"https:\/\/api.w.org\/{rel}","templated":true}]}}