{"id":4099,"date":"2016-09-25T20:14:35","date_gmt":"2016-09-25T20:14:35","guid":{"rendered":"http:\/\/www.friedensplattform.at\/?p=4099"},"modified":"2016-09-25T20:14:35","modified_gmt":"2016-09-25T20:14:35","slug":"naechstes-treffen-der-friedensplattform-6","status":"publish","type":"post","link":"https:\/\/www.friedensplattform.at\/?p=4099","title":{"rendered":"N\u00e4chstes Treffen der Friedensplattform:"},"content":{"rendered":"<h3>Dienstag, 11.10.16 von 19.00-21.00 im Krebsenkeller (Graz,Sackstrasse)<\/h3>\n<p>Diskussionspunkte: Einsch\u00e4tzung zu den letzten Kundgebungen;<br \/>\nR\u00fcstungsatlas; Ausstellung zu &#8222;Kriegsl\u00fcgen&#8220;; Veranstaltungen; Allf\u00e4lliges<\/p>\n","protected":false},"excerpt":{"rendered":"<p>Dienstag, 11.10.16 von 19.00-21.00 im Krebsenkeller (Graz,Sackstrasse) Diskussionspunkte: Einsch\u00e4tzung zu den letzten Kundgebungen; R\u00fcstungsatlas; Ausstellung zu &#8222;Kriegsl\u00fcgen&#8220;; Veranstaltungen; Allf\u00e4lliges<\/p>\n","protected":false},"author":2,"featured_media":0,"comment_status":"open","ping_status":"open","sticky":false,"template":"","format":"standard","meta":{"footnotes":""},"categories":[1],"tags":[],"class_list":["post-4099","post","type-post","status-publish","format-standard","hentry","category-allgemein"],"_links":{"self":[{"href":"https:\/\/www.friedensplattform.at\/index.php?rest_route=\/wp\/v2\/posts\/4099","targetHints":{"allow":["GET"]}}],"collection":[{"href":"https:\/\/www.friedensplattform.at\/index.php?rest_route=\/wp\/v2\/posts"}],"about":[{"href":"https:\/\/www.friedensplattform.at\/index.php?rest_route=\/wp\/v2\/types\/post"}],"author":[{"embeddable":true,"href":"https:\/\/www.friedensplattform.at\/index.php?rest_route=\/wp\/v2\/users\/2"}],"replies":[{"embeddable":true,"href":"https:\/\/www.friedensplattform.at\/index.php?rest_route=%2Fwp%2Fv2%2Fcomments&post=4099"}],"version-history":[{"count":2,"href":"https:\/\/www.friedensplattform.at\/index.php?rest_route=\/wp\/v2\/posts\/4099\/revisions"}],"predecessor-version":[{"id":4101,"href":"https:\/\/www.friedensplattform.at\/index.php?rest_route=\/wp\/v2\/posts\/4099\/revisions\/4101"}],"wp:attachment":[{"href":"https:\/\/www.friedensplattform.at\/index.php?rest_route=%2Fwp%2Fv2%2Fmedia&parent=4099"}],"wp:term":[{"taxonomy":"category","embeddable":true,"href":"https:\/\/www.friedensplattform.at\/index.php?rest_route=%2Fwp%2Fv2%2Fcategories&post=4099"},{"taxonomy":"post_tag","embeddable":true,"href":"https:\/\/www.friedensplattform.at\/index.php?rest_route=%2Fwp%2Fv2%2Ftags&post=4099"}],"curies":[{"name":"wp","href":"https:\/\/api.w.org\/{rel}","templated":true}]}}