{"id":4102,"date":"2016-10-02T19:13:54","date_gmt":"2016-10-02T19:13:54","guid":{"rendered":"http:\/\/www.friedensplattform.at\/?p=4102"},"modified":"2016-10-02T19:13:54","modified_gmt":"2016-10-02T19:13:54","slug":"krieg-schafft-auch-in-syrien-keinen-frieden-friedensbewegung-fordert-waffenstillstand-und-erneute-verhandlungen","status":"publish","type":"post","link":"https:\/\/www.friedensplattform.at\/?p=4102","title":{"rendered":"Krieg schafft auch in Syrien keinen Frieden \u2013 Friedensbewegung fordert Waffenstillstand und erneute Verhandlungen"},"content":{"rendered":"<div class=\"news-text-wrap\">\n<h3>\nErkl\u00e4rung des Vorbereitungskreises der Demonstration zum 8.X. zur Lage in Syrien.<\/h3>\n<p>Mit Entsetzen und Abscheu verfolgt die Friedensbewegung seit f\u00fcnf Jahren den Krieg in und gegen Syrien.<\/p>\n<\/div>\n<p><!--more--><\/p>\n<div class=\"news-text-wrap\">\n<p>Hundertausende Tote und Millionen auf der Flucht sind das Ergebnis der kriegerischen Auseinandersetzung, in der sich innere Gewaltkonflikte, \u00e4u\u00dfere Einfl\u00fcsse, Interventionen, religi\u00f6ser Fanatismus, Terrorismus und eine Politik des Regime-Change zu einem verheerenden Mix verbinden. Nicht zuletzt tr\u00e4gt das verbale Aufr\u00fcsten aller Seiten zu einer scheinbar unl\u00f6sbaren Gewaltspirale bei. Es ist gerade diese sich aufschaukelnde Stellvertreter-Dimension des Krieges, die in eine weit \u00fcber Syrien oder die Region hinausf\u00fchrende Kriegsbedrohung eskalieren kann.<\/p>\n<p>Die Friedensbewegung hat best\u00e4ndig vor dieser Kriegsdynamik gewarnt und betont: Krieg l\u00f6st auch in Syrien keine Probleme. Es muss ein Zur\u00fcck zu Verhandlungen und Dialog geben, die in vielleicht zuerst regionale dann aber einen umfassenden Waffenstillstand m\u00fcndet. Kurzzeitige Waffenpausen k\u00f6nnen Schritte hin zu einer Waffenruhe sein. Gerade wenn Verhandlungen gescheitert oder unterbrochen sind, sind sie erst Recht wieder notwendig. Weder die Entspannungspolitik der 70er Jahre noch das Ende des Vietnamkrieges wurden in einem Anlauf erreicht. Unterbrechungen, ja Situationen zugespitzter Konfrontation, begleiteten auch diese letztendlich erfolgreichen Prozesse.<\/p>\n<p>Selektive medial hochgepeitschte \u201eEmp\u00f6rung\u201c sind Teil der Feindbild-Konstruktionen und der herrschenden Doppelmoral. Wir sind prinzipiell gegen die \u201eLogik des Krieges\u201c und des Militarismus und engagieren uns f\u00fcr die \u201eLogik des Friedens\u201c \u00fcberall: in Syrien, im Jemen, im Libyen, in Afghanistan, in Somalia, im Irak Wir appellieren besonders an die USA und Russland: verhandelt wieder. Wir rufen alle Konfliktparteien auf: lasst die Waffen ruhen. Es wird keinen milit\u00e4rischen Sieger, sondern nur Verlierer und weitere zigtausend Tote geben. Die UN muss weiterhin die Rolle einer neutralen Schlichters einnehmen, sie muss zusammenf\u00fchren und nicht spalten. Wir fordern humanit\u00e4re Luftbr\u00fccken und Korridore anstelle von Flugverbotszonen.<\/p>\n<p>Einseitige Schuldvorw\u00fcrfe helfen nichts. Jeder der Beteiligten kann mit einem Finger auf den oder die anderen zeigen, drei Finger zeigen auf ihn selbst. Eigene geostrategische Interessen von Pipelines bis Milit\u00e4rst\u00fctzpunkten sind nicht friedensf\u00f6rdernd. Besonders an die USA und NATO gerichtet gilt: Wer im Glashaus des verlorenen \u201eKrieges gegen den Terror\u201c sitzt, der so viel Chaos, Elend und Zerst\u00f6rung gerade \u00fcber die Region des Nahen und Mittleren Ostens gebracht hat, soll nicht mit den Steinen einer moralischen Emp\u00f6rung werfen. &#8211;Auch Russland f\u00fchrt Krieg in Syrien \u2013 aus eigenen Interessen und zur Unterst\u00fctzung der syrischen Regierung. Russland muss auf allen Ebenen in den Friedensprozess eingebunden werden. F\u00fcr diesen wie f\u00fcr alle Kriege gilt die Aussage der gro\u00dfen Pazifistin Bertha von Suttner \u201eDie Waffen nieder!\u201c<\/p>\n<p>Verantwortung f\u00fcr die Kriege in der Region tr\u00e4gt auch die Bundesregierung: Es sind auch deutsche Waffen mit denen der Krieg gef\u00fchrt, die islamistischen Terroristen ausgestattet und finanziert werden. Deutsche Waffen morden wieder mit \u2013 auf beiden Seiten. Ein Ende jeglichen Waffenexports in alle Krisengebiete ist eine unabdingbare Notwendigkeit ziviler Konfliktl\u00f6sungsstrategien.<\/p>\n<p>Ohne Druck der Friedensbewegungen wird es keinen Friedensprozess geben! Deswegen rufen der Bundesausschuss Friedensratschlag, die Kooperation f\u00fcr den Frieden und die Berliner Friedenskoordination zur Teilnahme an der bundesweiten Friedensdemonstration am 8. Oktober in Berlin auf: \u201eDie Waffen nieder!\u201c Mehr unter: <a href=\"http:\/\/friedensdemo.org\/\" target=\"_blank\">friedensdemo.org<\/a><\/p>\n<\/div>\n<div class=\"news-backlink-wrap\"><\/div>\n","protected":false},"excerpt":{"rendered":"<p>Erkl\u00e4rung des Vorbereitungskreises der Demonstration zum 8.X. zur Lage in Syrien. Mit Entsetzen und Abscheu verfolgt die Friedensbewegung seit f\u00fcnf Jahren den Krieg in und gegen Syrien.<\/p>\n","protected":false},"author":2,"featured_media":0,"comment_status":"open","ping_status":"open","sticky":false,"template":"","format":"standard","meta":{"footnotes":""},"categories":[1],"tags":[],"class_list":["post-4102","post","type-post","status-publish","format-standard","hentry","category-allgemein"],"_links":{"self":[{"href":"https:\/\/www.friedensplattform.at\/index.php?rest_route=\/wp\/v2\/posts\/4102","targetHints":{"allow":["GET"]}}],"collection":[{"href":"https:\/\/www.friedensplattform.at\/index.php?rest_route=\/wp\/v2\/posts"}],"about":[{"href":"https:\/\/www.friedensplattform.at\/index.php?rest_route=\/wp\/v2\/types\/post"}],"author":[{"embeddable":true,"href":"https:\/\/www.friedensplattform.at\/index.php?rest_route=\/wp\/v2\/users\/2"}],"replies":[{"embeddable":true,"href":"https:\/\/www.friedensplattform.at\/index.php?rest_route=%2Fwp%2Fv2%2Fcomments&post=4102"}],"version-history":[{"count":1,"href":"https:\/\/www.friedensplattform.at\/index.php?rest_route=\/wp\/v2\/posts\/4102\/revisions"}],"predecessor-version":[{"id":4103,"href":"https:\/\/www.friedensplattform.at\/index.php?rest_route=\/wp\/v2\/posts\/4102\/revisions\/4103"}],"wp:attachment":[{"href":"https:\/\/www.friedensplattform.at\/index.php?rest_route=%2Fwp%2Fv2%2Fmedia&parent=4102"}],"wp:term":[{"taxonomy":"category","embeddable":true,"href":"https:\/\/www.friedensplattform.at\/index.php?rest_route=%2Fwp%2Fv2%2Fcategories&post=4102"},{"taxonomy":"post_tag","embeddable":true,"href":"https:\/\/www.friedensplattform.at\/index.php?rest_route=%2Fwp%2Fv2%2Ftags&post=4102"}],"curies":[{"name":"wp","href":"https:\/\/api.w.org\/{rel}","templated":true}]}}