{"id":4106,"date":"2016-10-08T07:15:55","date_gmt":"2016-10-08T07:15:55","guid":{"rendered":"http:\/\/www.friedensplattform.at\/?p=4106"},"modified":"2016-10-08T07:15:55","modified_gmt":"2016-10-08T07:15:55","slug":"die-mutter-des-terrors","status":"publish","type":"post","link":"https:\/\/www.friedensplattform.at\/?p=4106","title":{"rendered":"Die Mutter des Terrors"},"content":{"rendered":"<h3>Vor 15 Jahren begann der Afghanistan-Krieg. Seitdem ist die Welt unsicherer geworden, die BRD aggressiver und das V\u00f6lkerrecht Makulatur<\/h3>\n<p><img loading=\"lazy\" decoding=\"async\" class=\"\" src=\"https:\/\/www.jungewelt.de\/img\/700\/87383.jpg\" alt=\"2015 bei den \u00bbG 7\u00ab in Elmau: Protest gegen westliche Aggression und deutsche Angriffskriege (Wolfgang Rattay \/ Reuters)\" width=\"481\" height=\"320\" \/><\/p>\n<p><!--more--><\/p>\n<h3>junge Welt 8.10.16 Von Sebastian Carlens<\/h3>\n<p>Es begann mit \u00bbuneingeschr\u00e4nkter Solidarit\u00e4t\u00ab: Nach den Terroranschl\u00e4gen des 11. Septembers 2001 hatte der deutsche Bundeskanzler Gerhard Schr\u00f6der (SPD) den USA eben diese zugesagt. Vier Wochen sp\u00e4ter verk\u00fcndete US-Pr\u00e4sident George W. Bush den \u00bbKrieg gegen den Terrorismus\u00ab. Die NATO wertete die Anschl\u00e4ge als Angriff auf ihr Terrain und rief den \u00bbB\u00fcndnisfall\u00ab gem\u00e4\u00df Artikel f\u00fcnf des Nordatlantik-Vertrages aus. Der westliche Einmarsch in Afghanistan, dessen Taliban-Regierung laut US-Geheimdiensten die Brutst\u00e4tte des islamistischen Terrors gewesen sein soll, begann am 7. Oktober 2001. Dies war die wahre Geburtsstunde des gegenw\u00e4rtigen Terrors.<\/p>\n<p>In Afghanistan haben die Taliban auch nach 15 Jahren \u00bbDemokratisierung\u00ab ihre St\u00e4rke bewahrt. In der Provinz Kundus, bis zum Jahr 2013 von der Bundeswehr besetzt, liefern sich die Islamisten regelm\u00e4\u00dfig Gefechte mit der afghanischen Armee, die von deutschen Ausbildern \u00bbberaten\u00ab wird. Am Donnerstag erst meldete der lokale Polizeisprecher eine \u00bbPattsituation\u00ab zwischen Taliban und Regierung. Zwar sei Kundus-Stadt wieder \u00bbweitgehend unter Kontrolle\u00ab. Doch Anwohner bezichtigten die Sicherheitskr\u00e4fte der L\u00fcge: \u00bbDie Regierung sagt, sie kontrolliere die Stadt, aber sie kontrolliert nur das Polizeihauptquartier, das Geheimdienstb\u00fcro und den Gouverneurspalast\u00ab, zitiert die Nachrichtenagentur <em>dpa<\/em> einen Einwohner.<\/p>\n<p>Diese Lage d\u00fcrfte im ganzen Land herrschen \u2013 ob die Kontrolle der Kabuler Regierung \u00fcber die hochgesicherte Innenstadt hinausreicht, wird von den Taliban regelm\u00e4\u00dfig erfolgreich in Frage gestellt. So gesehen, endete der \u00bbKrieg gegen den Terror\u00ab mit einer Niederlage: Die Bundeswehr, 2013 mit gro\u00dfem Pomp abgezogen, ist klammheimlich zur\u00fcckgekehrt. Und das Kr\u00e4ftevakuum, in dem Terrorbanden gedeihen, hat sich nach dem Auftakt des Krieges in Zentralasien auf weite Teile der arabischen Welt ausgedehnt. Der Triumphzug des \u00bbIslamischen Staates\u00ab, der ganze L\u00e4nder niedertrampeln konnte, w\u00e4re ohne die westliche Aggression, die 2001 ihren Anfang nahm, undenkbar gewesen. Der Pfad der Gewalt f\u00fchrt \u00fcber den Irak nach Libyen und bis nach Syrien.<\/p>\n<div class=\"row Anzeige Ad-300\"><\/div>\n<p>Doch die Aggression in Zentralasien richtete und richtet sich gegen andere Gegner. Gegen die Volksrepublik China, deren schmale gemeinsame Grenze zu Afghanistan bis 2013 direkt von deutschen Truppen kontrolliert wurde. Und gegen das mit Syrien verb\u00fcndete Russland. F\u00fcr die Bundesrepublik sollte die Beteiligung am \u00bbKrieg gegen den Terror\u00ab bewirken, dass milit\u00e4rische Gewalt wieder als Verl\u00e4ngerung der Politik mit anderen Mitteln gilt. Nach dem Auftakt in Jugoslawien 1999 war der Einmarsch in Afghanistan der willkommene Anlass, die Bundeswehr zur Angriffsarmee hochzur\u00fcsten.<\/p>\n<p>Auch die juristischen Fragen sind seit Donnerstag gekl\u00e4rt. F\u00fcr zivile Opfer der deutschen Milit\u00e4rmaschinerie gilt kein Recht; es gibt keinerlei Anspruch auf Entsch\u00e4digung, urteilte der Bundesgerichtshof am Donnerstag und wies eine Klage von Hinterbliebenen des Luftangriffes auf einen Tanklastzug 2009 in Kundus zur\u00fcck. Ein deutscher Oberst hatte die Ein\u00e4scherung von mehr als 140 Zivilisten befohlen. Das deutsche Amtshaftungsrecht sei \u00bbauf milit\u00e4rische Kampfhandlungen im Ausland nicht anwendbar\u00ab, so der BGH. Der Rest der Welt ist schussfreies Feld.<\/p>\n<p>15 Jahre \u00bbTerrorbek\u00e4mpfung\u00ab haben die Welt zu einem gewaltt\u00e4tigeren Ort, die BRD zum bis an die Z\u00e4hne ger\u00fcsteten Imperialisten und den Weltfrieden und das V\u00f6lkerrecht zur blo\u00dfen Makulatur werden lassen. Dies wird nicht enden, wenn wir es nicht beenden. Deshalb: die Waffen nieder! Nieder mit dem Imperialismus!<\/p>\n","protected":false},"excerpt":{"rendered":"<p>Vor 15 Jahren begann der Afghanistan-Krieg. Seitdem ist die Welt unsicherer geworden, die BRD aggressiver und das V\u00f6lkerrecht Makulatur<\/p>\n","protected":false},"author":2,"featured_media":0,"comment_status":"open","ping_status":"open","sticky":false,"template":"","format":"standard","meta":{"footnotes":""},"categories":[1],"tags":[],"class_list":["post-4106","post","type-post","status-publish","format-standard","hentry","category-allgemein"],"_links":{"self":[{"href":"https:\/\/www.friedensplattform.at\/index.php?rest_route=\/wp\/v2\/posts\/4106","targetHints":{"allow":["GET"]}}],"collection":[{"href":"https:\/\/www.friedensplattform.at\/index.php?rest_route=\/wp\/v2\/posts"}],"about":[{"href":"https:\/\/www.friedensplattform.at\/index.php?rest_route=\/wp\/v2\/types\/post"}],"author":[{"embeddable":true,"href":"https:\/\/www.friedensplattform.at\/index.php?rest_route=\/wp\/v2\/users\/2"}],"replies":[{"embeddable":true,"href":"https:\/\/www.friedensplattform.at\/index.php?rest_route=%2Fwp%2Fv2%2Fcomments&post=4106"}],"version-history":[{"count":1,"href":"https:\/\/www.friedensplattform.at\/index.php?rest_route=\/wp\/v2\/posts\/4106\/revisions"}],"predecessor-version":[{"id":4107,"href":"https:\/\/www.friedensplattform.at\/index.php?rest_route=\/wp\/v2\/posts\/4106\/revisions\/4107"}],"wp:attachment":[{"href":"https:\/\/www.friedensplattform.at\/index.php?rest_route=%2Fwp%2Fv2%2Fmedia&parent=4106"}],"wp:term":[{"taxonomy":"category","embeddable":true,"href":"https:\/\/www.friedensplattform.at\/index.php?rest_route=%2Fwp%2Fv2%2Fcategories&post=4106"},{"taxonomy":"post_tag","embeddable":true,"href":"https:\/\/www.friedensplattform.at\/index.php?rest_route=%2Fwp%2Fv2%2Ftags&post=4106"}],"curies":[{"name":"wp","href":"https:\/\/api.w.org\/{rel}","templated":true}]}}