{"id":4114,"date":"2016-11-03T20:30:20","date_gmt":"2016-11-03T20:30:20","guid":{"rendered":"http:\/\/www.friedensplattform.at\/?p=4114"},"modified":"2017-01-22T08:11:53","modified_gmt":"2017-01-22T08:11:53","slug":"johann-schoegler-hat-uns-fuer-immer-verlassen","status":"publish","type":"post","link":"https:\/\/www.friedensplattform.at\/?p=4114","title":{"rendered":"Johann Sch\u00f6gler hat uns f\u00fcr immer verlassen"},"content":{"rendered":"<p><a href=\"http:\/\/www.friedensplattform.at\/wp-content\/uploads\/2016\/11\/Johann-in-Aktion.jpg\"><img loading=\"lazy\" decoding=\"async\" class=\"alignnone size-medium wp-image-4118\" src=\"http:\/\/www.friedensplattform.at\/wp-content\/uploads\/2016\/11\/Johann-in-Aktion-225x300.jpg\" alt=\"johann-in-aktion\" width=\"225\" height=\"300\" srcset=\"https:\/\/www.friedensplattform.at\/wp-content\/uploads\/2016\/11\/Johann-in-Aktion-225x300.jpg 225w, https:\/\/www.friedensplattform.at\/wp-content\/uploads\/2016\/11\/Johann-in-Aktion-768x1024.jpg 768w, https:\/\/www.friedensplattform.at\/wp-content\/uploads\/2016\/11\/Johann-in-Aktion.jpg 1100w\" sizes=\"auto, (max-width: 225px) 100vw, 225px\" \/><\/a><\/p>\n<p>Am 29. Oktober ist Johann nach schwerer Krankheit verstorben.<\/p>\n<p>Wir verlieren mit ihm zweifellos unser aktivstes Mitglied. <!--more--><\/p>\n<p>Es ist schlichtweg unvorstellbar, Johann bei der n\u00e4chsten Kundgebung oder Demonstration nicht mehr mit Mikrophon oder Megaphon in der Hand im Zentrum des Geschehens zu erleben.<\/p>\n<p>Seine Stimme \u201eDies ist eine Kundgebung der Friedensplattform\u201c klingt uns noch in den Ohren nach. Auf diese Einleitung folgten fundierte Analysen der politischen Weltlage, frei und locker gesprochen und einen Beweis f\u00fcr sein umfassendes Wissen liefernd.<\/p>\n<p>Ich kann mich nicht erinnern, dass Johann bei einer Kundgebung verhindert oder auch nur unp\u00fcnktlich gewesen w\u00e4re.<\/p>\n<p>Die politische Arbeit und der Einsatz f\u00fcr eine friedlichere und gerechtere Welt<\/p>\n<p>waren f\u00fcr ihn zentrale Werte im Leben.<\/p>\n<p>Neben seiner T\u00e4tigkeit als AHS-Lehrer nahm er sich sehr viel Zeit f\u00fcr das Lesen und Recherchieren von politischen Fakten- abseits vom Mainstream.<\/p>\n<p>Johann war nicht nur treibende Kraft bei der Gr\u00fcndung der Steirischen Friedensplattform 2001, er war Mitgestalter bei den Sozialforen und Mitbegr\u00fcnder des Vereins \u201eLinke Steiermark\u201c. Er hat f\u00fcr viele Aktivit\u00e4ten Verantwortung \u00fcbernommen, den roten Faden gehalten, die organisatorischen Strukturen gepflegt und f\u00fcr Kontinuit\u00e4t gesorgt.<\/p>\n<p>Jede Woche k\u00fcmmerte er sich darum, dass zahlreiche kritische Artikel als \u201eLinke Woche\u201c im Internet erscheinen konnten.<\/p>\n<p>Unendlich viele Treffen im Rahmen der Sozialen Bewegungen wurden von Johann initiiert und besucht. Das Sozialforum in Graz und viele andere Sozialforen weltweit hat er unter dem Motto \u201eEine andere Welt ist m\u00f6glich\u201c mitgestaltet.<\/p>\n<p>Zuletzt war Johann auch bei der neuen Gruppierung \u201eAufbruch\u201c aktiv,<\/p>\n<p>brachte sich kritisch ein und verfasste Protokolle.<\/p>\n<p>So viele Diskussionsveranstaltungen sind mir in Erinnerung, die Johann mit seinen kritischen Fragen und Beitr\u00e4gen bereichert hat.<\/p>\n<p>Beim Verfassen von Flugbl\u00e4ttern und anderen Texten hat Johann immer wieder die Initiative ergriffen und komplizierte Sachverhalte auf den Punkt gebracht.<\/p>\n<p>F\u00fcr Meinungen anderer blieb er dabei stets offen und ermutigte uns zur aktiven Teilnahme.<\/p>\n<p>Johann war jedoch nicht bereit, Kompromisse in der Art einzugehen, dass er<\/p>\n<p>sich einer Partei angeschlossen h\u00e4tte. Zu wichtig war ihm seine individuelle Auslegung der Dinge.<\/p>\n<p>Johann war einfach eine Institution f\u00fcr sich in der alternativen politischen Szene in Graz.<\/p>\n<p>Sein Optimismus und seine Initiative haben uns jahrelang befl\u00fcgelt, und er wird uns unendlich fehlen. Seine unbedingte Solidarit\u00e4t mit Befreiungsbewegungen weltweit und sein Einsatz f\u00fcr soziale Gerechtigkeit und Freiheit bleiben uns Erinnerung und Ansporn f\u00fcr die Zukunft.<\/p>\n<p>Wir sind ihm dankbar f\u00fcr Vieles, das wir von ihm lernen konnten.<\/p>\n<p>&nbsp;<\/p>\n<p>Veronika Rochhart und Helga Suleiman<\/p>\n<p>Steirische Friedensplattform<\/p>\n<p>Die Verabschiedung findet am 5.11. um 11 Uhr 30 in der Feuerhalle in Graz statt.<\/p>\n","protected":false},"excerpt":{"rendered":"<p>Am 29. Oktober ist Johann nach schwerer Krankheit verstorben. Wir verlieren mit ihm zweifellos unser aktivstes Mitglied.<\/p>\n","protected":false},"author":2,"featured_media":0,"comment_status":"open","ping_status":"open","sticky":false,"template":"","format":"standard","meta":{"footnotes":""},"categories":[1],"tags":[],"class_list":["post-4114","post","type-post","status-publish","format-standard","hentry","category-allgemein"],"_links":{"self":[{"href":"https:\/\/www.friedensplattform.at\/index.php?rest_route=\/wp\/v2\/posts\/4114","targetHints":{"allow":["GET"]}}],"collection":[{"href":"https:\/\/www.friedensplattform.at\/index.php?rest_route=\/wp\/v2\/posts"}],"about":[{"href":"https:\/\/www.friedensplattform.at\/index.php?rest_route=\/wp\/v2\/types\/post"}],"author":[{"embeddable":true,"href":"https:\/\/www.friedensplattform.at\/index.php?rest_route=\/wp\/v2\/users\/2"}],"replies":[{"embeddable":true,"href":"https:\/\/www.friedensplattform.at\/index.php?rest_route=%2Fwp%2Fv2%2Fcomments&post=4114"}],"version-history":[{"count":4,"href":"https:\/\/www.friedensplattform.at\/index.php?rest_route=\/wp\/v2\/posts\/4114\/revisions"}],"predecessor-version":[{"id":4120,"href":"https:\/\/www.friedensplattform.at\/index.php?rest_route=\/wp\/v2\/posts\/4114\/revisions\/4120"}],"wp:attachment":[{"href":"https:\/\/www.friedensplattform.at\/index.php?rest_route=%2Fwp%2Fv2%2Fmedia&parent=4114"}],"wp:term":[{"taxonomy":"category","embeddable":true,"href":"https:\/\/www.friedensplattform.at\/index.php?rest_route=%2Fwp%2Fv2%2Fcategories&post=4114"},{"taxonomy":"post_tag","embeddable":true,"href":"https:\/\/www.friedensplattform.at\/index.php?rest_route=%2Fwp%2Fv2%2Ftags&post=4114"}],"curies":[{"name":"wp","href":"https:\/\/api.w.org\/{rel}","templated":true}]}}