{"id":4125,"date":"2016-11-05T21:49:05","date_gmt":"2016-11-05T21:49:05","guid":{"rendered":"http:\/\/www.friedensplattform.at\/?p=4125"},"modified":"2016-11-05T21:49:05","modified_gmt":"2016-11-05T21:49:05","slug":"vorgeschlagene-grundsaetze-der-aufbruch-von-johann-schoegler-und-georg-monogioudis","status":"publish","type":"post","link":"https:\/\/www.friedensplattform.at\/?p=4125","title":{"rendered":"Vorgeschlagene Grunds\u00e4tze:   DER AUFBRUCH von Johann Sch\u00f6gler und Georg Monogioudis"},"content":{"rendered":"<p>&nbsp;<\/p>\n<p>&nbsp;<\/p>\n<ol>\n<li>Die Aufbruchbewegung ist solidarisch und antikapitalistisch. Sie strebt mit friedlichen Mitteln eine \u00dcberwindung des Kapitalismus, auf dem Weg zu einer solidarischen Gesellschaft an.<\/li>\n<\/ol>\n<p><!--more--><\/p>\n<p>In den Kampagnen steht die Kritik der kapitalistischen Gesellschaftsordnung mit ihren negativen Auswirkungen im Vordergrund. Darunter auch die Umweltproblematik, die innerhalb des kapitalistischen Systems nicht l\u00f6sbar ist und die R\u00fcstungs-Krieg-Spirale, der ganze V\u00f6lker zum Opfer fallen.<\/p>\n<p>&nbsp;<\/p>\n<ol start=\"2\">\n<li>Die Aufbruchbewegung ist nicht an parlamentarischen Zielen orientiert. Sie vereinigt politisch und sozial engagierte Menschen und f\u00f6rdert ihre Verst\u00e4ndigung und Vernetzung.<\/li>\n<\/ol>\n<p>Sie propagiert die direkte Demokratie und praktiziert sie selbst in ihren eigenen Reihen durch dezentralisierte Organisationsstrukturen.<\/p>\n<p>&nbsp;<\/p>\n<ol start=\"3\">\n<li>Schwerpunkt der politischen Arbeit der Aufbruchbewegung zurzeit ist die Abwehr des aufkommenden Faschismus. Der Schutz der vom Abstieg bedrohten, verunsicherten Menschen vor den populistischen rechtsextremen Rattenf\u00e4ngern i vordringliche Aufgabe.<\/li>\n<\/ol>\n<p>&nbsp;<\/p>\n<ol start=\"4\">\n<li>Die Aufbruchbewegung ist internationalistisch ausgerichtet und sucht Kontakte zu \u00e4hnlichen Bewegungen au\u00dferhalb \u00d6sterreichs, zwecks Austausch und gegenseitiger Unterst\u00fctzung.<\/li>\n<\/ol>\n<p>&nbsp;<\/p>\n<ol start=\"5\">\n<li>Die Aufbruchbewegung strebt finanzielle Unabh\u00e4ngigkeit an. Finanzielle Mittel sollen durch eigene Mitgliedsbeitr\u00e4ge und bedingungsfreie Spenden erbracht werden.<\/li>\n<\/ol>\n<p>&nbsp;<\/p>\n<ol start=\"6\">\n<li>Die Aufbruchbewegung setzt sich zusammen aus \u201eEinzelmitgliedern\u201c. Organisationen k\u00f6nnen nicht als Gesamtgruppe beitreten.<\/li>\n<\/ol>\n<p>&nbsp;<\/p>\n<ol start=\"7\">\n<li>Ein Schwerpunkt der Arbeit ist die politische Aufkl\u00e4rung, verstanden als demokratischer Selbstaufkl\u00e4rungsprozess.<\/li>\n<\/ol>\n<p>&nbsp;<\/p>\n<p>Graz, am 31. Mai 2016;\u00a0 Johann Sch\u00f6gler, Georg Monogioudis.<\/p>\n<p>&nbsp;<\/p>\n","protected":false},"excerpt":{"rendered":"<p>&nbsp; &nbsp; Die Aufbruchbewegung ist solidarisch und antikapitalistisch. Sie strebt mit friedlichen Mitteln eine \u00dcberwindung des Kapitalismus, auf dem Weg zu einer solidarischen Gesellschaft an.<\/p>\n","protected":false},"author":2,"featured_media":0,"comment_status":"open","ping_status":"open","sticky":false,"template":"","format":"standard","meta":{"footnotes":""},"categories":[1],"tags":[],"class_list":["post-4125","post","type-post","status-publish","format-standard","hentry","category-allgemein"],"_links":{"self":[{"href":"https:\/\/www.friedensplattform.at\/index.php?rest_route=\/wp\/v2\/posts\/4125","targetHints":{"allow":["GET"]}}],"collection":[{"href":"https:\/\/www.friedensplattform.at\/index.php?rest_route=\/wp\/v2\/posts"}],"about":[{"href":"https:\/\/www.friedensplattform.at\/index.php?rest_route=\/wp\/v2\/types\/post"}],"author":[{"embeddable":true,"href":"https:\/\/www.friedensplattform.at\/index.php?rest_route=\/wp\/v2\/users\/2"}],"replies":[{"embeddable":true,"href":"https:\/\/www.friedensplattform.at\/index.php?rest_route=%2Fwp%2Fv2%2Fcomments&post=4125"}],"version-history":[{"count":1,"href":"https:\/\/www.friedensplattform.at\/index.php?rest_route=\/wp\/v2\/posts\/4125\/revisions"}],"predecessor-version":[{"id":4126,"href":"https:\/\/www.friedensplattform.at\/index.php?rest_route=\/wp\/v2\/posts\/4125\/revisions\/4126"}],"wp:attachment":[{"href":"https:\/\/www.friedensplattform.at\/index.php?rest_route=%2Fwp%2Fv2%2Fmedia&parent=4125"}],"wp:term":[{"taxonomy":"category","embeddable":true,"href":"https:\/\/www.friedensplattform.at\/index.php?rest_route=%2Fwp%2Fv2%2Fcategories&post=4125"},{"taxonomy":"post_tag","embeddable":true,"href":"https:\/\/www.friedensplattform.at\/index.php?rest_route=%2Fwp%2Fv2%2Ftags&post=4125"}],"curies":[{"name":"wp","href":"https:\/\/api.w.org\/{rel}","templated":true}]}}