{"id":4129,"date":"2016-11-05T22:17:19","date_gmt":"2016-11-05T22:17:19","guid":{"rendered":"http:\/\/www.friedensplattform.at\/?p=4129"},"modified":"2016-11-05T22:17:19","modified_gmt":"2016-11-05T22:17:19","slug":"er-ist-uns-immer-vorausgegangen","status":"publish","type":"post","link":"https:\/\/www.friedensplattform.at\/?p=4129","title":{"rendered":"Er ist uns immer vorausgegangen"},"content":{"rendered":"<article>\n<div class=\"article\">\n<div>\n<p>https:\/\/www.kpoe-steiermark.at\/johann-schoegler-verstorben.phtml<\/p>\n<p>Johann hat sich Zeit seines Lebens auf aufopfernde Weise f\u00fcr verschiedene gesellschaftspolitische Initiativen eingesetzt.<!--more--><\/p>\n<\/div>\n<\/div>\n<\/article>\n<div class=\"clearfix\">In Frankreich, dem Land, zu dem er sich hingezogen f\u00fchlte, hat er den Weg zum Marxismus gefunden. Dort ist er aber auch Ende der 1970er Jahre w\u00e4hrend einer Demonstration durch einen Angriff der Polizei mit Reizkampfstoff schwer verletzt worden. Dies hat Johann jedoch nicht davon abhalten k\u00f6nnen, nach seiner R\u00fcckkehr aus Frankreich sowohl im Gewerkschaftsbereich als auch in einer Vielzahl von zivilgesellschaftlichen und politischen Bewegungen und Organisationen aktiv zu sein (Gruppe revolution\u00e4re Marxisten, Club Links, Sozialistische Alternative, Ost-West-Gegeninformationen, \u00d6sterreichisches Sozialforum, Steirische Friedensplattform, Linke Steiermark, www.linkewoche.at und vieles anderes mehr).<\/p>\n<div>\n<p>Es gab kaum eine Demonstration in Graz, bei der Johann nicht dabei gewesen ist. Auf vielen Kundgebungen erscholl seine einpr\u00e4gsame Stimme vom Megaphon, und er hat sich unerm\u00fcdlich f\u00fcr mehr soziale Gerechtigkeit und eine Welt jenseits des Kapitalismus eingesetzt. Als Lehrer hat er ganze Generationen von Sch\u00fclerinnen und Sch\u00fclern und deren Eltern begleitet, die beide seine fortschrittliche Berufsauffassung und seine uneigenn\u00fctzige Art sch\u00e4tzten. Auch als Linksaktivist hat er mehreren Altersgruppen von politisch Engagierten, Alten wie Jungen, Kampfgeist und einen unersch\u00f6pflichen Optimismus vermittelt.<\/p>\n<p>Johann war \u00fcber die Jahre Gr\u00fcnder und Tr\u00e4ger hunderter Initiativen und Aktionen der linken und fortschrittlichen Bewegung in Graz. Er ist der linken Bewegung immer vorausgegengen. Wir werden ihn nicht vergessen.<\/p>\n<p>Die Verabschiedung von Johann Sch\u00f6gler erfolgt am Samstag, den 5. November um 11.30 Uhr in der Grazer Feuerhalle beim Zentralfriedhof.<\/p>\n<\/div>\n<div class=\"spaceBeforeCP\"><\/div>\n<div id=\"imgtext-id-25412\" class=\"image-with-text\">\n<h3>Verlorene Zeit<\/h3>\n<p>Vor dem Eingang der Fabrik<\/p>\n<p>bleibt der Arbeiter pl\u00f6tzlich stehen<\/p>\n<p>Die sch\u00f6ne Zeit hat ihm die Jacke ausgezogen.<\/p>\n<p>Wie er sich umwendet<\/p>\n<p>und die Sonne sieht,<\/p>\n<p>ganz rot ganz rund,<\/p>\n<p>die in einem bleiernen Himmel l\u00e4chelt<\/p>\n<p>zwinkert er ihr ungezwungen zu.<\/p>\n<p>Sag, Genossin Sonne<\/p>\n<p>findest du nicht, dass<\/p>\n<p>es sch\u00f6n bl\u00f6d ist<\/p>\n<p>einen Tag wie diesen<\/p>\n<p>dem Patron zu schenken?<\/p>\n<\/div>\n<\/div>\n<p class=\"small\">1. November 2016<\/p>\n","protected":false},"excerpt":{"rendered":"<p>https:\/\/www.kpoe-steiermark.at\/johann-schoegler-verstorben.phtml Johann hat sich Zeit seines Lebens auf aufopfernde Weise f\u00fcr verschiedene gesellschaftspolitische Initiativen eingesetzt.<\/p>\n","protected":false},"author":2,"featured_media":0,"comment_status":"open","ping_status":"open","sticky":false,"template":"","format":"standard","meta":{"footnotes":""},"categories":[1],"tags":[],"class_list":["post-4129","post","type-post","status-publish","format-standard","hentry","category-allgemein"],"_links":{"self":[{"href":"https:\/\/www.friedensplattform.at\/index.php?rest_route=\/wp\/v2\/posts\/4129","targetHints":{"allow":["GET"]}}],"collection":[{"href":"https:\/\/www.friedensplattform.at\/index.php?rest_route=\/wp\/v2\/posts"}],"about":[{"href":"https:\/\/www.friedensplattform.at\/index.php?rest_route=\/wp\/v2\/types\/post"}],"author":[{"embeddable":true,"href":"https:\/\/www.friedensplattform.at\/index.php?rest_route=\/wp\/v2\/users\/2"}],"replies":[{"embeddable":true,"href":"https:\/\/www.friedensplattform.at\/index.php?rest_route=%2Fwp%2Fv2%2Fcomments&post=4129"}],"version-history":[{"count":1,"href":"https:\/\/www.friedensplattform.at\/index.php?rest_route=\/wp\/v2\/posts\/4129\/revisions"}],"predecessor-version":[{"id":4130,"href":"https:\/\/www.friedensplattform.at\/index.php?rest_route=\/wp\/v2\/posts\/4129\/revisions\/4130"}],"wp:attachment":[{"href":"https:\/\/www.friedensplattform.at\/index.php?rest_route=%2Fwp%2Fv2%2Fmedia&parent=4129"}],"wp:term":[{"taxonomy":"category","embeddable":true,"href":"https:\/\/www.friedensplattform.at\/index.php?rest_route=%2Fwp%2Fv2%2Fcategories&post=4129"},{"taxonomy":"post_tag","embeddable":true,"href":"https:\/\/www.friedensplattform.at\/index.php?rest_route=%2Fwp%2Fv2%2Ftags&post=4129"}],"curies":[{"name":"wp","href":"https:\/\/api.w.org\/{rel}","templated":true}]}}