{"id":4133,"date":"2016-11-06T14:48:12","date_gmt":"2016-11-06T14:48:12","guid":{"rendered":"http:\/\/www.friedensplattform.at\/?p=4133"},"modified":"2016-11-06T14:48:12","modified_gmt":"2016-11-06T14:48:12","slug":"hermann-dvorczak-rede-zur-verabschiedung-von-johann-schoegler","status":"publish","type":"post","link":"https:\/\/www.friedensplattform.at\/?p=4133","title":{"rendered":"Hermann Dvorczak: Rede zur Verabschiedung von Johann Sch\u00f6gler"},"content":{"rendered":"<div>\n<div>\n<div>Johann war Marxist- aber einer der undogmatischen, kritischen Sorte. Gesellschaftliche Ver\u00e4nderungen konnte er sich nur vorstellen, wenn viele Hand anlegen.<\/div>\n<\/div>\n<\/div>\n<div><\/div>\n<p><!--more--><\/p>\n<div><\/div>\n<div>\n<div>\n<div>Dort wo Widerspr\u00fcche aufbrachen, wo Menschen selbst aktiv wurden, dort war Johann politisch zu hause, dort engagierte er sich und wollte mit seinem &#8211; enormen- \u00a0Wissen weitertreibend wirken.<\/div>\n<div>Dieses Engagement hatte eine riesige Spannweite: es reichte von Intiativen im \u00a0gewerkschaftlichen Bereich- etwa das &#8222;Komitee f\u00fcr einen k\u00e4mpferischen und demokratischen \u00d6GB&#8220; \u00fcber \u00f6kologische Mobilisierungen (Zwentendorf, Hainburg) bis hin zu dem Versuch auch in \u00d6sterreich eine pluralistische, kantige Alternative links von Sozialdemokratie und Gr\u00fcnen aufzubauen &#8211; dem &#8222;Linke&#8220;-Projekt.<\/div>\n<div>Ein besonderes Anliegen war Johann die internationale Sozialforumsbewegung- also der Zusammenschlu\u00df von sozialen Bewegungen. Er wirkte\u00a0hier auf allen drei Ebenen- global, kontinental und auf Landesebene:<\/div>\n<div>&#8211; er nahm aktiv an den Weltsozialforen in Senegal und Tunesien teil<\/div>\n<div>&#8211; ebenso an den Europ\u00e4ischen Sozialforen. In Malm\u00f6 teilten wir sogar das Zimmer.<\/div>\n<div>&#8211; Zwei \u00f6sterreichische Sozialforen fanden in der Steiermark statt, in Graz und Leoben. Ohne die geringste \u00dcbertreibung l\u00e4\u00dft sich sagen, da\u00df \u00a0beide Foren ohne ihn schlicht unm\u00f6glich gewesen w\u00e4ren. Er plante umfassend, selbst kleinste Details &#8211; wie Versicherungsfragen- lie\u00df er nicht aus.<\/div>\n<div>Auf dem Weltsozialforum in Montreal im\u00a0August mit seinen 35 000 TeilnehmerInnen und einem Er\u00f6ffnungsmarsch mit 20 000 Personen\u00a0hatte ich die allerletzte Gelegenheit ihn zu treffen.<\/div>\n<div>Johann hinterl\u00e4\u00dft eine riesige L\u00fccke und es wird unendlich schwer sein, sie zu schlie\u00dfen.\u00a0Aber ich denke, es w\u00e4re nicht in seinem Sinne aufzustecken und in Resignation zu verfallen. Arbeiten wir vielmehr auf seinen Spuren weiter- undogmatisch, selbstkritisch:\u00a0Eine andere Welt Welt ist m\u00f6glich und notwendig.<\/div>\n<div>Danke Johann f\u00fcr Dein Engeagement und Deine Freundschaft- Ciao Johann!<\/div>\n<div>\u00a0 \u00a0 Hermann Dworczak (0676 \/ 972 31 10 )<\/div>\n<div>.<\/div>\n<\/div>\n<\/div>\n","protected":false},"excerpt":{"rendered":"<p>Johann war Marxist- aber einer der undogmatischen, kritischen Sorte. Gesellschaftliche Ver\u00e4nderungen konnte er sich nur vorstellen, wenn viele Hand anlegen.<\/p>\n","protected":false},"author":2,"featured_media":0,"comment_status":"open","ping_status":"open","sticky":false,"template":"","format":"standard","meta":{"footnotes":""},"categories":[1],"tags":[],"class_list":["post-4133","post","type-post","status-publish","format-standard","hentry","category-allgemein"],"_links":{"self":[{"href":"https:\/\/www.friedensplattform.at\/index.php?rest_route=\/wp\/v2\/posts\/4133","targetHints":{"allow":["GET"]}}],"collection":[{"href":"https:\/\/www.friedensplattform.at\/index.php?rest_route=\/wp\/v2\/posts"}],"about":[{"href":"https:\/\/www.friedensplattform.at\/index.php?rest_route=\/wp\/v2\/types\/post"}],"author":[{"embeddable":true,"href":"https:\/\/www.friedensplattform.at\/index.php?rest_route=\/wp\/v2\/users\/2"}],"replies":[{"embeddable":true,"href":"https:\/\/www.friedensplattform.at\/index.php?rest_route=%2Fwp%2Fv2%2Fcomments&post=4133"}],"version-history":[{"count":1,"href":"https:\/\/www.friedensplattform.at\/index.php?rest_route=\/wp\/v2\/posts\/4133\/revisions"}],"predecessor-version":[{"id":4134,"href":"https:\/\/www.friedensplattform.at\/index.php?rest_route=\/wp\/v2\/posts\/4133\/revisions\/4134"}],"wp:attachment":[{"href":"https:\/\/www.friedensplattform.at\/index.php?rest_route=%2Fwp%2Fv2%2Fmedia&parent=4133"}],"wp:term":[{"taxonomy":"category","embeddable":true,"href":"https:\/\/www.friedensplattform.at\/index.php?rest_route=%2Fwp%2Fv2%2Fcategories&post=4133"},{"taxonomy":"post_tag","embeddable":true,"href":"https:\/\/www.friedensplattform.at\/index.php?rest_route=%2Fwp%2Fv2%2Ftags&post=4133"}],"curies":[{"name":"wp","href":"https:\/\/api.w.org\/{rel}","templated":true}]}}