{"id":4184,"date":"2017-04-19T13:56:29","date_gmt":"2017-04-19T13:56:29","guid":{"rendered":"http:\/\/www.friedensplattform.at\/?p=4184"},"modified":"2017-04-19T13:56:29","modified_gmt":"2017-04-19T13:56:29","slug":"ruestungsatlas-praesentation","status":"publish","type":"post","link":"https:\/\/www.friedensplattform.at\/?p=4184","title":{"rendered":"R\u00fcstungsatlas- Pr\u00e4sentation"},"content":{"rendered":"<p><strong>Dienstag, 25.4. 19 Uhr Kulturhalle Cuntra,<\/strong><\/p>\n<p><strong> Griesplatz 5<\/strong><\/p>\n<p>Franz S\u00f6lkner stellt das Projekt R\u00fcstungsatlas vor.<\/p>\n<p>Eine Gruppe von FriedensaktivistInnen ( Steir. Friedensplattform, Pax Christi, Vers\u00f6hnungsbund, Solidarwerkstatt Linz)hat sich vorgenommen, eine Aufstellung \u00fcber \u00f6sterreichische R\u00fcstungsfabrikation\u00a0in Angriff zu nehmen.<\/p>\n<p>Es soll auch recherchiert werden, welche Forschungs-Kooperationen es zwischen Universit\u00e4ten und der R\u00fcstungsindustrie gibt.<\/p>\n","protected":false},"excerpt":{"rendered":"<p>Dienstag, 25.4. 19 Uhr Kulturhalle Cuntra, Griesplatz 5 Franz S\u00f6lkner stellt das Projekt R\u00fcstungsatlas vor. Eine Gruppe von FriedensaktivistInnen ( Steir. Friedensplattform, Pax Christi, Vers\u00f6hnungsbund, Solidarwerkstatt Linz)hat sich vorgenommen, eine Aufstellung \u00fcber \u00f6sterreichische R\u00fcstungsfabrikation\u00a0in Angriff zu nehmen. Es soll auch recherchiert werden, welche Forschungs-Kooperationen es zwischen Universit\u00e4ten und der R\u00fcstungsindustrie gibt.<\/p>\n","protected":false},"author":2,"featured_media":0,"comment_status":"open","ping_status":"open","sticky":false,"template":"","format":"standard","meta":{"footnotes":""},"categories":[1],"tags":[],"class_list":["post-4184","post","type-post","status-publish","format-standard","hentry","category-allgemein"],"_links":{"self":[{"href":"https:\/\/www.friedensplattform.at\/index.php?rest_route=\/wp\/v2\/posts\/4184","targetHints":{"allow":["GET"]}}],"collection":[{"href":"https:\/\/www.friedensplattform.at\/index.php?rest_route=\/wp\/v2\/posts"}],"about":[{"href":"https:\/\/www.friedensplattform.at\/index.php?rest_route=\/wp\/v2\/types\/post"}],"author":[{"embeddable":true,"href":"https:\/\/www.friedensplattform.at\/index.php?rest_route=\/wp\/v2\/users\/2"}],"replies":[{"embeddable":true,"href":"https:\/\/www.friedensplattform.at\/index.php?rest_route=%2Fwp%2Fv2%2Fcomments&post=4184"}],"version-history":[{"count":1,"href":"https:\/\/www.friedensplattform.at\/index.php?rest_route=\/wp\/v2\/posts\/4184\/revisions"}],"predecessor-version":[{"id":4185,"href":"https:\/\/www.friedensplattform.at\/index.php?rest_route=\/wp\/v2\/posts\/4184\/revisions\/4185"}],"wp:attachment":[{"href":"https:\/\/www.friedensplattform.at\/index.php?rest_route=%2Fwp%2Fv2%2Fmedia&parent=4184"}],"wp:term":[{"taxonomy":"category","embeddable":true,"href":"https:\/\/www.friedensplattform.at\/index.php?rest_route=%2Fwp%2Fv2%2Fcategories&post=4184"},{"taxonomy":"post_tag","embeddable":true,"href":"https:\/\/www.friedensplattform.at\/index.php?rest_route=%2Fwp%2Fv2%2Ftags&post=4184"}],"curies":[{"name":"wp","href":"https:\/\/api.w.org\/{rel}","templated":true}]}}