{"id":420,"date":"2008-11-28T21:36:54","date_gmt":"2008-11-28T19:36:54","guid":{"rendered":"http:\/\/www.luxorbis.org\/friedensplattform.at\/?p=420"},"modified":"2008-11-28T21:36:54","modified_gmt":"2008-11-28T19:36:54","slug":"artikel-der-frankfurter-rundschau-ins-mark-getroffen","status":"publish","type":"post","link":"https:\/\/www.friedensplattform.at\/?p=420","title":{"rendered":"Artikel der Frankfurter Rundschau: Ins Mark getroffen"},"content":{"rendered":"<p>Leitartikel<\/p>\n<h4>Ins Mark getroffen<\/h4>\n<p>Eben erst hat Indien seine Flagge auf dem Mond platziert. Die Terrorangriffe sto\u00dfen das Land brutal in eine andere Realit\u00e4t zur\u00fcck. In Bombay ballt sich das Dynamit daf\u00fcr zusammen.<br \/>\n<em><\/em><\/p>\n<p><em>KARL GROBE<\/em><\/p>\n<p><a title=\"Franfurter Rundschau\" href=\"http:\/\/www.fr-online.de\/in_und_ausland\/politik\/meinung\/kommentare\/1636934_Ins-Mark-getroffen.html\" target=\"_blank\">Weiterlesen auf den Seiten der fr-online<\/a><\/p>\n","protected":false},"excerpt":{"rendered":"<p>Leitartikel Ins Mark getroffen Eben erst hat Indien seine Flagge auf dem Mond platziert. Die Terrorangriffe sto\u00dfen das Land brutal in eine andere Realit\u00e4t zur\u00fcck. In Bombay ballt sich das Dynamit daf\u00fcr zusammen. KARL GROBE Weiterlesen auf den Seiten der fr-online<\/p>\n","protected":false},"author":1,"featured_media":0,"comment_status":"open","ping_status":"open","sticky":false,"template":"","format":"standard","meta":{"footnotes":""},"categories":[1],"tags":[],"class_list":["post-420","post","type-post","status-publish","format-standard","hentry","category-allgemein"],"_links":{"self":[{"href":"https:\/\/www.friedensplattform.at\/index.php?rest_route=\/wp\/v2\/posts\/420","targetHints":{"allow":["GET"]}}],"collection":[{"href":"https:\/\/www.friedensplattform.at\/index.php?rest_route=\/wp\/v2\/posts"}],"about":[{"href":"https:\/\/www.friedensplattform.at\/index.php?rest_route=\/wp\/v2\/types\/post"}],"author":[{"embeddable":true,"href":"https:\/\/www.friedensplattform.at\/index.php?rest_route=\/wp\/v2\/users\/1"}],"replies":[{"embeddable":true,"href":"https:\/\/www.friedensplattform.at\/index.php?rest_route=%2Fwp%2Fv2%2Fcomments&post=420"}],"version-history":[{"count":0,"href":"https:\/\/www.friedensplattform.at\/index.php?rest_route=\/wp\/v2\/posts\/420\/revisions"}],"wp:attachment":[{"href":"https:\/\/www.friedensplattform.at\/index.php?rest_route=%2Fwp%2Fv2%2Fmedia&parent=420"}],"wp:term":[{"taxonomy":"category","embeddable":true,"href":"https:\/\/www.friedensplattform.at\/index.php?rest_route=%2Fwp%2Fv2%2Fcategories&post=420"},{"taxonomy":"post_tag","embeddable":true,"href":"https:\/\/www.friedensplattform.at\/index.php?rest_route=%2Fwp%2Fv2%2Ftags&post=420"}],"curies":[{"name":"wp","href":"https:\/\/api.w.org\/{rel}","templated":true}]}}