{"id":4210,"date":"2017-06-16T20:49:21","date_gmt":"2017-06-16T20:49:21","guid":{"rendered":"http:\/\/www.friedensplattform.at\/?p=4210"},"modified":"2017-06-17T14:15:19","modified_gmt":"2017-06-17T14:15:19","slug":"lernens-geschichte-leserbrief-f-soelkner-an-kleinezeitung","status":"publish","type":"post","link":"https:\/\/www.friedensplattform.at\/?p=4210","title":{"rendered":"Lernen&#8217;s Geschichte! Leserbrief F.S\u00f6lkner an KleineZeitung"},"content":{"rendered":"<p><span style=\"font-family: Arial; font-size: xx-small;\"><span style=\"font-size: small;\">Leserbrief zu den Artikeln &#8222;Der hohe Preis der Sicherheit&#8220; und &#8222;F\u00f6deration f\u00fcr Pal\u00e4stina&#8220; (beide in der Kl. Ztg. vom 16 Juni):<\/span><\/span><\/p>\n<p><span style=\"font-family: Arial; font-size: xx-small;\"><span style=\"font-size: small;\"><b>Lernen<\/b><b>&#8217;s<\/b><b> <\/b><b>G<\/b><b>eschichte!<\/b><br \/>\n<\/span><\/span><\/p>\n<p><span style=\"font-family: Arial; font-size: xx-small;\"><span style=\"font-size: small;\">Die Berichterstattung europ\u00e4ischer Medien \u00fcber den Konflikt zwischen Juden und Pal\u00e4stinensern im Nahen Osten leidet fast durchg\u00e4ngig unter einer starken proisraelischen Schlagseite. Dies ist auf dem Hintergrund unserer, aus dem Menschheitsverbrechen\u00a0 des Holocaust erwachsenden Verantwortung erkl\u00e4rbar, verhindert aber ein tieferes Verst\u00e4ndnis des Konflikts. Schlimmer noch:\u00a0 Es verunm\u00f6glicht einen wirksamen politisch-diplomatischen Beitrag Europas zur L\u00f6sung des Konflikts.<br \/>\n<\/span><\/span><!--more--><\/p>\n<p>&nbsp;<\/p>\n<p>&nbsp;<\/p>\n<p>&nbsp;<\/p>\n<p><span style=\"font-family: Arial; font-size: xx-small;\"><span style=\"font-size: small;\">Die Beitr\u00e4ge von Gil Yaron und Hans Winkler zeigen diesen Mangel deutlich. Zwei Beispiele daraus: Yaron versucht uns Israels innere Sicherheitspolitik schmackhaft zu machen, unterl\u00e4sst es aber festzustellen, dass es Israels jahrzehntelange brutale Unterdr\u00fcckung des Freiheitswillens des pal\u00e4stinensischen Volkes ist, die diesen gigantischen Sicherheitsaufwand erst n\u00f6tig macht.<br \/>\n<\/span><\/span><\/p>\n<p><span style=\"font-family: Arial; font-size: xx-small;\"><span style=\"font-size: small;\">Und Winkler beklagt Arafats Ablehnung\u00a0 eines ihm bei den Camp David Verhandlungen im Jahr 2000 durch Ehud Barak angebotenen Staates. Was er dabei unter dem Tisch fallen l\u00e4sst, ist das Faktum, dass Barak der pal\u00e4stinensischen Seite kein Angebot machte, dass Arafat h\u00e4tte annehmen k\u00f6nnen, ohne den Anspruch auf politische Freiheit aufzugeben. Arafat wollte den Staat Pal\u00e4stina auf jenen 22 Prozent des historischen Pal\u00e4stina errichten, die den Pal\u00e4stinenserInnen nach der Israelischen Staatsgr\u00fcndung und dem Krieg von 1948\/49 noch verblieben waren. Barak freilich wollte ihm davon noch einmal 1\/10tel f\u00fcr einige gro\u00dfe v\u00f6lkerrechtswidrig errichtete Siedlungsbl\u00f6cke wegzwicken. Auch \u00fcber das arabische Ostjerusalem als Hauptstadt Pal\u00e4stinas war Barak nicht ernsthaft gespr\u00e4chsbereit, sondern offerierte stattdessen drei arabische Stadtrandd\u00f6rfer: Abu Dis, Al-Aisaria und Sauwahra. Mit diesen und anderen Einschr\u00e4nkungen\u00a0 blieb Barak weit hinter dem Rahmen zur\u00fcck, der Anfang der 1990er Jahre in den Friedensverhandlungen\u00a0 von Madrid und Oslo abgesteckt worden war. &#8222;Lernen&#8217;s Geschichte, Herr Winkler!&#8220;, h\u00e4tte Bruno Kreisky gesagt. Er war der letzte \u00f6sterreichische Politiker, der noch zu einer weitblickenden Nahost-Politik f\u00e4hig war. Wie erb\u00e4rmlich <\/span><\/span><span style=\"font-family: Arial; font-size: xx-small;\"><span style=\"font-size: small;\">unkritisch und uncouragiert <\/span><\/span><span style=\"font-family: Arial; font-size: xx-small;\"><span style=\"font-size: small;\">dagegen das Verhalten von BK Kern vor zwei Monaten bei seinem Gespr\u00e4ch mit Netanyahu.\u00a0 <\/span><\/span><\/p>\n<p>Franz S\u00f6lkner<\/p>\n","protected":false},"excerpt":{"rendered":"<p>Leserbrief zu den Artikeln &#8222;Der hohe Preis der Sicherheit&#8220; und &#8222;F\u00f6deration f\u00fcr Pal\u00e4stina&#8220; (beide in der Kl. Ztg. vom 16 Juni): Lernen&#8217;s Geschichte! Die Berichterstattung europ\u00e4ischer Medien \u00fcber den Konflikt zwischen Juden und Pal\u00e4stinensern im Nahen Osten leidet fast durchg\u00e4ngig unter einer starken proisraelischen Schlagseite. Dies ist auf dem Hintergrund unserer, aus dem Menschheitsverbrechen\u00a0 des &hellip; <a href=\"https:\/\/www.friedensplattform.at\/?p=4210\" class=\"more-link\"><span class=\"screen-reader-text\">Lernen&#8217;s Geschichte! Leserbrief F.S\u00f6lkner an KleineZeitung<\/span> weiterlesen <span class=\"meta-nav\">&rarr;<\/span><\/a><\/p>\n","protected":false},"author":3,"featured_media":0,"comment_status":"open","ping_status":"open","sticky":false,"template":"","format":"standard","meta":{"footnotes":""},"categories":[17],"tags":[],"class_list":["post-4210","post","type-post","status-publish","format-standard","hentry","category-meinung"],"_links":{"self":[{"href":"https:\/\/www.friedensplattform.at\/index.php?rest_route=\/wp\/v2\/posts\/4210","targetHints":{"allow":["GET"]}}],"collection":[{"href":"https:\/\/www.friedensplattform.at\/index.php?rest_route=\/wp\/v2\/posts"}],"about":[{"href":"https:\/\/www.friedensplattform.at\/index.php?rest_route=\/wp\/v2\/types\/post"}],"author":[{"embeddable":true,"href":"https:\/\/www.friedensplattform.at\/index.php?rest_route=\/wp\/v2\/users\/3"}],"replies":[{"embeddable":true,"href":"https:\/\/www.friedensplattform.at\/index.php?rest_route=%2Fwp%2Fv2%2Fcomments&post=4210"}],"version-history":[{"count":3,"href":"https:\/\/www.friedensplattform.at\/index.php?rest_route=\/wp\/v2\/posts\/4210\/revisions"}],"predecessor-version":[{"id":4220,"href":"https:\/\/www.friedensplattform.at\/index.php?rest_route=\/wp\/v2\/posts\/4210\/revisions\/4220"}],"wp:attachment":[{"href":"https:\/\/www.friedensplattform.at\/index.php?rest_route=%2Fwp%2Fv2%2Fmedia&parent=4210"}],"wp:term":[{"taxonomy":"category","embeddable":true,"href":"https:\/\/www.friedensplattform.at\/index.php?rest_route=%2Fwp%2Fv2%2Fcategories&post=4210"},{"taxonomy":"post_tag","embeddable":true,"href":"https:\/\/www.friedensplattform.at\/index.php?rest_route=%2Fwp%2Fv2%2Ftags&post=4210"}],"curies":[{"name":"wp","href":"https:\/\/api.w.org\/{rel}","templated":true}]}}