{"id":4212,"date":"2017-06-16T21:02:10","date_gmt":"2017-06-16T21:02:10","guid":{"rendered":"http:\/\/www.friedensplattform.at\/?p=4212"},"modified":"2017-06-20T21:58:39","modified_gmt":"2017-06-20T21:58:39","slug":"suedafrika-1985-israel-2017-apartheid-sind-vergleiche-haltbar-vortragdiskussion-mit-farid-esack","status":"publish","type":"post","link":"https:\/\/www.friedensplattform.at\/?p=4212","title":{"rendered":"Israel\/Pal\u00e4stina: Apartheid? Ist ein Vergleich mit S\u00fcdafrika haltbar? Vortrag+Diskussion mit FARID ESACK"},"content":{"rendered":"<h2 style=\"text-align: center;\"><strong><a href=\"http:\/\/www.friedensplattform.at\/wp-content\/uploads\/2017\/06\/Farid-Esack.jpg\"><img loading=\"lazy\" decoding=\"async\" class=\"alignnone size-medium wp-image-4213 alignleft\" src=\"http:\/\/www.friedensplattform.at\/wp-content\/uploads\/2017\/06\/Farid-Esack-300x169.jpg\" alt=\"\" width=\"300\" height=\"169\" srcset=\"https:\/\/www.friedensplattform.at\/wp-content\/uploads\/2017\/06\/Farid-Esack-300x169.jpg 300w, https:\/\/www.friedensplattform.at\/wp-content\/uploads\/2017\/06\/Farid-Esack-768x432.jpg 768w, https:\/\/www.friedensplattform.at\/wp-content\/uploads\/2017\/06\/Farid-Esack-1024x576.jpg 1024w, https:\/\/www.friedensplattform.at\/wp-content\/uploads\/2017\/06\/Farid-Esack.jpg 1920w\" sizes=\"auto, (max-width: 300px) 100vw, 300px\" \/><\/a>FARID ESACK<\/strong><\/h2>\n<p><strong><span style=\"color: #ff0000;\">Israel\/Pal\u00e4stina: Apartheid?<\/span><\/strong><\/p>\n<p><strong><span style=\"color: #ff0000;\"> Ist ein Vergleich mit S\u00fcdafrika haltbar?<\/span><\/strong><\/p>\n<p>&nbsp;<\/p>\n<p><strong>Do, 29. Juni 2017, 20:00 Uhr<\/strong><\/p>\n<p style=\"text-align: center;\"><strong>Kulturraum LaCuntra, Griesplatz 5\/Graz<\/strong><\/p>\n<p><strong>Farid Esack<\/strong> engagierte sich im Kampf gegen die s\u00fcdafrikanische Apartheid und war Gleichstellungsbeauftragter der Regierung Nelson Mandelas. <!--more-->Er symbolisiert mit seinem heutigen Engagement f\u00fcr BDS (Boykott-Desinvestion-Sanctions) die Kontinuit\u00e4t des Anti-Apartheidkampfes gegen Rassismus, Kolonialismus und Islamfeindlichkeit. Er ist muslimischer Befreiungstheologe und publizierte \u00fcber Islam, Gender, Befreiungstheologie, interreligi\u00f6se Beziehungen und zur wissenschaftlichen Interpretation des Koran. Derzeit arbeitet er an der Entwicklung eines Fachgebietes \u00fcber den Zusammenhang von islamischer Religion, Entkolonialisierung und Befreiung.<\/p>\n<p><strong>Zum Thema des Vortrages<\/strong><\/p>\n<p>Am 30. November 1973 verabschiedete UNO-Vollversammlung die <em>Internationale Konvention \u00fcber die Unterdr\u00fcckung und Bestrafung des Verbrechens der Apartheid. <\/em>Nachdem ihr\u00a0 76 Staaten beigetreten waren trat sie 1976 in Kraft.<\/p>\n<p>Dieser v\u00f6lkerrechtliche Vertrag definiert Apartheid als Verbrechen des Setzens von <strong>\u201einhumanen Akten, ausgef\u00fchrt mit dem Ziel, die Herrschaft einer rassischen Personengruppe \u00fcber irgendeine andere rassische Personengruppe herzustellen und aufrechtzuerhalten und <\/strong>[die Letztere] <strong>systematisch zu unterdr\u00fccken<\/strong>\u201c. Diese Generalklausel wird in konkreteren Tatbest\u00e4nden ausgef\u00fchrt.<\/p>\n<p>Die Resolution 3379 der UN-Generalversammlung vom 10. November 1975 bezeichnete den Zionismus als eine Form der Rassendiskriminierung und stellte Israel explizit in eine Reihe mit den damaligen Apartheidsstaaten S\u00fcdafrika und Rhodesien. Weil die israelische Regierung drohte, an keinen weiteren Friedensgespr\u00e4chen teilzunehmen, wurde die Resolution am 16. Dezember 1991 von der UN-Generalversammlung wieder zur\u00fcckgenommen (Resolution 46\/86).<\/p>\n<h4>In politischen Debatten des Konflikts wird immer wieder behauptet, dass das israelische Rechtssystem, die Besatzungspolitik und die vielf\u00e4ltigen Praktiken der Unterdr\u00fcckung gegen\u00fcber der indigenen pal\u00e4stinensischen Bev\u00f6lkerung eindeutig Ausdruck von Rassismus und Apartheid sind. Vor kurzem hie\u00df es in einem (mittlerweile zur\u00fcckgezogenen) UN-Bericht: \u201eFern jedes vern\u00fcnftigen Zweifels, belegen die Beweise, dass Israel schuldig ist, ein Apartheidregime gegen das pal\u00e4stinensische Volk errichtet zu haben.\u201c<\/h4>\n<p><strong>Der Vortrag geht der Frage nach, ob solche Aussagen zutreffend sind.<\/strong><\/p>\n<p><a href=\"http:\/\/www.friedensplattform.at\/wp-content\/uploads\/2016\/05\/Friedensplattform.jpg\"><img loading=\"lazy\" decoding=\"async\" class=\"alignnone size-medium wp-image-4047\" src=\"http:\/\/www.friedensplattform.at\/wp-content\/uploads\/2016\/05\/Friedensplattform-300x61.jpg\" alt=\"\" width=\"300\" height=\"61\" srcset=\"https:\/\/www.friedensplattform.at\/wp-content\/uploads\/2016\/05\/Friedensplattform-300x61.jpg 300w, https:\/\/www.friedensplattform.at\/wp-content\/uploads\/2016\/05\/Friedensplattform.jpg 800w\" sizes=\"auto, (max-width: 300px) 100vw, 300px\" \/><\/a><\/p>\n<p>&nbsp;<\/p>\n<p><strong>Pal\u00e4stina <span style=\"color: #ff0000;\">Solidarit\u00e4t<\/span><span style=\"color: #008000;\"> Steiermark<\/span><\/strong><\/p>\n<p>&nbsp;<\/p>\n<p><a href=\"http:\/\/www.friedensplattform.at\/wp-content\/uploads\/2017\/06\/einladung-farid-A5.pdf\">einladung farid A5<\/a><\/p>\n","protected":false},"excerpt":{"rendered":"<p>FARID ESACK Israel\/Pal\u00e4stina: Apartheid? Ist ein Vergleich mit S\u00fcdafrika haltbar? &nbsp; Do, 29. Juni 2017, 20:00 Uhr Kulturraum LaCuntra, Griesplatz 5\/Graz Farid Esack engagierte sich im Kampf gegen die s\u00fcdafrikanische Apartheid und war Gleichstellungsbeauftragter der Regierung Nelson Mandelas.<\/p>\n","protected":false},"author":3,"featured_media":0,"comment_status":"open","ping_status":"open","sticky":false,"template":"","format":"standard","meta":{"footnotes":""},"categories":[4,18,19,21],"tags":[],"class_list":["post-4212","post","type-post","status-publish","format-standard","hentry","category-antirassismus","category-palaestina-solidaritaet","category-termine","category-veranstaltungshinweise"],"_links":{"self":[{"href":"https:\/\/www.friedensplattform.at\/index.php?rest_route=\/wp\/v2\/posts\/4212","targetHints":{"allow":["GET"]}}],"collection":[{"href":"https:\/\/www.friedensplattform.at\/index.php?rest_route=\/wp\/v2\/posts"}],"about":[{"href":"https:\/\/www.friedensplattform.at\/index.php?rest_route=\/wp\/v2\/types\/post"}],"author":[{"embeddable":true,"href":"https:\/\/www.friedensplattform.at\/index.php?rest_route=\/wp\/v2\/users\/3"}],"replies":[{"embeddable":true,"href":"https:\/\/www.friedensplattform.at\/index.php?rest_route=%2Fwp%2Fv2%2Fcomments&post=4212"}],"version-history":[{"count":3,"href":"https:\/\/www.friedensplattform.at\/index.php?rest_route=\/wp\/v2\/posts\/4212\/revisions"}],"predecessor-version":[{"id":4223,"href":"https:\/\/www.friedensplattform.at\/index.php?rest_route=\/wp\/v2\/posts\/4212\/revisions\/4223"}],"wp:attachment":[{"href":"https:\/\/www.friedensplattform.at\/index.php?rest_route=%2Fwp%2Fv2%2Fmedia&parent=4212"}],"wp:term":[{"taxonomy":"category","embeddable":true,"href":"https:\/\/www.friedensplattform.at\/index.php?rest_route=%2Fwp%2Fv2%2Fcategories&post=4212"},{"taxonomy":"post_tag","embeddable":true,"href":"https:\/\/www.friedensplattform.at\/index.php?rest_route=%2Fwp%2Fv2%2Ftags&post=4212"}],"curies":[{"name":"wp","href":"https:\/\/api.w.org\/{rel}","templated":true}]}}