{"id":4225,"date":"2017-06-26T19:26:58","date_gmt":"2017-06-26T19:26:58","guid":{"rendered":"http:\/\/www.friedensplattform.at\/?p=4225"},"modified":"2017-06-26T19:26:58","modified_gmt":"2017-06-26T19:26:58","slug":"offener-brief-an-bundeskanzler-mag-christian-kern","status":"publish","type":"post","link":"https:\/\/www.friedensplattform.at\/?p=4225","title":{"rendered":"Offener Brief an Bundeskanzler Mag. Christian Kern"},"content":{"rendered":"<h3>\u00a0\u00a0 <strong><u>Offener Brief<\/u><\/strong><\/h3>\n<h3>Betreff: Ihre absolvierte\u00a0 Israelreise<\/h3>\n<p>Guten Tag, Herr Bundeskanzler Mag. Kern!<\/p>\n<p>&nbsp;<\/p>\n<p><!--more--><\/p>\n<p><strong>\u00a0<\/strong>Vor Ihrer dann abgesagten Israelreise haben wir Ihnen im J\u00e4nner dieses Jahres einen Brief geschrieben. Darin haben wir Sie gebeten, in Ihrem Gespr\u00e4ch mit Ministerpr\u00e4sident Netanyahu\u00a0 auch Israels fortdauernde Siedlungs- und Besatzungspolitik auf pal\u00e4stinensischem Territorium als ma\u00dfgebliches Friedenshindernis kritisch anzusprechen und \u201euns nach Ihrer R\u00fcckkehr eine Antwort\u00a0 auf unser Schreiben zukommen zu lassen\u201c.\u00a0 Diese Antwort ist bisher ausgeblieben.\u00a0\u00a0 Daher heute dieser Offene Brief.<\/p>\n<p>&nbsp;<\/p>\n<p>Den Verlauf ihrer inzwischen nachgeholten Israelreise haben wir in verschiedenen Medien verfolgt. Zu unserer Entt\u00e4uschung haben Sie kein einziges Wort auch nur ann\u00e4hernder Kritik an der israelischen Siedlungs- und Besatzungspolitik verlauten lassen.<\/p>\n<p>&nbsp;<\/p>\n<p>Diese Entt\u00e4uschung l\u00e4sst sich auch im Vergleich mit dem Verhalten des deutschen Au\u00dfenministers Sigmar Gabriel verdeutlichen: W\u00e4hrend sich dieser bei seinem j\u00fcngsten Aufenthalt in Israel\/Pal\u00e4stina auch wichtigen Menschenrechts- und Friedensorganisationen der israelischen Zivilgesellschaft<a href=\"#_ftn1\" name=\"_ftnref1\">[1]<\/a> zugewandt hat, haben Sie es unterlassen, diese selbst unter starkem Druck stehenden Kr\u00e4fte zu h\u00f6ren, deren politisches Gewicht zu st\u00e4rken und so einen Beitrag zur l\u00e4ngst \u00fcberf\u00e4lligen Konfliktl\u00f6sung zu leisten.<\/p>\n<p>&nbsp;<\/p>\n<p>Wir fragen uns, wie Sie Ihre offensichtlich unkritische Haltung gegen\u00fcber der rechtsnationalistischen Regierung Netanyahu rechtfertigen, wenn Sie doch gleichzeitig wissen, dass<\/p>\n<ul>\n<li>die in Gaza lebende Bev\u00f6lkerung seit mehr als 20 Jahren schwer unter st\u00e4ndig versch\u00e4rfter und seit 2007 unter totaler Blockade leidet,<\/li>\n<\/ul>\n<p>&nbsp;<\/p>\n<p>&nbsp;<\/p>\n<p>&nbsp;<\/p>\n<ul>\n<li>Israel seine illegale Siedlungs<a href=\"#_ftn2\" name=\"_ftnref2\">[2]<\/a>&#8211; und Wasserpolitik fortsetzt,<\/li>\n<li>mit dem v\u00f6lkerrechtswidrigen Mauerbau den Pal\u00e4stinenserInnen weiter Land geraubt wird und vielen Bauern ihre Existenzgrundlagen genommen werden,<\/li>\n<li>in Ostjerusalem brutale Enteignungen pal\u00e4stinensischer Wohnungen im Gange sind,<\/li>\n<li>in Hebron Drangsalierungen pal\u00e4stinensischer Familien an der Tagesordnung stehen, wie das Zuschwei\u00dfen ihrer Eingangst\u00fcren (wie ein Mitglied von Breaking the Silence in dieser Doku<a href=\"#_ftn3\" name=\"_ftnref3\">[3]<\/a> anschaulich schildert)<\/li>\n<li>Schikanen, Rassismus und Diskriminierung an Checkpoints und in der \u00d6ffentlichkeit f\u00fcr Pal\u00e4stinenserInnen allt\u00e4gliche Qual sind,<\/li>\n<li>pal\u00e4stinensische ZivilistInnen Opfer willk\u00fcrlicher Erschie\u00dfungen sind<a href=\"#_ftn4\" name=\"_ftnref4\">[4]<\/a>, n<\/li>\n<li>Israel seine Politik der Zerst\u00f6rung pal\u00e4stinensischer H\u00e4user fortsetzt<a href=\"#_ftn5\" name=\"_ftnref5\">[5]<\/a>,<\/li>\n<li>AraberInnen und andere Minderheiten in Israel vielfach als Menschen zweiter Klasse behandelt werden.<\/li>\n<\/ul>\n<p>&nbsp;<\/p>\n<p>Vor Kurzem befanden sich rund 1.500 politische Gefangene in einem f\u00fcnfw\u00f6chigen Hungerstreik. Der wichtigste Grund: 500 Pal\u00e4stinenserInnen sind ohne Anklage oder Verurteilung hinter Gittern, weil die sogenannte Administrativhaft eine Inhaftierung auf blo\u00dfen Verdacht hin auf nahezu unbegrenzte Zeit erlaubt. Insgesamt sind\u00a0 nach israelischen Angaben 6.240 M\u00e4nner, rund 60 Frauen und Dutzende Jugendliche inhaftiert. Der unrechtm\u00e4ssig<a href=\"#_ftn6\" name=\"_ftnref6\">[6]<\/a> zu f\u00fcnffacher lebenslanger Haft verurteilte pal\u00e4stinensische Politiker Marwan Barghouti, ein Hoffnungstr\u00e4ger f\u00fcr das Erringen einen gerechten Friedens, erinnerte daran, dass seit 1948 \u201erund eine Million Pal\u00e4stinenser verhaftet, gefoltert, psychisch und physisch erniedrigt worden sind\u201c.<\/p>\n<p>&nbsp;<\/p>\n<p>Sie, Herr Bundeskanzler, haben bei Ihrem Besuch,\u00a0 das alles ausgeblendet. Damit haben Sie zugelassen, dass diese rechte israelische Regierung ihre Politik der Apartheid weiterf\u00fchrt. Sie leisten damit dem weiteren Landraub an den Pal\u00e4stinensern, den zahllosen Menschenrechtsverletzungen und dem wiederholten und andauernden Brechen des V\u00f6lkerrechts Vorschub.<\/p>\n<p>Bei einem Fortdauern dieser \u00f6sterreichischen Haltung sind Sie und Ihre Regierung\u00a0 daf\u00fcr mitverantwortlich, dass ein Frieden in der Region auf die n\u00e4chsten Jahrzehnte hinweg unm\u00f6glich sein wird. \u00d6sterreichs Regierungspolitik ist damit mitverantwortlich f\u00fcr eine semikoloniale Politik EU-ropas, die V\u00f6lkerrechtsbr\u00fcche, Ungerechtigkeit und Gewalt<\/p>\n<p>weitgehend kritiklos zul\u00e4sst und damit auch indirekt f\u00f6rdert. Diese Ihre Politik l\u00e4sst die schwer unterdr\u00fcckte pal\u00e4stinensische Bev\u00f6lkerung in Stich, sie f\u00e4llt aber auch den kritischen Friedens- und Menschenrechtsgruppen in Israel selbst in den R\u00fccken.<\/p>\n<p>&nbsp;<\/p>\n<p>Auch fragen wir uns, ob es auf der Ebene Ihrer pers\u00f6nlichen Motivation einen Zusammenhang gibt, zwischen Ihrer unkritisch proisraelischen Haltung und dem bekannten Faktum, dass ihre Frau Eveline in Israel ein Start-up Unternehmen<a href=\"#_ftn7\" name=\"_ftnref7\">[7]<\/a> gegr\u00fcndet hat.\u00a0 Rechtfertigt der erwartete pers\u00f6nliche Profit die Beteiligung an einem System kolonialistischer Ausbeutung und Unterdr\u00fcckung? Welche Ethik und welches Qualit\u00e4tsbewusstsein liegt einem innovativen Unternehmensgeist zugrunde, der\u00a0 mit dazu beitr\u00e4gt ein Apartheidsregime aufrechtzuerhalten?<\/p>\n<p>&nbsp;<\/p>\n<p>&nbsp;<\/p>\n<p>Noch hoffen wir von Ihnen eine Antwort zu bekommen.<\/p>\n<p>&nbsp;<\/p>\n<p>&nbsp;<\/p>\n<p>&nbsp;<\/p>\n<p>Begegnungszentrum f\u00fcr Aktive Gewaltlosigkeit Bad Ischl:\u00a0\u00a0 Matthias Reichl, eh.<\/p>\n<p>&nbsp;<\/p>\n<p>Frauen in Schwarz\/Wien:\u00a0\u00a0 Paula Abrams Hourani, eh.,\u00a0 Dr. Angela Waldegg, eh.<\/p>\n<p>&nbsp;<\/p>\n<p>Pax Christi \u00d6sterreich Kommission Israel-Pal\u00e4stina:\u00a0 Hannes Zukali, eh., Gerhilde Merz, eh.<\/p>\n<p>&nbsp;<\/p>\n<p>Solidarwerkstatt \u00d6sterreich: Gerald Oberansmayr, eh.<\/p>\n<p>&nbsp;<\/p>\n<p>&nbsp;<\/p>\n<p>&nbsp;<\/p>\n<p>Steirische Friedensplattform:\u00a0\u00a0\u00a0\u00a0\u00a0\u00a0\u00a0\u00a0\u00a0\u00a0\u00a0\u00a0\u00a0\u00a0\u00a0\u00a0\u00a0 Franz S\u00f6lkner, eh.\u00a0\u00a0\u00a0\u00a0\u00a0\u00a0\u00a0\u00a0\u00a0\u00a0\u00a0\u00a0\u00a0\u00a0\u00a0\u00a0\u00a0\u00a0 Helga Suleiman, eh.<\/p>\n<p>&nbsp;<\/p>\n<p>&nbsp;<\/p>\n<p>&nbsp;<\/p>\n<p>&nbsp;<\/p>\n<p>&nbsp;<\/p>\n<p>&nbsp;<\/p>\n<p>Ergeht zur Information auch an Staatssekret\u00e4rin Mag. Muna Duzdar, <a href=\"mailto:muna.duzdar@bka.gv.at\">muna.duzdar@bka.gv.at<\/a><\/p>\n<p>&nbsp;<\/p>\n<p>&nbsp;<\/p>\n<p><a href=\"#_ftnref1\" name=\"_ftn1\">[1]<\/a>\u00a0\u00a0\u00a0\u00a0\u00a0\u00a0\u00a0\u00a0\u00a0\u00a0\u00a0\u00a0 <a href=\"http:\/\/www.epa.eu\/politics-photos\/human-rights-diplomacy-photos\/haaretz-newspaper-prints-a-letter-for-germany-s-chancellor-merkel-and-fm-gabriel-photos-53498134\">http:\/\/www.epa.eu\/politics-photos\/human-rights-diplomacy-photos\/haaretz-newspaper-prints-a-letter-for-germany-s-chancellor-merkel-and-fm-gabriel-photos-53498134 <\/a><\/p>\n<p><a href=\"#_ftnref2\" name=\"_ftn2\">[2]<\/a>\u00a0\u00a0\u00a0\u00a0\u00a0\u00a0\u00a0\u00a0\u00a0\u00a0\u00a0\u00a0 Siehe die alarmierenden j\u00fcngsten Meldungen zu 15.000 geplanten neuen v\u00f6lkerrechtlich illegalen Wohnungen in Jerusalem: Fri Apr 28, 2017 <a href=\"http:\/\/www.reuters.com\/article\/us-israel-palestinians-settlements-idUSKBN17U1OS\">http:\/\/www.reuters.com\/article\/us-israel-palestinians-settlements-idUSKBN17U1OS<\/a> und 8000 in der Westbank 12 Jun, 2017, <a href=\"https:\/\/www.rt.com\/news\/391895-israel-approved-largest-settlements\/\">https:\/\/www.rt.com\/news\/391895-israel-approved-largest-settlements\/<\/a><\/p>\n<p><a href=\"#_ftnref3\" name=\"_ftn3\">[3]<\/a>\u00a0\u00a0\u00a0\u00a0\u00a0\u00a0\u00a0\u00a0\u00a0\u00a0\u00a0\u00a0\u00a0\u00a0\u00a0\u00a0\u00a0\u00a0\u00a0\u00a0\u00a0 \u00a0 <a href=\"http:\/\/www.arte.tv\/de\/videos\/073399-001-A\/re-breaking-the-silence\">http:\/\/www.arte.tv\/de\/videos\/073399-001-A\/re-breaking-the-silence<\/a><\/p>\n<p><a href=\"#_ftnref4\" name=\"_ftn4\">[4]<\/a>\u00a0\u00a0\u00a0\u00a0\u00a0\u00a0\u00a0\u00a0\u00a0\u00a0\u00a0\u00a0\u00a0\u00a0\u00a0\u00a0\u00a0\u00a0\u00a0\u00a0\u00a0 \u00a0 <a href=\"http:\/\/www.palaestina-portal.eu\/texte\/hinrichtungen_toetungen_palaestina.htm\">http:\/\/www.palaestina-portal.eu\/texte\/hinrichtungen_toetungen_palaestina.htm<\/a><\/p>\n<p><a href=\"#_ftnref5\" name=\"_ftn5\">[5]<\/a>\u00a0\u00a0\u00a0\u00a0\u00a0\u00a0\u00a0\u00a0\u00a0\u00a0\u00a0\u00a0\u00a0\u00a0\u00a0\u00a0\u00a0\u00a0\u00a0\u00a0\u00a0 \u00a0 Seit 1967 wurden mehr als 45.000 H\u00e4user und andere Baulichkeiten zerst\u00f6rt.<\/p>\n<p><a href=\"#_ftnref6\" name=\"_ftn6\">[6]<\/a>\u00a0\u00a0\u00a0\u00a0\u00a0\u00a0\u00a0\u00a0\u00a0\u00a0\u00a0\u00a0\u00a0\u00a0\u00a0\u00a0\u00a0\u00a0\u00a0\u00a0\u00a0 \u00a0 Die <a href=\"https:\/\/de.wikipedia.org\/wiki\/4._Genfer_Konvention\">4. Genfer Konvention<\/a> verbietet Prozesse au\u00dferhalb der besetzten Gebiete<\/p>\n<p><a href=\"#_ftnref7\" name=\"_ftn7\">[7]<\/a>\u00a0\u00a0\u00a0\u00a0\u00a0\u00a0\u00a0\u00a0\u00a0\u00a0\u00a0\u00a0\u00a0\u00a0\u00a0\u00a0\u00a0\u00a0\u00a0\u00a0\u00a0 \u00a0 <a href=\"http:\/\/www.blueminds-company.com\/tbmc-team\/\">http:\/\/www.blueminds-company.com\/tbmc-team\/<\/a><\/p>\n","protected":false},"excerpt":{"rendered":"<p>\u00a0\u00a0 Offener Brief Betreff: Ihre absolvierte\u00a0 Israelreise Guten Tag, Herr Bundeskanzler Mag. Kern! &nbsp;<\/p>\n","protected":false},"author":2,"featured_media":0,"comment_status":"open","ping_status":"open","sticky":false,"template":"","format":"standard","meta":{"footnotes":""},"categories":[1],"tags":[],"class_list":["post-4225","post","type-post","status-publish","format-standard","hentry","category-allgemein"],"_links":{"self":[{"href":"https:\/\/www.friedensplattform.at\/index.php?rest_route=\/wp\/v2\/posts\/4225","targetHints":{"allow":["GET"]}}],"collection":[{"href":"https:\/\/www.friedensplattform.at\/index.php?rest_route=\/wp\/v2\/posts"}],"about":[{"href":"https:\/\/www.friedensplattform.at\/index.php?rest_route=\/wp\/v2\/types\/post"}],"author":[{"embeddable":true,"href":"https:\/\/www.friedensplattform.at\/index.php?rest_route=\/wp\/v2\/users\/2"}],"replies":[{"embeddable":true,"href":"https:\/\/www.friedensplattform.at\/index.php?rest_route=%2Fwp%2Fv2%2Fcomments&post=4225"}],"version-history":[{"count":1,"href":"https:\/\/www.friedensplattform.at\/index.php?rest_route=\/wp\/v2\/posts\/4225\/revisions"}],"predecessor-version":[{"id":4226,"href":"https:\/\/www.friedensplattform.at\/index.php?rest_route=\/wp\/v2\/posts\/4225\/revisions\/4226"}],"wp:attachment":[{"href":"https:\/\/www.friedensplattform.at\/index.php?rest_route=%2Fwp%2Fv2%2Fmedia&parent=4225"}],"wp:term":[{"taxonomy":"category","embeddable":true,"href":"https:\/\/www.friedensplattform.at\/index.php?rest_route=%2Fwp%2Fv2%2Fcategories&post=4225"},{"taxonomy":"post_tag","embeddable":true,"href":"https:\/\/www.friedensplattform.at\/index.php?rest_route=%2Fwp%2Fv2%2Ftags&post=4225"}],"curies":[{"name":"wp","href":"https:\/\/api.w.org\/{rel}","templated":true}]}}