{"id":4231,"date":"2017-07-21T19:46:33","date_gmt":"2017-07-21T19:46:33","guid":{"rendered":"http:\/\/www.friedensplattform.at\/?p=4231"},"modified":"2017-07-21T19:46:54","modified_gmt":"2017-07-21T19:46:54","slug":"brief-an-den-orf-von-paula-abrahms-houranifrauen-in-schwarz","status":"publish","type":"post","link":"https:\/\/www.friedensplattform.at\/?p=4231","title":{"rendered":"Brief an den ORF von Paula Abrams-Hourani\/Frauen in Schwarz"},"content":{"rendered":"<p>Es war lobenswert, dass die \u00f6sterreichischen Nachrichten \u00fcber den Mord an tausenden franz\u00f6sischen Juden durch das Nazi Regime vor 75 Jahren berichtet haben, und \u00fcber die Veranstaltungen, die in Frankreich am Sonntag stattgefunden haben. \u00d6sterreich war ja \u00a0an der Vertreibung und T\u00f6tung von Millionen von Juden in den Jahren von 1938 &#8211; 1945 ma\u00dfgeblich beteiligt &#8211; ein Verbrechen das nicht vergessen werden kann noch soll. Leider haben&#8230;<\/p>\n<p>&nbsp;<\/p>\n<p><!--more--><\/p>\n<p>Subject: Berichterstattung, Nachrichten, Sonntag, 8 Uhr, \u00d61<br \/>\nTo: <a href=\"mailto:kundendienst@orf.at\">kundendienst@orf.at<\/a><\/p>\n<p>Sehr geehrte Damen und Herren,<\/p>\n<p>sehr geehrte Redaktion,<\/p>\n<p>Es war lobenswert, dass die \u00f6sterreichischen Nachrichten \u00fcber den Mord an tausenden franz\u00f6sischen Juden durch das Nazi Regime vor 75 Jahren berichtet haben, und \u00fcber die Veranstaltungen, die in Frankreich am Sonntag stattgefunden haben.\u00a0 \u00d6sterreich war ja \u00a0an der Vertreibung und T\u00f6tung von Millionen von Juden in den Jahren von 1938 &#8211; 1945 ma\u00dfgeblich beteiligt &#8211; ein Verbrechen das nicht vergessen werden kann noch soll.<\/p>\n<p>Leider haben sich die Franzosen nie offiziell f\u00fcr die 1.5 Millionen Opfer der algerischen Besatzung noch f\u00fcr die ca. 45.000 Algerier die gleich nach dem Ende des Nazi Regimes get\u00f6tet wurden entschuldigt, nachdem ihre Unabh\u00e4ngigkeit von Frankreich versprochen wurde.<\/p>\n<p>Ich war schockiert am Abend im Fernsehen die Umarmung Binyamin Netanyahus mit dem &#8222;progressiven&#8220; neuen Pr\u00e4sidenten Frankreichs Macron sehen zu m\u00fcssen.<\/p>\n<p>\u200bEigentlich ist es ein Hohn f\u00fcr den Holocaust und seine Opfer, dass Netanyahu ihn derart politisiert, wenn man \u00a0weiss, wie schlecht Israel seine Holocaust Opfer behandelt. (Siehe Link zu Haaretz und Telegraph Artikel \u00fcber Holocaust Opfer in Israel, die unter der Armutsgrenze leben).<\/p>\n<p><a href=\"http:\/\/www.haaretz.com\/jewish\/holocaust-remembrance-day\/.premium-1.651572\" data-saferedirecturl=\"https:\/\/www.google.com\/url?hl=de&amp;q=http:\/\/www.haaretz.com\/jewish\/holocaust-remembrance-day\/.premium-1.651572&amp;source=gmail&amp;ust=1500752041515000&amp;usg=AFQjCNGb_8dQC2Ko_UHqUielpD-rTmZ1MQ\">http:\/\/www.haaretz.com\/jewish\/holocaust-<\/a><\/p>\n<p><a href=\"http:\/\/www.telegraph.co.uk\/news\/worldnews\/middleeast\/israel\/12122754\/Tens-of-thousands-of-Israeli-Holocaust-survivors-are-living-in-abject-poverty.html\" data-saferedirecturl=\"https:\/\/www.google.com\/url?hl=de&amp;q=http:\/\/www.telegraph.co.uk\/news\/worldnews\/middleeast\/israel\/12122754\/Tens-of-thousands-of-Israeli-Holocaust-survivors-are-living-in-abject-poverty.html&amp;source=gmail&amp;ust=1500752041515000&amp;usg=AFQjCNEjOotMtNE_ri49qke6f2HmNELF-w\">http:\/\/www.telegraph.co.uk\/news\/worldnews\/middleeast\/israel\/12122754\/Tens-of-thousands-of-Israeli-Holocaust-survivors-are-living-in-abject-poverty.html<\/a><a href=\"http:\/\/www.haaretz.com\/jewish\/holocaust-remembrance-day\/.premium-1.651572\" data-saferedirecturl=\"https:\/\/www.google.com\/url?hl=de&amp;q=http:\/\/www.haaretz.com\/jewish\/holocaust-remembrance-day\/.premium-1.651572&amp;source=gmail&amp;ust=1500752041516000&amp;usg=AFQjCNFTm1sJOURpgnGXhZ2-XxLTuGlgtw\">rennmembrane-day\/.premium-1.651572<\/a><\/p>\n<p>Netanyahu, ist f\u00fcr die m\u00f6rderische Politik seines Landes, und den Tod von zahllosen Pal\u00e4stinensern verantwortlich.\u00a0 Wir erleben jetzt die t\u00f6dliche 10j\u00e4hrige Abriegelung des Gaza-Streifens, die Kollektivbestrafung von 2,000,000 Menschen (darunter ca. 900,000 Kinder und Jugendliche),\u00a0die zum gro\u00dfen Teil \u00a0entweder selber 1948 von Pal\u00e4stina durch die Gr\u00fcndung Israels nach Gaza fl\u00fcchten mussten oder deren Nachkommen.\u00a0 Das sind Menschen, die ein Recht h\u00e4tten nach UNO Resolution 194 in ihr Heimatland zur\u00fcckzukehren.\u00a0 Durch diese unmenschliche Abriegelung k\u00f6nnen &#8211; nach neuesten Berichten von \u201e\u00c4rzte f\u00fcr Menschenrechte in Israel\u201c &#8211; \u00a0270 Artikel von notwendiger medizinischer Ausr\u00fcstung f\u00fcr Behandlungen, ein Drittel aller notwendigen Medikamente, nicht in den Gaza Streifen gelangen.\u00a0 Zehntausende Patienten sind davon betroffen.\u00a0 Besonders Leidtragende sind Krebspatienten, Dialysepatienten, Patienten mit Cystis fibrosis, Fr\u00fchgeborene, S\u00e4uglinge mit Entwicklungsproblemen.\u00a0 Operationen sind wegen der neuesten drastischen Stromk\u00fcrzungen unm\u00f6glich.<\/p>\n<p>Im Moment hat Israel den Strom im Gaza Streifen auf 2 Stunden pro Tag gek\u00fcrzt. \u00a0 Diese Nachrichten bringt \u00d61 leider nicht.\u00a0Ich brauche Ihnen nicht zu sagen, was das f\u00fcr die Bev\u00f6lkerung Gazas bedeutet.\u00a0 Wir h\u00f6ren schon von zahllosen Selbstmorden. Scheinbar ist dies f\u00fcr den ORF nicht der Rede wert.<\/p>\n<p>Daniel Barenboim hat am 7. Juni d.J. einen Artikel in der israelischen Zeitung Haaretz ver\u00f6ffentlicht, in dem er u.a. schrieb: <em>&#8222;\u2026Europa, dessen Antisemitismus zum Holocaust f\u00fchrte, hat eine moralische und historische Verantwortung auch den Pal\u00e4stinensern gegen\u00fcber, welche immer noch unter den Konsequenzen leiden\u2026&#8220;\u00a0<\/em><\/p>\n<p>DIESE Verantwortung hat der ORF bis heute nicht erf\u00fcllt, was f\u00fcr die Zukunft und zuk\u00fcnftige Generationen von \u00d6sterreichern wieder zu einer gro\u00dfen historischen Last f\u00fchren wird.<\/p>\n<p>Freie Berichterstattung hei\u00dft nicht, auszuw\u00e4hlen von welchen Orten der Erde und Ereignissen die Zuh\u00f6rer erfahren sollen, sondern alles und der Wahrheit gerecht zu berichten.<\/p>\n<p>\u00d61 w\u00e4re doch \u00a0d e r \u00a0Sender, der daf\u00fcr die geeigneten, kompetenten Mitarbeiter\u00a0 und Kapazit\u00e4ten hat. Wie lange sollen kritische, bewusste H\u00f6rer noch entt\u00e4uscht werden?<\/p>\n<p>&nbsp;<\/p>\n<p>Mit freundlichen Gr\u00fc\u00dfen,<\/p>\n<p>&nbsp;<\/p>\n<p>Paula Abrams-Hourani<\/p>\n<p>Mitglied, European Jews for a Just Peace<\/p>\n<p>Mitglied, Frauen in Schwarz (Wien)<\/p>\n<p>&nbsp;<\/p>\n","protected":false},"excerpt":{"rendered":"<p>Es war lobenswert, dass die \u00f6sterreichischen Nachrichten \u00fcber den Mord an tausenden franz\u00f6sischen Juden durch das Nazi Regime vor 75 Jahren berichtet haben, und \u00fcber die Veranstaltungen, die in Frankreich am Sonntag stattgefunden haben. \u00d6sterreich war ja \u00a0an der Vertreibung und T\u00f6tung von Millionen von Juden in den Jahren von 1938 &#8211; 1945 ma\u00dfgeblich beteiligt &hellip; <a href=\"https:\/\/www.friedensplattform.at\/?p=4231\" class=\"more-link\"><span class=\"screen-reader-text\">Brief an den ORF von Paula Abrams-Hourani\/Frauen in Schwarz<\/span> weiterlesen <span class=\"meta-nav\">&rarr;<\/span><\/a><\/p>\n","protected":false},"author":3,"featured_media":0,"comment_status":"open","ping_status":"open","sticky":false,"template":"","format":"standard","meta":{"footnotes":""},"categories":[18],"tags":[],"class_list":["post-4231","post","type-post","status-publish","format-standard","hentry","category-palaestina-solidaritaet"],"_links":{"self":[{"href":"https:\/\/www.friedensplattform.at\/index.php?rest_route=\/wp\/v2\/posts\/4231","targetHints":{"allow":["GET"]}}],"collection":[{"href":"https:\/\/www.friedensplattform.at\/index.php?rest_route=\/wp\/v2\/posts"}],"about":[{"href":"https:\/\/www.friedensplattform.at\/index.php?rest_route=\/wp\/v2\/types\/post"}],"author":[{"embeddable":true,"href":"https:\/\/www.friedensplattform.at\/index.php?rest_route=\/wp\/v2\/users\/3"}],"replies":[{"embeddable":true,"href":"https:\/\/www.friedensplattform.at\/index.php?rest_route=%2Fwp%2Fv2%2Fcomments&post=4231"}],"version-history":[{"count":2,"href":"https:\/\/www.friedensplattform.at\/index.php?rest_route=\/wp\/v2\/posts\/4231\/revisions"}],"predecessor-version":[{"id":4233,"href":"https:\/\/www.friedensplattform.at\/index.php?rest_route=\/wp\/v2\/posts\/4231\/revisions\/4233"}],"wp:attachment":[{"href":"https:\/\/www.friedensplattform.at\/index.php?rest_route=%2Fwp%2Fv2%2Fmedia&parent=4231"}],"wp:term":[{"taxonomy":"category","embeddable":true,"href":"https:\/\/www.friedensplattform.at\/index.php?rest_route=%2Fwp%2Fv2%2Fcategories&post=4231"},{"taxonomy":"post_tag","embeddable":true,"href":"https:\/\/www.friedensplattform.at\/index.php?rest_route=%2Fwp%2Fv2%2Ftags&post=4231"}],"curies":[{"name":"wp","href":"https:\/\/api.w.org\/{rel}","templated":true}]}}