{"id":4235,"date":"2017-08-09T20:48:47","date_gmt":"2017-08-09T20:48:47","guid":{"rendered":"http:\/\/www.friedensplattform.at\/?p=4235"},"modified":"2017-08-09T20:48:47","modified_gmt":"2017-08-09T20:48:47","slug":"stellungnahme-zu-der-kampagne-gegen-die-arte-reportage-gaza-ist-das-ein-leben","status":"publish","type":"post","link":"https:\/\/www.friedensplattform.at\/?p=4235","title":{"rendered":"Stellungnahme zu der Kampagne gegen die arte-Reportage \u201eGaza: Ist das ein Leben?\u201c"},"content":{"rendered":"<p><img decoding=\"async\" title=\"Gaza\" src=\"http:\/\/www.ipk-bonn.de\/pics\/gaza.wired.jpg\" alt=\"Gaza\" hspace=\"8\" vspace=\"8\" \/><\/p>\n<p>Sendung vom 7.8.17 -&gt; <a href=\"https:\/\/www.arte.tv\/de\/videos\/076880-000-A\/gaza-ist-das-ein-leben\">https:\/\/www.arte.tv\/de\/videos\/076880-000-A\/gaza-ist-das-ein-leben<\/a><!--more--><\/p>\n<p>Sehr geehrte Frau Savin, sehr geehrter Herr Gesch\u00e4ftsf\u00fchrer Bergmann, sehr geehrter Herr Gesch\u00e4ftsf\u00fchrer Dr. Nievelstein,<\/p>\n<p>wir &#8211; der Vorstand des &#8218;Institut f\u00fcr Pal\u00e4stinakunde e.V., Bonn&#8216; sowie die <i><b>achtundachtzig<\/b><\/i> (Stand: 9. Aug.) Unterzeichner dieses Briefes &#8211; m\u00f6chten Ihnen hiermit daf\u00fcr <i><b>danken<\/b><\/i>, dass sich Ihr Haus <i>nicht<\/i> von den Anschuldigungen und Verzerrungen hat <i>einsch\u00fcchtern<\/i> lassen, die Ihnen in diesem &#8218;<a href=\"http:\/\/www.hagalil.com\/2017\/08\/offener-brief-an-arte\/\" target=\"_blank\" rel=\"noopener noreferrer\">Offener Brief an Arte<\/a>&#8218; bez\u00fcglich der Dokumentation \u201e<a href=\"http:\/\/www.arte.tv\/de\/videos\/076880-000-A\/gaza-ist-das-ein-leben\" target=\"_blank\" rel=\"noopener noreferrer\">Gaza: Ist das ein Leben?<\/a>\u201c entgegen gehalten wurden.<\/p>\n<p>Denn nicht eine einzige der Behauptungen der Verfasser dieses offenen Briefes &#8211; insbesondere die infamen Antisemitismus-Anschuldigungen &#8211; vermag einer seri\u00f6sen Pr\u00fcfung standzuhalten.<\/p>\n<p><b>Fakten<\/b><\/p>\n<p>Weder hat die Bezeichnung \u201eIntifada\u201c etwas mit dem T\u00f6ten von Zivilisten zu tun, Intifada bedeutet schlicht und ergreifend \u201eAbsch\u00fcttelung\u201c (der Besatzer), noch verbreitet die Webseite &#8218;<a href=\"https:\/\/electronicintifada.net\/\">The Electronic Intifada<\/a>&#8218; Antisemitismus &#8211; es sei denn, man h\u00e4lt die <i>illegale Besatzung<\/i>, Unterdr\u00fcckung und Vertreibung der Pal\u00e4stinenser durch Israel f\u00fcr <i>einen Teil des Judentums<\/i>.<\/p>\n<p>Die Behauptung der Verfasser, der Tod hunderter pal\u00e4stinensischer Zivilisten w\u00e4hrend des \u00dcberfalls 2014 sei Folge ihres Einsatzes als menschliche Schutzschilde, dient allein zur Rechtfertigung der israelischen M\u00f6rder. Denn nachdem Israel schon beim ersten Gro\u00dfangriff auf Gaza im Jahr 2008\/9 hunderte pal\u00e4stinensischer Zivilisten get\u00f6tet hatte, w\u00fcrden sich h\u00f6chsten <i>suizidale Pal\u00e4stinenser<\/i> <i>als menschliche Schutzschilde<\/i> gegen einen israelischen Angriff zur Verf\u00fcgung zu stellen.<br \/>\nUm den unglaublich <i>m\u00f6rderischen Charakter<\/i> des israelischen Angriffs des Jahres 2014 zu begreifen, muss man einfach nur die Opferzahlen &#8211; insbesondere das Verh\u00e4ltnis zwischen den get\u00f6teten K\u00e4mpfern und Zivilisten &#8211; in Relation zueinander setzen. Demzufolge war die Wahrscheinlichkeit f\u00fcr einen pal\u00e4stinensischen Zivilisten von israelischer Seite get\u00f6tet zu werden <i>drei\u00dfig mal gr\u00f6\u00dfer <\/i>als die Wahrscheinlichkeit f\u00fcr einen Zivilisten auf israelischer Seite (basierend auf den Zahlen der UN).<\/p>\n<p>Da\u00df Gaza heute \u00fcber keinen <i>Strom<\/i> verf\u00fcgt ist tats\u00e4chlich die Folge eines <i>Machtkampfs<\/i> zwischen der HAMAS in Gaza und der FATAH in der Westbank, der allein Folge der den Pal\u00e4stinensern von ihren Besatzern aufgezwungenen Politik des &#8218;<i>divide et impera<\/i>&#8218; ist.<br \/>\nUnd es sind nat\u00fcrlich ausschlie\u00dflich die illegale israelische <i>Belagerung und der Boykott<\/i>, welche die Bev\u00f6lkerung Gazas zu einem Leben in <i>perspektivloser Armut<\/i>, am Tropf externer Geldgeber verdammen &#8211; und nicht etwaige Verfehlungen &#8211; Korruption oder Veruntreuung &#8211; der HAMAS.<\/p>\n<p>Die Behauptung, Gaza sei nicht der am dichtesten besiedelte Ort der Welt ist ebenso irrelevant wie betr\u00fcgerisch. Es gibt schlicht keine einzige &#8222;Metropole&#8220; auf der Welt, in der nahezu <i>zwei Millionen Menschen<\/i> auf einer Fl\u00e4che von <i>19 x 19 Kilometern<\/i> <i>seit einem Jahrzehnt eingesperrt<\/i>, belagert und immer wieder bombardiert werden.<\/p>\n<p>Eine unversch\u00e4mte L\u00fcge ist zuletzt die Behauptung, die Belagerung und regelm\u00e4\u00dfige <i>Bombardierung<\/i> Gazas richte sich nicht gegen die pal\u00e4stinensische Bev\u00f6lkerung. Stand hinter der Bombardierung von <a href=\"http:\/\/www.independent.co.uk\/news\/world\/middle-east\/israel-gaza-crisis-eight-killed-in-gaza-strip-cafe-while-watching-world-cup-semi-final-9598542.html\">Strandcafes<\/a>, <a href=\"https:\/\/972mag.com\/watch-civilians-have-no-safe-place-to-go-in-gaza\/94518\/\">Wohnvierteln<\/a> und <a href=\"http:\/\/www.telegraph.co.uk\/news\/worldnews\/middleeast\/israel\/11282525\/Israeli-destruction-of-tower-blocks-were-war-crimes-says-Amnesty.html\">Wohnt\u00fcrmen<\/a> &#8211; ganz zu schweigen von <a href=\"https:\/\/www.theguardian.com\/world\/2014\/jul\/24\/israeli-strike-un-school-gaza-kills-women-children\">Schulen<\/a> oder auf dem Strand spielender <a href=\"http:\/\/www.mirror.co.uk\/news\/world-news\/harrowing-images-capture-palestinian-boys-3873689\">Kinder<\/a> &#8211; etwa nicht die Absicht, die pal\u00e4stinensische Zivil-Bev\u00f6lkerung zu t\u00f6ten oder zu terrorisieren?<br \/>\nAuf L\u00fcgen basiert auch die von den Verfasssern dazu vorgetragene Behauptung, Israels Vorgehen sei aufgrund des intensiven Raketenbesschusses aus Gaza gerechtfertigt gewesen. Unter diesem <a href=\"http:\/\/bit.ly\/vp-violations\" target=\"blank_\">Link<\/a> finden Sie eine detaillierte Aufstellung der Angriffe beider Seiten in der Zeit vor 2014, nebst einer <a href=\"https:\/\/visualizingpalestine.org\/visuals\/gaza-ceasefire-violations\" target=\"blank_\">Visualisierung<\/a>, die nahelegt, dass Israel auch in diesem Punkt nicht Opfer sondern T\u00e4ter war.<\/p>\n<p>Der wirkliche Grund f\u00fcr die Konzentration, Belagerung und Bombardierung von nahezu zwei Millionen Pal\u00e4stinensern in Gaza ist allein das von Israel <i>seit der Staatsgr\u00fcndung verfolgte Ziel<\/i>, in Pal\u00e4stina mit allen vorstellbaren und unvorstellbaren Mitteln <i>eine j\u00fcdische Mehrheit herbeizuf\u00fchren <\/i>und aufrecht zu erhalten.<\/p>\n<p>Einen <i>Eindruck<\/i> dessen, was die israelische Armee 2014 in Gaza angerichtet hat, gibt diese Web-Pr\u00e4sentation von Anne Paq: <a href=\"https:\/\/obliteratedfamilies.com\" target=\"blank_\">Obliterated Families<\/a>.<br \/>\n<b>Dank<\/b><\/p>\n<p>Hiermit m\u00f6chten wir uns nochmals ganz ausdr\u00fccklich daf\u00fcr <i>bedanken<\/i>, dass arte das <i>Schweigen \u00fcber die Katastrophe in Gaza<\/i> wenigstens f\u00fcr einen Augenblick <i>gebrochen<\/i> hat und bitten Sie, sehr geehrte Frau Savin, hiermit ausdr\u00fccklich darum, <i>diesen Dank<\/i> auch an die in dem offenen Brief genannten Herren Bergmann und Dr. Nievelstein <i>weiterzuleiten<\/i>.<\/p>\n<p>Mit freundlichen Gr\u00fc\u00dfen<\/p>\n<p>IPK-Vorstand<\/p>\n<p>Institut f\u00fcr Pal\u00e4stinakunde e.V., Bonn<br \/>\n53175 Wei\u00dfenburgstrasse 11<br \/>\n<a href=\"http:\/\/www.ipk-bonn.de\" target=\"blank_\">www.ipk-bonn.de<\/a><\/p>\n<p><b>Unterzeichner<\/b><\/p>\n<p><b>Organisationen<\/b>:a<br \/>\n&#8218;<a href=\"http:\/\/www.aki-rm.de\/\" target=\"blank_\">Arbeitskreis Internationalismus Rhein-Main<\/a>&#8218; (Wiesbaden); &#8218;<a href=\"http:\/\/neff.musterwebsite-evangelisch.de\" target=\"blank_\">Arbeitskreis Pal\u00e4stina im N\u00fcrnberger Evangelischen Forum f\u00fcr den Frieden<\/a>&#8218; (N\u00fcrnberg); &#8218;<a href=\"https:\/\/www.facebook.com\/bds.wiesbaden\/\" target=\"blank_\">BDS Wiesbaden <\/a>&#8218; (Wiesbaden); &#8218;<a href=\"https:\/\/bdsgruppebonn.wordpress.com\/\" target=\"blank_\">BDS-Gruppe Bonn<\/a>&#8218; (Bonn); &#8218;<a href=\"https:\/\/cafepalestinecolonia.wordpress.com\" target=\"blank_\">Cafe Palestine Colonia<\/a>&#8218; (Bergheim); &#8218;<a href=\"http:\/\/cafepalestinefreiburg.blogspot.de\/\" target=\"blank_\">Cafe Palestine Freiburg e.V.<\/a>&#8218; (Freiburg); &#8218;<a href=\"http:\/\/www.cafepalestine.ch\/\" target=\"blank_\">Caf\u00e9 Palestine Z\u00fcrich<\/a>&#8218; (Z\u00fcrich); &#8218;<a href=\"http:\/\/dpg-netz.de\/index.php?option=com_content&amp;task=view&amp;id=25&amp;Itemid=65\" target=\"blank_\">Deutsch Pal\u00e4stinensische Gesellschaft Hamburg<\/a>&#8218; (Hamburg); &#8218;<a href=\"http:\/\/netzwerk-gegen-rechts.org\/\" target=\"blank_\">Duisburger Netzwerk gegen Rechts<\/a>&#8218; (Duisburg); &#8218;<a href=\"https:\/\/www.facebook.com\/fraueninschwarzwien\/\" target=\"blank_\">Frauen in Schwarz<\/a>&#8218; (Wien); &#8218;<a href=\"http:\/\/www.free-palestine.ch\" target=\"blank_\">Free Palestine<\/a>&#8218; (Z\u00fcrich); &#8218;<a href=\"https:\/\/www.facebook.com\/gfpbern\/\" target=\"blank_\">Gerechtigkeit und Frieden in Pal\u00e4stina<\/a>&#8218; (Bern); &#8218;<a href=\"http:\/\/www.palaestina.ch\/index.php\/de\/\" target=\"blank_\">Gesellschaft Schweiz-Pal\u00e4stina<\/a>&#8218; (Schweiz); &#8218;<a href=\"http:\/\/friedensdienst.de\/organisation\/paedagoginnen-und-paedagogen-fuer-den-frieden-ppf\" target=\"blank_\">P\u00e4dagogInnen f\u00fcr den Frieden<\/a>&#8218; (Deutschland); &#8218;<a href=\"http:\/\/www.palaestina-solidaritaet.ch\" target=\"blank_\">Pal\u00e4stina-Solidarit\u00e4t Z\u00fcrich <\/a>&#8218; (Z\u00fcrich); &#8218;<a href=\"http:\/\/www.pal-ini-hd.de\/\" target=\"blank_\">Pal\u00e4stina\/Nahost-Initiative Heidelberg <\/a>&#8218; (Heidelberg); &#8218;<a href=\"http:\/\/palfo-ffm.de\/\" target=\"blank_\">Pal\u00e4stinaForum Nahost<\/a>&#8218; (Frankfurt am Main); &#8218;<a href=\"https:\/\/senderfreiespalaestina.de\/\" target=\"blank_\">Pal\u00e4stinakomitee Stuttgart e. V.<\/a>&#8218; (Stuttgart); &#8218;<a href=\"http:\/\/www.pgd-online.de\/\" target=\"blank_\">Pal\u00e4stinensische Gemeinde Deutschland<\/a>&#8218; (Bonn)<\/p>\n<p><b>Personen<\/b>:<br \/>\nPaula Abrams-Hourani, &#8218;European Jews for a Just Peace&#8216; (Wien); Erhard Arendt, &#8218;Pal\u00e4stina Portal&#8216; (Dortmund); H. A., &#8218;BDS-Gruppe Bonn&#8216; (Bonn); W. B. (Herdwangen-Sch\u00f6nach); Gabi Bieberstein, &#8218;Attac Deutschland&#8216; (Bielefeld); M. B. (Z\u00fcrich); Ruedi Bosshart (Z\u00fcrich); Volker Br\u00e4utigam; Kerstin Cardemartori, &#8218;LAG Gerechter Frieden in Nahost (DIE LINKE. Nds.)&#8216; (Hannover); Oliver Coste (M\u00fcnchen); Elias Davidsson, Komponist (Kirchen); H. D. (Duisburg); G. D. (Ulm); B. D., &#8218;GEW&#8216;; N. P. (Berlin); Margrit Dutt (Bern); Yasmin El-Hakim (Stuttgart); Franz Eschbach, &#8218;attac&#8216; (Karlsruhe); Ruth Fruchtman, Schriftstellerin (Berlin); B. G. (Herford); W. G. (S\u00e3o Paulo ); Karin Guth; Ute Hehr, &#8218;Pal\u00e4stinaForum Nahost&#8216; (Frankfurt am Main); Inge Hoeger, MdB, &#8218;DIE LINKE&#8216; (Berlin); Suraya Hoffmann, &#8218;Cafe Palestine Colonia&#8216; (Bergheim); E. H. (Karlsruhe); Norbert Jost (Berlin); J\u00fcrgen Jung, Schauspieler (M\u00fcnchen); Claudia Karas (Frankfurt am Main); Layla Kilani (Siegen); I. K. (Taunusstein); Annette Klepzig, &#8218;Pax Christi&#8216; (Wilhelmsfeld); Ruedi Knutti (Z\u00fcrich); A. K. (Huefingen); Uta K\u00f6nig, Filmemacherin u. Journalistin (M\u00fcnchen); A. K. (M\u00fcnchen); Wilhelm Langthaler (Wien); Dieter Lehmann, &#8218;Deutsch Pal\u00e4stinensische Gesellschaft&#8216; (Hamburg); Eva Lehmann, &#8218;Deutsch Pal\u00e4stinensische Gesellschaft&#8216; (Hamburg); Dr. Manfred Lotze (Hamburg); Prof Dr. Mohssen Massarrat, &#8218;Wissenschaftlicher Beirat attac&#8216; (Osnabr\u00fcck); Klaus Ma\u00dfmann, Pfarrer i.R. (Lotte); Ursula Mathern (Merxheim); A. M. (Hildesheim); H. M. (Uitikon); Dr. Izzeddin Musa (Wachtberg); Karin Nebauer (M\u00fcnchen); Philipp Nessling, Pfarrer i.R. (Essen); Elfi Padovan, &#8218;LAG Frieden (LINKE)&#8216; (M\u00fcnchen); Mary Pampalk, &#8218;Frauen in Schwarz&#8216; (Wien); Franz Poeschl, Apotheker (Bergisch-Gladbach); Gudrun Rei\u00df (Karlsbad- Auerbach); Hartmut Ring (Hamburg); Christoph Rinneberg, &#8218;Kairos-Pal\u00e4stina-Solidarit\u00e4tsnetz &#8218; (Wembach i.O.); Dr. Ingo Roer, Pfarrer i.R., &#8218;Pal\u00e4stinaForum Nahost&#8216; (Frankfurt am Main); Prof. em. Dorothee Roer, Professorin i.R., &#8218;Pal\u00e4stinaForum Nahost&#8216; (Frankfurt am Main); A. R.; Ingrid Rumpf, &#8218;Libanonhilfe e.V.&#8216; (Pfullingen); Ursula Sagmeister, &#8218;Frauen in Schwarz&#8216; (Wien); S. S. (Wuppertal); J. S. (Wiesbaden); G. S., &#8218;Collectif Jud\u00e9o Arabe et Citoyen pour la Palestine&#8216; (Strasbourg); G. S. (Ohlsbach); C. S. (Wiesbaden); R. S. (M\u00f6lln); Dr. Angelika Schneider (Bergisch Gladbach); Hans-G\u00fcnther Schramm, Berufsbetreuer (N\u00fcrnberg); Heinz-Peter Seidel, Musikwissenschaftler (Berln); M. S. (Neuss); Thomas Immanuel Steinberg, Mitglied der Naturfreunde, Hamburg (Hamburg); H. S. (Kassel); Dr. theol. Hans-Christoph Stoodt (Frankfurt am Main); M. S., &#8218;BDS-Gruppe Bonn&#8216; (Bonn); Verena Tobler-Linder (Z\u00fcrich); K. T. (N\u00fcrtingen); A. T. (Iserlohn); S. U. (Alfter); A. A. (Mainz); Dr. Angela Waldegg, K\u00fcnstlerin (Wien); Dr. Ludwig Watzal, Publizist (Bonn); Dr. Gabi Weber, &#8218;Cafe Palestine Freiburg e.V.&#8216; (Freiburg); S. W. (Bonn); A. W. (Barsinghausen); Dr. Ribhi Yousef (Duisburg); Annegret Zeilinger (Freiburg); Helmut Zeilinger (Freiburg); T. Z. (Duisburg)<\/p>\n<p>(ts)<\/p>\n","protected":false},"excerpt":{"rendered":"<p>Sendung vom 7.8.17 -&gt; https:\/\/www.arte.tv\/de\/videos\/076880-000-A\/gaza-ist-das-ein-leben<\/p>\n","protected":false},"author":3,"featured_media":0,"comment_status":"open","ping_status":"open","sticky":false,"template":"","format":"standard","meta":{"footnotes":""},"categories":[18],"tags":[],"class_list":["post-4235","post","type-post","status-publish","format-standard","hentry","category-palaestina-solidaritaet"],"_links":{"self":[{"href":"https:\/\/www.friedensplattform.at\/index.php?rest_route=\/wp\/v2\/posts\/4235","targetHints":{"allow":["GET"]}}],"collection":[{"href":"https:\/\/www.friedensplattform.at\/index.php?rest_route=\/wp\/v2\/posts"}],"about":[{"href":"https:\/\/www.friedensplattform.at\/index.php?rest_route=\/wp\/v2\/types\/post"}],"author":[{"embeddable":true,"href":"https:\/\/www.friedensplattform.at\/index.php?rest_route=\/wp\/v2\/users\/3"}],"replies":[{"embeddable":true,"href":"https:\/\/www.friedensplattform.at\/index.php?rest_route=%2Fwp%2Fv2%2Fcomments&post=4235"}],"version-history":[{"count":1,"href":"https:\/\/www.friedensplattform.at\/index.php?rest_route=\/wp\/v2\/posts\/4235\/revisions"}],"predecessor-version":[{"id":4236,"href":"https:\/\/www.friedensplattform.at\/index.php?rest_route=\/wp\/v2\/posts\/4235\/revisions\/4236"}],"wp:attachment":[{"href":"https:\/\/www.friedensplattform.at\/index.php?rest_route=%2Fwp%2Fv2%2Fmedia&parent=4235"}],"wp:term":[{"taxonomy":"category","embeddable":true,"href":"https:\/\/www.friedensplattform.at\/index.php?rest_route=%2Fwp%2Fv2%2Fcategories&post=4235"},{"taxonomy":"post_tag","embeddable":true,"href":"https:\/\/www.friedensplattform.at\/index.php?rest_route=%2Fwp%2Fv2%2Ftags&post=4235"}],"curies":[{"name":"wp","href":"https:\/\/api.w.org\/{rel}","templated":true}]}}