{"id":4238,"date":"2017-08-27T17:55:49","date_gmt":"2017-08-27T17:55:49","guid":{"rendered":"http:\/\/www.friedensplattform.at\/?p=4238"},"modified":"2017-08-27T17:58:20","modified_gmt":"2017-08-27T17:58:20","slug":"leserinnenbrief-von-paula-paula-abrams-houranifrauen-in-schwarz-zu-gudrun-harrer","status":"publish","type":"post","link":"https:\/\/www.friedensplattform.at\/?p=4238","title":{"rendered":"Leserinnenbrief von Paula Abrams-Hourani\/Frauen in Schwarz zu Gudrun Harrer"},"content":{"rendered":"<p>Leserinnenbrief von Paula Abrams-Hourani\/Frauen in Schwarz zu Gudrun Harrer &#8222;Mit Trumps gro\u00dfem Nahost-Deal geht nichts weiter&#8220; im Standard*:<br \/>\n<em>&#8230;Dass man noch immer vom &#8222;Friedensprozess&#8220; spricht wundert Ihre Leserin sehr, weil dieser &#8222;Prozess&#8220; schon lange tot ist.-&#8230;<\/em><\/p>\n<p><!--more--><\/p>\n<p>Sehr geehrte Frau Harrer,<br \/>\nSehr geehrte Standard Redaktion<\/p>\n<div class=\"text_exposed_show\">\n<p>Ich habe mit Interesse Frau Harrers Analyse vom Freitag, 25.8.2017, &#8222;Mit Trumps gro\u00dfem Nahost-Deal geht nichts weiter&#8220; gelesen.<\/p>\n<p>Vielleicht ist der Grund warum &#8222;nichts weiter geht&#8220;, und die Demonstration in Ramallah gegen den Besuch von Pr\u00e4sident Trumps Berater Jared Kushner und Jason Greenblatt, US-Sondergesandter f\u00fcr den &#8222;Friedensprozess&#8220;, stattgefunden hat, einfach die Tatsache, dass Jared Kushner nicht ganz unvoreingenommen ist was den Israel-Pal\u00e4stina &#8222;Konflikt&#8220; (Besatzung) betrifft. Es ist bekannt, dass er und seine Familie umstrittene gesch\u00e4ftliche Verbindungen zu Israel haben, und er einen weiteren Ausbau der j\u00fcdischen Kolonien in der West Bank stark bef\u00fcrwortet. Die Kushner Stiftung hat an die Kolonien gespendet <span style=\"font-size: xx-small;\"><u>(<a href=\"http:\/\/www.haaretz.com\/israel-news\/.premium-1.757068\" target=\"_blank\" rel=\"noopener noreferrer\" data-saferedirecturl=\"https:\/\/www.google.com\/url?hl=de&amp;q=http:\/\/www.haaretz.com\/israel-news\/.premium-1.757068&amp;source=gmail&amp;ust=1503941810513000&amp;usg=AFQjCNH56vfFl-IP_C_CFdRsPhHh9GdjJg\">http:\/\/www.haaretz.com\/israel<wbr \/>-news\/.premium-1.757068<\/a>) <\/u><\/span>\u00a0 und hat auch gesch\u00e4ftliche Verbindungen mit israelischen Gesch\u00e4ftm\u00e4nnern, Banken, usw. Es gibt sogar Behauptungen, dass die Familie mit Benny Steinmetz involviert war, der jetzt bekanntlich f\u00fcr Korruption unter Verdacht steht.<\/p>\n<p>Dass man noch immer vom &#8222;Friedensprozess&#8220; spricht wundert Ihre Leserin sehr, weil dieser &#8222;Prozess&#8220; schon lange tot ist. Der Grund daf\u00fcr k\u00f6nnte sein, dass die US-Verhandler seit langem Israel-Unterst\u00fctzer sind, z.B. u.a. Martin Indyk und Dennis Ross, die bekanntlich zur pro-Israel Lobby geh\u00f6ren. Jetzt ist der neue US Botschafter der umstrittene Hardliner David Friedman, ein starker Bef\u00fcrworter von &#8222;Greater Israel&#8220;. (Wir wissen ja, dass der israelkritische Amerikaner, Richard Falk, Professor f\u00fcr Internationales Recht, trotz seiner j\u00fcdischen Herkunft, wegen seiner kritischen Haltung zu Israel \u200bw\u00e4hrend seiner Amtszeit<br \/>\n\u200bniemals einreisen durfte, trotz seiner Ernennung zum Sondergesandten des UN-Menschenrechtsrats f\u00fcr die Pal\u00e4stinensischen Autonomiegebiete.)<\/p>\n<p>Es ist schade, dass es in Wien wie \u00fcberhaupt in den \u00fcbrigen westlichen Medien immer wieder L\u00fccken in der Information gibt, diesen &#8222;Konflikt&#8220; (Besatzung) betreffend. L\u00fcckenlose Information w\u00fcrde zu einem besseren Verstehen des Problems f\u00fchren.<\/p>\n<p>Ob das unabsichtlich geschieht oder wegen versteckter Zensur &#8211; vielleicht Selbstzensur &#8211; kann ich nur vermuten.<\/p>\n<p>Mit freundlichen Gr\u00fc\u00dfen,<\/p>\n<p>Paula Abrams-Hourani<\/p>\n<p>*<a href=\"http:\/\/derstandard.at\/2000063120008\/Mit-Trumps-grossem-Nahost-Deal-geht-nichts-weiter\" target=\"_blank\" rel=\"noopener noreferrer\" data-ft=\"{&quot;tn&quot;:&quot;-U&quot;}\" data-lynx-mode=\"async\" data-lynx-uri=\"https:\/\/l.facebook.com\/l.php?u=http%3A%2F%2Fderstandard.at%2F2000063120008%2FMit-Trumps-grossem-Nahost-Deal-geht-nichts-weiter&amp;h=ATNkQR7-BTI0PSM605nouWEcCWlbrAmRBFBvi-jWULd71FYtx_NRqlQlVpq6AF4dByRb24wKlbuX3fE6FQhUSHg8x7TUWYbNwlXmii08bflOgqrhVCBgyklGfgubuejsnxNtIVlcYcXtM1xTe9wQ2N5aGA5Hu2uz5_o3yz2e9Q_OQ8zUIYdBbhERLVBfJBbE-sp220tTI5Qa5erQaWi0c74XSjnqLqoc8TyCNw30mXwA37PV5hWkMKz21dKjab8bOzg2goTy7iorrgIBa3Uxm--Yv3s57FLjTrv-FSusUg\">http:\/\/derstandard.at\/\u2026\/Mit-Trumps-grossem-Nahost-Deal-geht\u2026<\/a><\/p>\n<\/div>\n","protected":false},"excerpt":{"rendered":"<p>Leserinnenbrief von Paula Abrams-Hourani\/Frauen in Schwarz zu Gudrun Harrer &#8222;Mit Trumps gro\u00dfem Nahost-Deal geht nichts weiter&#8220; im Standard*: &#8230;Dass man noch immer vom &#8222;Friedensprozess&#8220; spricht wundert Ihre Leserin sehr, weil dieser &#8222;Prozess&#8220; schon lange tot ist.-&#8230;<\/p>\n","protected":false},"author":3,"featured_media":0,"comment_status":"open","ping_status":"open","sticky":false,"template":"","format":"standard","meta":{"footnotes":""},"categories":[18],"tags":[],"class_list":["post-4238","post","type-post","status-publish","format-standard","hentry","category-palaestina-solidaritaet"],"_links":{"self":[{"href":"https:\/\/www.friedensplattform.at\/index.php?rest_route=\/wp\/v2\/posts\/4238","targetHints":{"allow":["GET"]}}],"collection":[{"href":"https:\/\/www.friedensplattform.at\/index.php?rest_route=\/wp\/v2\/posts"}],"about":[{"href":"https:\/\/www.friedensplattform.at\/index.php?rest_route=\/wp\/v2\/types\/post"}],"author":[{"embeddable":true,"href":"https:\/\/www.friedensplattform.at\/index.php?rest_route=\/wp\/v2\/users\/3"}],"replies":[{"embeddable":true,"href":"https:\/\/www.friedensplattform.at\/index.php?rest_route=%2Fwp%2Fv2%2Fcomments&post=4238"}],"version-history":[{"count":3,"href":"https:\/\/www.friedensplattform.at\/index.php?rest_route=\/wp\/v2\/posts\/4238\/revisions"}],"predecessor-version":[{"id":4241,"href":"https:\/\/www.friedensplattform.at\/index.php?rest_route=\/wp\/v2\/posts\/4238\/revisions\/4241"}],"wp:attachment":[{"href":"https:\/\/www.friedensplattform.at\/index.php?rest_route=%2Fwp%2Fv2%2Fmedia&parent=4238"}],"wp:term":[{"taxonomy":"category","embeddable":true,"href":"https:\/\/www.friedensplattform.at\/index.php?rest_route=%2Fwp%2Fv2%2Fcategories&post=4238"},{"taxonomy":"post_tag","embeddable":true,"href":"https:\/\/www.friedensplattform.at\/index.php?rest_route=%2Fwp%2Fv2%2Ftags&post=4238"}],"curies":[{"name":"wp","href":"https:\/\/api.w.org\/{rel}","templated":true}]}}