{"id":4254,"date":"2017-10-24T09:41:11","date_gmt":"2017-10-24T09:41:11","guid":{"rendered":"http:\/\/www.friedensplattform.at\/?p=4254"},"modified":"2017-10-24T09:43:22","modified_gmt":"2017-10-24T09:43:22","slug":"lizenz-zum-toeten-usa-wollen-befugnisse-der-cia-fuer-geheime-operationen-in-afghanistan-erweitern-sicherheitslage-weiter-verschlechtert-von-knut-mellenthin","status":"publish","type":"post","link":"https:\/\/www.friedensplattform.at\/?p=4254","title":{"rendered":"Lizenz zum T\u00f6ten  USA wollen Befugnisse der CIA f\u00fcr geheime Operationen in Afghanistan erweitern. \u00bbSicherheitslage\u00ab weiter verschlechtert Von Knut Mellenthin"},"content":{"rendered":"<h2>\u00bbSicherheitslage\u00ab weiter verschlechtert Von Knut Mellenthin<\/h2>\n<p>Die CIA will ihre Mordaktionen in Afghanistan ausdehnen. Im Vordergrund steht die gezielte Jagd auf lokale und regionale Kommandeure der Aufst\u00e4ndischen.<\/p>\n<p><!--more--><\/p>\n<p>Dabei soll der Auslandsgeheimdienst der USA vom Personal privater Sicherheitsdienste, sogenannten Contractors, und von \u00bbausgeliehenen\u00ab Angeh\u00f6rigen der Spezialeinheiten der US-Streitkr\u00e4fte unterst\u00fctzt werden. Das geht aus einem Bericht der <em>New York Times<\/em> hervor, der am Sonntag (Ortszeit) ver\u00f6ffentlicht wurde. Die Darstellung der Tageszeitung st\u00fctzt sich auf Informationen von zwei nicht namentlich genannten hochrangigen \u00bbOffiziellen\u00ab. Die CIA verweigerte eine Stellungnahme.<\/p>\n<p>Der <em>New York Times<\/em> zufolge soll die Ausweitung der CIA-Operationen von einer besonderen Abteilung des Geheimdienstes, der Special Activities Division, getragen werden. Sie verf\u00fcgt nur \u00fcber einige hundert Mitarbeiter, diew weltweit im Einsatz sind, und ist daher f\u00fcr die Ausweitung ihrer Aktivit\u00e4ten in Afghanistan auf die Kooperation der regul\u00e4ren Spezialeinheiten angewiesen. Das ist dort aber umstritten. Man f\u00fcrchtet, f\u00fcr Aktionen der CIA verantwortlich gemacht zu werden, bei denen h\u00e4ufig auch Zivilisten get\u00f6tet und verletzt werden, wie die <em>New York Times<\/em> schreibt. W\u00e4hrend die Streitkr\u00e4fte zumindest in der Theorie f\u00fcr ihre Operationen rechenschaftspflichtig sind, arbeitet die CIA im Schutz der Geheimhaltung.<\/p>\n<p>In der Amtszeit von Pr\u00e4sident Barack Obama hatte es unter dem damaligen CIA-Chef John O. Brennan Bestrebungen gegeben, die ausgeuferten milit\u00e4rischen Aktivit\u00e4ten des Auslandsgeheimdienstes einzuschr\u00e4nken und seine Rolle st\u00e4rker auf die klassischen Aufgaben der Nachrichtengewinnung, der Einflussnahme auf politische Prozesse und der Lieferung von Analysen und Handlungsvorschl\u00e4gen zu konzentrieren. Aber seit Donald Trump im Januar ins Wei\u00dfe Haus einzog, geht unter Brennans Nachfolger Michael \u00bbMike\u00ab Pompeo vom Tea-Party-Fl\u00fcgel der Republikaner der Trend wieder in die Gegenrichtung. Schon am 15. September hatte die <em>New York Times<\/em> berichtet, dass der Geheimdienst darauf dr\u00e4nge, in Afghanistan auch unbemannte Flugk\u00f6rper f\u00fcr gezielte T\u00f6tungen einsetzen zu d\u00fcrfen. Das ist dort bisher dem Milit\u00e4r vorbehalten \u2013 anders als im benachbarten Pakistan, wo die Kompetenz f\u00fcr den Einsatz bewaffneter Drohnen bei der CIA liegt.<\/p>\n<div class=\"row Anzeige Ad-300\">\n<div class=\"portfolio-item\">\n<p><a href=\"https:\/\/www.jungewelt.de\/regio\/\">Ob Stadt, ob Land: Der Kompass f\u00fcr Bildungsreisen hei\u00dft hier <i>Regio<\/i>. Er f\u00fchrt zu Artikeln mit regionalen Bez\u00fcgen im Archiv von <i>junge Welt<\/i>, das bis 1997 zur\u00fcckreicht. Und mit einer speziellen Suche l\u00e4sst sich unter den Schlagw\u00f6rtern auch thematisch filtern. Begleiten Sie uns!<\/a><\/p>\n<\/div>\n<\/div>\n<p>Indessen verschlechtert sich die \u00bbSicherheitslage\u00ab in Afghanistan weiter. In der vergangenen Woche soll die Zahl der zivilen und milit\u00e4rischen Opfer von Angriffen und Anschl\u00e4gen mit mindestens 250 Toten einen historischen H\u00f6chststand erreicht haben. Nicht f\u00fcr alle Attentate sind die Taliban verantwortlich. So kam der Auftrag f\u00fcr den Selbstmordbomber, der am Freitag 56 Menschen in einer schiitischen Moschee in Kabul t\u00f6tete, von der Terrororganisation \u00bbIslamischer Staat\u00ab. Es war bereits der dritte Sprengstoffanschlag des IS in einer schiitischen Moschee der Hauptstadt innerhalb der letzten zwei Monate. Bei solchen Attentaten waren Ende August und Ende September insgesamt 35 Menschen get\u00f6tet worden.<\/p>\n<p>Die deutschen Beh\u00f6rden ficht das nicht an. Am heutigen Dienstag wollen sie erneut ein Flugzeug mit abgelehnten Asylbewerbern nach Afghanistan starten lassen. Dabei hatte einem Bericht von <em>Spiegel online<\/em> vom Montag zufolge das Bundesverkehrsministerium erst am 17. Oktober alle deutschen und europ\u00e4ischen Airlines wegen drohender Raketenangriffe vor Fl\u00fcgen nach Kabul gewarnt.<\/p>\n<p>Quelle: junge Welt 24.10.17<\/p>\n","protected":false},"excerpt":{"rendered":"<p>\u00bbSicherheitslage\u00ab weiter verschlechtert Von Knut Mellenthin Die CIA will ihre Mordaktionen in Afghanistan ausdehnen. Im Vordergrund steht die gezielte Jagd auf lokale und regionale Kommandeure der Aufst\u00e4ndischen.<\/p>\n","protected":false},"author":2,"featured_media":0,"comment_status":"open","ping_status":"open","sticky":false,"template":"","format":"standard","meta":{"footnotes":""},"categories":[1],"tags":[],"class_list":["post-4254","post","type-post","status-publish","format-standard","hentry","category-allgemein"],"_links":{"self":[{"href":"https:\/\/www.friedensplattform.at\/index.php?rest_route=\/wp\/v2\/posts\/4254","targetHints":{"allow":["GET"]}}],"collection":[{"href":"https:\/\/www.friedensplattform.at\/index.php?rest_route=\/wp\/v2\/posts"}],"about":[{"href":"https:\/\/www.friedensplattform.at\/index.php?rest_route=\/wp\/v2\/types\/post"}],"author":[{"embeddable":true,"href":"https:\/\/www.friedensplattform.at\/index.php?rest_route=\/wp\/v2\/users\/2"}],"replies":[{"embeddable":true,"href":"https:\/\/www.friedensplattform.at\/index.php?rest_route=%2Fwp%2Fv2%2Fcomments&post=4254"}],"version-history":[{"count":2,"href":"https:\/\/www.friedensplattform.at\/index.php?rest_route=\/wp\/v2\/posts\/4254\/revisions"}],"predecessor-version":[{"id":4256,"href":"https:\/\/www.friedensplattform.at\/index.php?rest_route=\/wp\/v2\/posts\/4254\/revisions\/4256"}],"wp:attachment":[{"href":"https:\/\/www.friedensplattform.at\/index.php?rest_route=%2Fwp%2Fv2%2Fmedia&parent=4254"}],"wp:term":[{"taxonomy":"category","embeddable":true,"href":"https:\/\/www.friedensplattform.at\/index.php?rest_route=%2Fwp%2Fv2%2Fcategories&post=4254"},{"taxonomy":"post_tag","embeddable":true,"href":"https:\/\/www.friedensplattform.at\/index.php?rest_route=%2Fwp%2Fv2%2Ftags&post=4254"}],"curies":[{"name":"wp","href":"https:\/\/api.w.org\/{rel}","templated":true}]}}