{"id":4264,"date":"2017-10-28T18:45:32","date_gmt":"2017-10-28T18:45:32","guid":{"rendered":"http:\/\/www.friedensplattform.at\/?p=4264"},"modified":"2017-11-17T08:05:59","modified_gmt":"2017-11-17T08:05:59","slug":"14-11-vortrag-mit-dr-boniface-mabanza","status":"publish","type":"post","link":"https:\/\/www.friedensplattform.at\/?p=4264","title":{"rendered":"14.11. Vortrag mit Dr. Boniface Mabanza"},"content":{"rendered":"<p><a href=\"http:\/\/www.friedensplattform.at\/wp-content\/uploads\/2017\/10\/boniface-mabanza_2017.jpg\"><img loading=\"lazy\" decoding=\"async\" class=\"alignnone  wp-image-4271\" src=\"http:\/\/www.friedensplattform.at\/wp-content\/uploads\/2017\/10\/boniface-mabanza_2017-300x300.jpg\" alt=\"\" width=\"158\" height=\"158\" srcset=\"https:\/\/www.friedensplattform.at\/wp-content\/uploads\/2017\/10\/boniface-mabanza_2017-300x300.jpg 300w, https:\/\/www.friedensplattform.at\/wp-content\/uploads\/2017\/10\/boniface-mabanza_2017-150x150.jpg 150w, https:\/\/www.friedensplattform.at\/wp-content\/uploads\/2017\/10\/boniface-mabanza_2017.jpg 360w\" sizes=\"auto, (max-width: 158px) 100vw, 158px\" \/><\/a><\/p>\n<p><a href=\"http:\/\/www.friedensplattform.at\/wp-content\/uploads\/2017\/10\/Einladung_Dr_Mabanza_.pdf\">Einladung_Dr_Mabanza_<\/a><\/p>\n<p><strong>EPAs: Neue Partnerschaft oder Fortsetzung neokolonialer Ausbeutung?<\/strong><\/p>\n<p><strong>Auswirkungen der EU-Handelspolitik auf afrikanische L\u00e4nder <\/strong><!--more--><\/p>\n<p>Vortrag und Diskussion mit<\/p>\n<p>&nbsp;<\/p>\n<p><strong>Dr. Boniface Mabanza, Heidelberg<\/strong><\/p>\n<p><strong>zum European-Partnership-Agreement (EPA)<\/strong><\/p>\n<p><strong>dem Freihandelsabkommen zwischen der EU und 48 afrikanischen Staaten<\/strong><\/p>\n<p><strong>\u00a0<\/strong><\/p>\n<p>\u201eVon Fluchtursachen zu sprechen und ein Handelssystem zu ignorieren, das sich wie Krieg gegen die Armen auswirkt und wie jeder Krieg, Fl\u00fcchtlinge produziert, kann nur mit einer gest\u00f6rten Selbst- und Fremdwahrnehmung erkl\u00e4rt werden. Die Wirtschaftspartnerschaftsabkommen von heute sind ein Teppich f\u00fcr die Fl\u00fcchtlinge von morgen.\u201c<\/p>\n<p>&nbsp;<\/p>\n<p>&nbsp;<\/p>\n<ol start=\"14\">\n<li><strong> November 2017, <\/strong><strong>Dienstag<\/strong><\/li>\n<\/ol>\n<p><strong>19:00<\/strong><\/p>\n<p><strong>Quartier Leech \/ AAI Graz Leechgasse 24 \/ 1. <\/strong><strong>Stock<\/strong><\/p>\n<p><strong>\u00a0<\/strong><\/p>\n<p><strong>\u00a0<\/strong><\/p>\n<p><strong>\u00a0<\/strong><\/p>\n<p><strong>\u00a0<\/strong><\/p>\n<table>\n<tbody>\n<tr>\n<td width=\"92\"><\/td>\n<td width=\"191\"><\/td>\n<td width=\"47\"><\/td>\n<td width=\"166\"><\/td>\n<\/tr>\n<tr>\n<td><\/td>\n<td rowspan=\"2\"><\/td>\n<td><\/td>\n<td><\/td>\n<\/tr>\n<tr>\n<td><\/td>\n<\/tr>\n<\/tbody>\n<\/table>\n<p><strong>\u00a0<\/strong><\/p>\n<p><strong>\u00a0<\/strong><\/p>\n<p><strong>\u00a0<\/strong><\/p>\n<p><strong>\u00a0<\/strong><\/p>\n<p><strong>\u00a0<\/strong><\/p>\n<p><strong>\u00a0<\/strong><\/p>\n<table>\n<tbody>\n<tr>\n<td width=\"73\"><\/td>\n<td width=\"168\"><\/td>\n<td width=\"34\"><\/td>\n<td width=\"228\"><\/td>\n<td width=\"28\"><\/td>\n<td width=\"147\"><\/td>\n<\/tr>\n<tr>\n<td><\/td>\n<td><\/td>\n<td><\/td>\n<td rowspan=\"2\"><\/td>\n<td><\/td>\n<td rowspan=\"3\"><\/td>\n<\/tr>\n<tr>\n<td><\/td>\n<\/tr>\n<tr>\n<td><\/td>\n<\/tr>\n<\/tbody>\n<\/table>\n<p><strong>\u00a0<\/strong><\/p>\n<p>&nbsp;<\/p>\n<p>Bild:<u>Creative Commons Attribution-ShareAlike 3.0 license<\/u> and <u>GNU Free Documentation License<\/u>.<\/p>\n<p>&nbsp;<\/p>\n<p>Imp<a href=\"http:\/\/www.friedensplattform.at\/\">: www.friedensplattform.at<\/a><\/p>\n","protected":false},"excerpt":{"rendered":"<p>Einladung_Dr_Mabanza_ EPAs: Neue Partnerschaft oder Fortsetzung neokolonialer Ausbeutung? Auswirkungen der EU-Handelspolitik auf afrikanische L\u00e4nder<\/p>\n","protected":false},"author":2,"featured_media":0,"comment_status":"open","ping_status":"open","sticky":false,"template":"","format":"standard","meta":{"footnotes":""},"categories":[1],"tags":[],"class_list":["post-4264","post","type-post","status-publish","format-standard","hentry","category-allgemein"],"_links":{"self":[{"href":"https:\/\/www.friedensplattform.at\/index.php?rest_route=\/wp\/v2\/posts\/4264","targetHints":{"allow":["GET"]}}],"collection":[{"href":"https:\/\/www.friedensplattform.at\/index.php?rest_route=\/wp\/v2\/posts"}],"about":[{"href":"https:\/\/www.friedensplattform.at\/index.php?rest_route=\/wp\/v2\/types\/post"}],"author":[{"embeddable":true,"href":"https:\/\/www.friedensplattform.at\/index.php?rest_route=\/wp\/v2\/users\/2"}],"replies":[{"embeddable":true,"href":"https:\/\/www.friedensplattform.at\/index.php?rest_route=%2Fwp%2Fv2%2Fcomments&post=4264"}],"version-history":[{"count":3,"href":"https:\/\/www.friedensplattform.at\/index.php?rest_route=\/wp\/v2\/posts\/4264\/revisions"}],"predecessor-version":[{"id":4272,"href":"https:\/\/www.friedensplattform.at\/index.php?rest_route=\/wp\/v2\/posts\/4264\/revisions\/4272"}],"wp:attachment":[{"href":"https:\/\/www.friedensplattform.at\/index.php?rest_route=%2Fwp%2Fv2%2Fmedia&parent=4264"}],"wp:term":[{"taxonomy":"category","embeddable":true,"href":"https:\/\/www.friedensplattform.at\/index.php?rest_route=%2Fwp%2Fv2%2Fcategories&post=4264"},{"taxonomy":"post_tag","embeddable":true,"href":"https:\/\/www.friedensplattform.at\/index.php?rest_route=%2Fwp%2Fv2%2Ftags&post=4264"}],"curies":[{"name":"wp","href":"https:\/\/api.w.org\/{rel}","templated":true}]}}