{"id":4274,"date":"2017-10-29T15:10:03","date_gmt":"2017-10-29T15:10:03","guid":{"rendered":"http:\/\/www.friedensplattform.at\/?p=4274"},"modified":"2017-10-29T15:10:03","modified_gmt":"2017-10-29T15:10:03","slug":"sozialforumassembly-of-resistances-osteuropa-im-aufbau","status":"publish","type":"post","link":"https:\/\/www.friedensplattform.at\/?p=4274","title":{"rendered":"Sozialforum\/Assembly of Resistances Osteuropa im Aufbau"},"content":{"rendered":"<p>Am 17.10.2017 traf sich in Graz, im Cuntra MachHalla, eine Gruppe von Interessierten zur Auftaktveranstaltung f\u00fcr den Weiteraufbau der Sozialforumsbewegung f\u00fcr Mittel- und Ost-Europa.<!--more--><\/p>\n<p>Hermann Dworczak (Mitinitator der Weltsozialforumsbewegung) gab einen kurzen \u00dcberblick \u00fcber die Entwicklung der Sozialforumsbewegung bis heute und die Motivation f\u00fcr den\u00a0Aufbau einer <b>Assembly of Resistances<\/b> f\u00fcr Mittel-, S\u00fcd- und Ost-Europa.<\/p>\n<p>Die \u201eAssembly of Resistances\u201c bildet eine breite Klammer f\u00fcr alle sozial engagierten kritischen Menschen und soll zu grenz\u00fcberschreitenden, gemeinsamen Aktionen f\u00fchren. Da das Sozialforum eine Basis f\u00fcr die Bewusstmachung der Probleme und Fragen der Zeit, angefangen von der Umwelt bis hin zur Migration ist, wurde als organisatorisch-<wbr \/>programmatischer Ausdruck der Name \u201eAssembly of Resistences\u201c gew\u00e4hlt. Widerstand wird bewusst in der Mehrzahlform verwendet.<\/p>\n<p>Die Bezeichnung ist Resultat von Reflektionen \u00fcber notwendige Ver\u00e4nderungen in der Sozialforumsbewegung. Die Sozialforen der Vergangenheit waren teilweise zu analyse- und berichtslastig. Was zu kurz kam, waren GEMEINSAME INTERNATIONALE\u00a0AKTIONEN. Die Assembly of Resistances setzt daher von Anfang an den Schwerpunkt auf m\u00f6gliche gemeinsame Aktionen.<\/p>\n<p>In der Gruppe im Cuntra MachHalla wurden einige der Themenm\u00f6glichkeiten diskutiert: So etwa gemeinsame Aktionen mit AktivistInnen in Slowenien zur Verhinderung der Mur-Zerst\u00f6rung in \u00d6sterreich und Slowenien, oder Schwerpunktsetzung auf die Ausbeutung osteurop\u00e4ischer Arbeitskr\u00e4fte durch \u00f6sterreichische Firmen bzw. die sozialen Fragen im Spannungsfeld der neoliberalen Politik im Zusammenhang mit dem West- Ost- Wohlstandgef\u00e4lle \u00fcberhaupt.<\/p>\n<p>Die Kernidee ist, ein Forum f\u00fcr Menschen zu schaffen, die international etwas bewirken wollen, gem\u00e4\u00df dem Slogan: Gemeinsam sind wir stark! Es gab bereits Sozialforentreffen f\u00fcr Mittel- und Osteuropa 2013\u00a0in Wien\u00a0und 2015 \u00a0in Wroclaw\/Polen und internationale \u00a0Vorbereitungssitzungen f\u00fcr die &#8222;Assembly of Reistances&#8220;\u00a0Februar\u00a02018\u00a0in Budapest: \u00a0in Budapest (Sommer 2017) und Wien (September 2017). Bei den Treffen diskutierten AktivistInnen aus Russland, Mazedonien, Ukraine, Slowakei, Tschechien, Ungarn, Kosovo und \u00d6sterreich \u00fcber \u00a0m\u00f6gliche gemeinsame Aktionsschwerpunkte.<\/p>\n<p>Aktuell ist die\u00a0Assembly of Resistances f\u00fcr Februar\u00a02018 in Budapest in Planung.\u00a0Interessierte sind eingeladen, sich in die inhaltliche Deabatte, den Organisationsprozess und die Planung einzubringen. Die n\u00e4chste internationale Vorbereitungssitzung wird Anfang Dezember in Bratislava\u00a0stattfinden.<\/p>\n<p>Das Treffen in Graz gab den Ansto\u00df f\u00fcr die Vernetzung von AktivistInnengruppen in der Steiermark mit dem Ziel der Vernetzung mit\u00a0 AktivistInnengruppen in den angrenzenden Regionen\/L\u00e4ndern. Denn nur gemeinsam kann den verschiedenen Ausformungen der neoliberalen zerst\u00f6rerischen Ausbeutungspolitik wirkm\u00e4chtig entgegnet werden.<\/p>\n","protected":false},"excerpt":{"rendered":"<p>Am 17.10.2017 traf sich in Graz, im Cuntra MachHalla, eine Gruppe von Interessierten zur Auftaktveranstaltung f\u00fcr den Weiteraufbau der Sozialforumsbewegung f\u00fcr Mittel- und Ost-Europa.<\/p>\n","protected":false},"author":3,"featured_media":0,"comment_status":"open","ping_status":"open","sticky":false,"template":"","format":"standard","meta":{"footnotes":""},"categories":[7,21],"tags":[],"class_list":["post-4274","post","type-post","status-publish","format-standard","hentry","category-asf-bewegung","category-veranstaltungshinweise"],"_links":{"self":[{"href":"https:\/\/www.friedensplattform.at\/index.php?rest_route=\/wp\/v2\/posts\/4274","targetHints":{"allow":["GET"]}}],"collection":[{"href":"https:\/\/www.friedensplattform.at\/index.php?rest_route=\/wp\/v2\/posts"}],"about":[{"href":"https:\/\/www.friedensplattform.at\/index.php?rest_route=\/wp\/v2\/types\/post"}],"author":[{"embeddable":true,"href":"https:\/\/www.friedensplattform.at\/index.php?rest_route=\/wp\/v2\/users\/3"}],"replies":[{"embeddable":true,"href":"https:\/\/www.friedensplattform.at\/index.php?rest_route=%2Fwp%2Fv2%2Fcomments&post=4274"}],"version-history":[{"count":1,"href":"https:\/\/www.friedensplattform.at\/index.php?rest_route=\/wp\/v2\/posts\/4274\/revisions"}],"predecessor-version":[{"id":4275,"href":"https:\/\/www.friedensplattform.at\/index.php?rest_route=\/wp\/v2\/posts\/4274\/revisions\/4275"}],"wp:attachment":[{"href":"https:\/\/www.friedensplattform.at\/index.php?rest_route=%2Fwp%2Fv2%2Fmedia&parent=4274"}],"wp:term":[{"taxonomy":"category","embeddable":true,"href":"https:\/\/www.friedensplattform.at\/index.php?rest_route=%2Fwp%2Fv2%2Fcategories&post=4274"},{"taxonomy":"post_tag","embeddable":true,"href":"https:\/\/www.friedensplattform.at\/index.php?rest_route=%2Fwp%2Fv2%2Ftags&post=4274"}],"curies":[{"name":"wp","href":"https:\/\/api.w.org\/{rel}","templated":true}]}}